{"id":2583,"date":"2017-06-21T04:30:36","date_gmt":"2017-06-21T02:30:36","guid":{"rendered":"http:\/\/lemotdujour.fr\/?p=2583"},"modified":"2021-09-29T10:40:48","modified_gmt":"2021-09-29T08:40:48","slug":"mercredi-21-juin-2017","status":"publish","type":"post","link":"https:\/\/lemotdujour.fr\/?p=2583","title":{"rendered":"Mercredi 21 juin 2017"},"content":{"rendered":"<div class=\"mdjTexte\">\t\u00ab&nbsp;Le triomphe de Macron pose un probl\u00e8me d\u2019\u00e9thique d\u00e9mocratique et de repr\u00e9sentativit\u00e9 des partis.&nbsp;\u00bb<\/div>\n<div class=\"mdjAuteur\">\tJean Garrigues<\/div>\n<p><span style=\"color: #777777; font-family: Arial;\">La semaine derni\u00e8re, apr\u00e8s le premier tour des l\u00e9gislatives, mon ami Marc m&rsquo;a \u00e9crit&nbsp;: \u00ab&nbsp;Je compte sur toi pour que tu inspires nos r\u00e9flexions sur la repr\u00e9sentativit\u00e9 d&rsquo;un parlement quand plus d&rsquo;un \u00e9lecteur (inscrit sur les listes \u00e9lectorales) sur deux a choisi de ne pas voter&nbsp;\u00bb<br \/>\n<\/span><\/p>\n<p><span style=\"color: #777777; font-family: Arial;\">J&rsquo;ai pr\u00e9f\u00e9r\u00e9 me taire entre les deux tours. J&rsquo;ai eu raison, il y a bien triomphe des Macronistes, mais un peu plus modeste que celui que pr\u00e9voyait les sondeurs apr\u00e8s le premier Tour.<br \/>\n<\/span><\/p>\n<p><span style=\"color: #777777; font-family: Arial;\">Emmanuel Macron, avec beaucoup de talent, une vision d&rsquo;entrepreneur de start up nous a jou\u00e9 cette pi\u00e8ce que les plus audacieux tentent&nbsp;: \u00ab&nbsp;sur un malentendu cela peut passer&nbsp;!\u00bb.<br \/>\n<\/span><\/p>\n<p><span style=\"color: #777777; font-family: Arial;\">Je ne rappelle pas toutes ces \u00e9tapes qui ont conduit d&rsquo;abord Macron \u00e0 obtenir au 1<sup>er<\/sup> tour des pr\u00e9sidentielles 24,01 % des suffrages exprim\u00e9s ce qui repr\u00e9sentait 18,19% des inscrits et ses candidats au premier tour des l\u00e9gislatives 32,32%&nbsp;des suffrages exprim\u00e9s (La R\u00e9publique en marche (REM) 28,20 et MODEM 4,12). Mais si on rapporte ces suffrages par rapport aux inscrits, le taux n&rsquo;est plus que de 15,39%.<br \/>\n<\/span><\/p>\n<p><span style=\"color: #777777; font-family: Arial;\">Par la gr\u00e2ce du syst\u00e8me \u00e9lectoral, du positionnement des candidats macronistes et des institutions de la 5<sup>\u00e8me<\/sup> R\u00e9publique, \u00e0 partir de 32,32% des voix, la majorit\u00e9 pr\u00e9sidentielle (REM et MODEM) a eu au second tour <a href=\"https:\/\/www.interieur.gouv.fr\/Elections\/Elections-legislatives-2017\/Second-tour-des-elections-legislatives-les-resultats\">350<\/a> \u00e9lus sur 577, ce qui repr\u00e9sente 60,66 % des si\u00e8ges. C&rsquo;est ce que l&rsquo;on peut appeler un coefficient multiplicateur de la 5<sup>\u00e8me<\/sup> r\u00e9publique, il est ici de 1,88.<br \/>\n<\/span><\/p>\n<p><span style=\"color: #777777; font-family: Arial;\">Nous aimons nous comparer.<br \/>\n<\/span><\/p>\n<p><span style=\"color: #777777; font-family: Arial;\">En Grande Bretagne, viennent aussi de se d\u00e9rouler des \u00e9lections l\u00e9gislatives. C&rsquo;est comme chez nous, mais il n&rsquo;y a qu&rsquo;un tour, celui qui est arriv\u00e9 en t\u00eate gagne. Le Parti Conservateur de Theresa May a eu 42,4% des exprim\u00e9s et quand m\u00eame 29,14% des inscrits. Toujours est-il qu&rsquo;avec 42,4% des voix elle a obtenu 317 si\u00e8ges des 650 ce qui repr\u00e9sente 48,8% des si\u00e8ges. Il y a un coefficient multiplicateur britannique mais modeste 1,15.<br \/>\n<\/span><\/p>\n<p><span style=\"color: #777777; font-family: Arial;\">Celui qui est arriv\u00e9 second \u00e9tait le Labour de Corbyn qui avec 40,0% des voix a obtenu 40,3% des si\u00e8ges, on peut parler d&rsquo;un coefficient de stabilisation.<br \/>\n<\/span><\/p>\n<p><span style=\"color: #777777; font-family: Arial;\">Voil\u00e0 comment cela se passe dans le pays qui a invent\u00e9 la d\u00e9mocratie parlementaire moderne.<br \/>\n<\/span><\/p>\n<p><span style=\"color: #777777; font-family: Arial;\">Chez nos amis allemands, le syst\u00e8me \u00e9lectoral est plus compliqu\u00e9 mais en r\u00e9sum\u00e9 il aboutit \u00e0 une repr\u00e9sentation proportionnelle pour tous les partis qui ont obtenu plus de 5% des voix. \u00a8Par construction ce syst\u00e8me \u00e9lectoral conduit \u00e0 une repr\u00e9sentation proportionn\u00e9e entre les voix exprim\u00e9s et les si\u00e8ges. Il y a un petit coefficient multiplicateur qui provient du fait que les partis ayant des si\u00e8ges r\u00e9cup\u00e8rent la proportion abandonn\u00e9e par les partis ayant obtenu moins de 5%<br \/>\n<\/span><\/p>\n<p><span style=\"color: #777777; font-family: Arial;\">Bref, nous comprenons toute l&rsquo;incongruit\u00e9 de notre syst\u00e8me \u00e9lectoral en le comparant. Ce n&rsquo;est pas un syst\u00e8me d\u00e9mocratique, c&rsquo;est une organisation qui vise \u00e0 donner une majorit\u00e9 \u00e0 un homme, m\u00eame s&rsquo;il a \u00e9t\u00e9 \u00e9lu sur un malentendu.<br \/>\n<\/span><\/p>\n<p><span style=\"color: #777777; font-family: Arial;\">Ce ph\u00e9nom\u00e8ne \u00e9tait d\u00e9j\u00e0 \u00e0 l&rsquo;\u0153uvre en 2012 avec Fran\u00e7ois Hollande. La majorit\u00e9 socialiste avait obtenu 39,86% des voix exprim\u00e9s et 57,37% des si\u00e8ges avec un coefficient multiplicateur fran\u00e7ais de 1,44 toujours incongru par rapport \u00e0 nos voisins mais largement inf\u00e9rieur au r\u00e9sultat de cette ann\u00e9e. Je sais bien que techniquement cela s&rsquo;explique tr\u00e8s bien gr\u00e2ce au scrutin majoritaire \u00e0 deux tours o\u00f9 il faut \u00eatre en capacit\u00e9 d&rsquo;attirer des \u00e9lecteurs qui n&rsquo;ont pas vot\u00e9 pour vous au premier tour, ce qui est encore facilit\u00e9 si vous vous trouvez au centre de l&rsquo;\u00e9chiquier et qu&rsquo;un \u00e9lecteur de gauche pr\u00e9f\u00e9rera un candidat \u00ab\u00a0En marche\u00a0\u00bb contre un&nbsp; candidat de droite et un \u00e9lecteur de droite un candidat en Marche \u00e0 un candidat de gauche.<br \/>\n<\/span><\/p>\n<p><span style=\"color: #777777; font-family: Arial;\">Nous pouvons \u00eatre cependant rassur\u00e9 puisqu&rsquo;au lendemain du premier tour, les sondeurs avait pr\u00e9vu plus de 70 % des si\u00e8ges pour la majorit\u00e9 pr\u00e9sidentielle et que nous sommes en de\u00e7\u00e0. C&rsquo;est sur cette base que l&rsquo;historien Jean Garrigues avait r\u00e9pondu la phrase que j&rsquo;ai mis en exergue, dans un entretien \u00e0 <span style=\"color: #0000ff;\"><a style=\"color: #0000ff;\" href=\"https:\/\/www.challenges.fr\/elections-legislatives-2017\/le-triomphe-de-macron-a-l-assemblee-du-jamais-vu-sous-la-veme-republique_479643\">Challenges<\/a><\/span>. On constate, par la comparaison avec nos pays voisins, que cette opinion reste parfaitement exacte \u00e0 60%.<br \/>\n<\/span><\/p>\n<p><span style=\"color: #777777; font-family: Arial;\">Le plus instructif est quand m\u00eame <span style=\"color: #0000ff;\"><a style=\"color: #0000ff;\" href=\"http:\/\/www.lefigaro.fr\/elections\/legislatives\/2017\/06\/14\/38001-20170614ARTFIG00219-quand-macron-fustigeait-l-idee-d-une-majorite-plethorique-un-hold-up-selon-lui.php\">qu&rsquo;Emmanuel Macron a conceptualis\u00e9<\/a><\/span> lui m\u00eame l&rsquo;incongruit\u00e9 de cette situation. Je cite le futur Pr\u00e9sident jupit\u00e9rien&nbsp; :&nbsp; \u00ab<span style=\"color: #993300;\">Dans tous les sondages, aucun candidat ne fait r\u00e9solument plus de 25%. Alors oui, y&rsquo;en a qui ont des partis, des vieux partis, avec beaucoup d&rsquo;int\u00e9r\u00eats. Mais est-ce que quelqu&rsquo;un peut penser raisonnablement que, \u00e9lu pr\u00e9sident, il aura une majorit\u00e9 pr\u00e9sidentielle uniquement avec son parti?\u00bb, s&rsquo;interrogeait le futur chef de l&rsquo;Etat. \u00abMoi je n&rsquo;y crois pas\u00bb, ajoutait Emmanuel Macron. Avant de marteler: \u00ab<strong>Non seulement \u00e7a n&rsquo;est pas possible, mais \u00e7a n&rsquo;est pas souhaitable! Parce que \u00e7a serait un hold-up !<\/strong><\/span><strong> \u00bb<\/strong>. <\/span><\/p>\n<p><span style=\"color: #777777; font-family: Arial;\">Un hold-up ! rien que cela&#8230;S&rsquo;il s&rsquo;\u00e9tait arr\u00eat\u00e9 simplement \u00e0 \u00abMoi je n&rsquo;y crois pas\u00bb, on aurait pu dire qu&rsquo;il n&rsquo;\u00e9tait pas assez optimiste. Mais avec le hold-up ! il condamne ce qui est arriv\u00e9 \u00e0 sa majorit\u00e9 pr\u00e9sidentielle.<br \/>\n<\/span><\/p>\n<p><span style=\"color: #777777; font-family: Arial;\">Il y a cependant des raisons pour se r\u00e9jouir, comme le montre cet article du <span style=\"color: #0000ff;\"><a style=\"color: #0000ff;\" href=\"http:\/\/abonnes.lemonde.fr\/les-decodeurs\/article\/2017\/06\/19\/legislatives-une-assemblee-plus-jeune-plus-paritaire-mais-toujours-peu-representative_5147523_4355770.html\">Monde<\/a><\/span>, le nombre de si\u00e8ges occup\u00e9s par des femmes a progress\u00e9 en grand nombre&nbsp;: elles seront 223 d\u00e9put\u00e9es \u00e0 si\u00e9ger dans l&rsquo;h\u00e9micycle de l&rsquo;Assembl\u00e9e nationale, ce qui repr\u00e9sente 38,65&nbsp;% des si\u00e8ges, soit 68&nbsp;femmes d\u00e9put\u00e9es suppl\u00e9mentaires par rapport \u00e0 l&rsquo;Assembl\u00e9e \u00e9lue en juin&nbsp;2012 (elles repr\u00e9sentaient 27&nbsp;% de la pr\u00e9c\u00e9dente Assembl\u00e9e). En outre, ce que je trouve encourageant c&rsquo;est que le diff\u00e9rentiel entre le pourcentage de candidates et le pourcentage d&rsquo;\u00e9lues a fortement diminu\u00e9. Ainsi il y avait 42,4% des candidats qui \u00e9taient des femmes pour obtenir 38,65% des si\u00e8ges. Il y a 10 ans il y avait 41,6% de candidates mais que 18,5% de femmes ayant obtenu un si\u00e8ge. Bref on r\u00e9servait les si\u00e8ges gagnables aux hommes. C&rsquo;est toujours le cas, mais en beaucoup plus faible proportion.<br \/>\n<\/span><\/p>\n<p><span style=\"color: #777777; font-family: Arial;\">En outre, l&rsquo;assembl\u00e9e se rajeunit, avec une moyenne d&rsquo;\u00e2ge de 48&nbsp;ans et 240&nbsp;jours, la XV<sup>e<\/sup>&nbsp;l\u00e9gislature est plus jeune de cinq ans que la pr\u00e9c\u00e9dente (53&nbsp;ans et 195&nbsp;jours).<br \/>\n<\/span><\/p>\n<p><span style=\"color: #777777; font-family: Arial;\">Et puis, il y a vraiment des piliers du bar de l&rsquo;assembl\u00e9e nationale qui ont \u00e9t\u00e9 enfin remerci\u00e9s. Exemple embl\u00e9matique : G\u00e9rard Bapt, 71 ans, membre du Parti socialiste a \u00e9t\u00e9 s\u00e8chement battu apr\u00e8s 35 ans de mandats cumul\u00e9s, il aspirait \u00e0 40 ans de mandat jusqu&rsquo;\u00e0 76 ans, consid\u00e9rant que l&rsquo;exp\u00e9rience \u00e9tait la valeur supr\u00eame du repr\u00e9sentant du peuple.<br \/>\n<\/span><\/p>\n<p><span style=\"color: #777777; font-family: Arial;\">En m\u00eame temps, l&rsquo;inexp\u00e9rience n&rsquo;est pas forc\u00e9ment un atout surtout quand elle se cumule avec l&rsquo;incomp\u00e9tence. Certains candidats, En marche, sont apparus lors d&rsquo;\u00e9missions de t\u00e9l\u00e9vision particuli\u00e8rement ridicules. Je n&rsquo;aurai pas l&rsquo;ind\u00e9licatesse de les nommer mais vous pouvez les trouver ais\u00e9ment sur internet.<br \/>\n<\/span><\/p>\n<p><span style=\"color: #777777; font-family: Arial;\">En revanche, l&rsquo;article du Monde montre que les \u00e9lus ne sont pas repr\u00e9sentatifs des profils sociaux et des professions des fran\u00e7ais. Ce sont, les professions ais\u00e9es qui dominent la nouvelle Assembl\u00e9e.<br \/>\n<\/span><\/p>\n<p><span style=\"color: #777777; font-family: Arial;\">Ce sont les gagnants de la mondialisation. Sauront-ils penser aux perdants et am\u00e9liorer leur situation&nbsp;?<br \/>\n<\/span><\/p>\n<p><span style=\"color: #777777; font-family: Arial;\">Car maintenant, il faudra gouverner et arbitrer. C&rsquo;est une chose de savoir brillamment gagner des \u00e9lections gr\u00e2ce \u00e0 son talent, \u00e0 une part importante de chance et un syst\u00e8me \u00e9lectoral tr\u00e8s favorable. Mais gouverner c&rsquo;est autre chose.<br \/>\n<\/span><\/p>\n<p><span style=\"color: #777777; font-family: Arial;\">Nous qui aimons la France, ne pouvant qu&rsquo;esp\u00e9rer qu&rsquo;Emmanuel Macron trouvera des solutions pour am\u00e9liorer la situation des fran\u00e7ais, d&rsquo;une grande majorit\u00e9 de fran\u00e7ais.<br \/>\n<\/span><\/p>\n<p><span style=\"color: #777777; font-family: Arial;\">Il a certainement de bonnes id\u00e9es comme la volont\u00e9 d&rsquo;unifier les syst\u00e8mes de retraite \u00e0 terme, d&rsquo;autres me semblent plus probl\u00e9matiques, mais j&rsquo;en ai d\u00e9j\u00e0 parl\u00e9.<br \/>\n<\/span><\/p>\n<p><span style=\"color: #777777; font-family: Arial;\">Certains de mes amis de l&rsquo;ex Parti socialiste continue \u00e0 pr\u00e9tendre que Fran\u00e7ois Hollande \u00e9tait un bon pr\u00e9sident. Ce n&rsquo;est pas mon avis. Non qu&rsquo;il soit un homme sans qualit\u00e9, mais il fut un pr\u00e9sident m\u00e9diocre. En revanche il est et restera probablement un tr\u00e8s bon analyste politique.<br \/>\n<\/span><\/p>\n<p><span style=\"color: #777777; font-family: Arial;\">La journaliste Fran\u00e7oise Degois vient de publier \u00ab&nbsp;<a href=\"http:\/\/livre.fnac.com\/a10535293\/Francoise-Degois-Il-faut-imaginer-Sisyphe-heureux\">Il faut imaginer Sisyphe heureux : les 100 derniers jours de Fran\u00e7ois Hollande.<\/a>&nbsp;\u00bb Pour cette raison, elle \u00e9tait l&rsquo;invit\u00e9e de Anne-Sophie Lapix dans l&rsquo;\u00e9mission C \u00e0 vous du 09\/06\/2017. Vous trouverez cette \u00e9mission derri\u00e8re ce lien <span style=\"color: #0000ff;\"><a style=\"color: #0000ff;\" href=\"https:\/\/www.youtube.com\/watch?v=jrdsX_sb3GQ\">&lt;Les 100 derniers jours de Hollande&gt;<\/a>.<\/span><br \/>\n<\/span><\/p>\n<p><span style=\"color: #777777; font-family: Arial;\">Et dans cette \u00e9mission (\u00e0 12:35) Fran\u00e7ois Degois fait dire \u00e0 Fran\u00e7ois Hollande cette proph\u00e9tie : \u00ab&nbsp;<span style=\"color: #c00000;\">Le jeune roi sera nu, un jour<span style=\"color: #777777;\">&nbsp;\u00bb<br \/>\n<\/span><\/span><\/span><\/p>\n<p><span style=\"color: #800000;\">&lt;908&gt;<\/span><\/p>\n","protected":false},"excerpt":{"rendered":"<p>\u00ab&nbsp;Le triomphe de Macron pose un probl\u00e8me d\u2019\u00e9thique d\u00e9mocratique et de repr\u00e9sentativit\u00e9 des partis.&nbsp;\u00bb Jean Garrigues La semaine derni\u00e8re, apr\u00e8s le premier tour des l\u00e9gislatives, mon ami Marc m&rsquo;a \u00e9crit&nbsp;: \u00ab&nbsp;Je compte sur toi pour que tu inspires nos r\u00e9flexions<\/p>\n","protected":false},"author":1,"featured_media":0,"comment_status":"open","ping_status":"closed","sticky":false,"template":"","format":"standard","meta":{"footnotes":""},"categories":[1],"tags":[24,3],"class_list":["post-2583","post","type-post","status-publish","format-standard","hentry","category-motdujour","tag-actualite","tag-politique"],"_links":{"self":[{"href":"https:\/\/lemotdujour.fr\/index.php?rest_route=\/wp\/v2\/posts\/2583","targetHints":{"allow":["GET"]}}],"collection":[{"href":"https:\/\/lemotdujour.fr\/index.php?rest_route=\/wp\/v2\/posts"}],"about":[{"href":"https:\/\/lemotdujour.fr\/index.php?rest_route=\/wp\/v2\/types\/post"}],"author":[{"embeddable":true,"href":"https:\/\/lemotdujour.fr\/index.php?rest_route=\/wp\/v2\/users\/1"}],"replies":[{"embeddable":true,"href":"https:\/\/lemotdujour.fr\/index.php?rest_route=%2Fwp%2Fv2%2Fcomments&post=2583"}],"version-history":[{"count":10,"href":"https:\/\/lemotdujour.fr\/index.php?rest_route=\/wp\/v2\/posts\/2583\/revisions"}],"predecessor-version":[{"id":12215,"href":"https:\/\/lemotdujour.fr\/index.php?rest_route=\/wp\/v2\/posts\/2583\/revisions\/12215"}],"wp:attachment":[{"href":"https:\/\/lemotdujour.fr\/index.php?rest_route=%2Fwp%2Fv2%2Fmedia&parent=2583"}],"wp:term":[{"taxonomy":"category","embeddable":true,"href":"https:\/\/lemotdujour.fr\/index.php?rest_route=%2Fwp%2Fv2%2Fcategories&post=2583"},{"taxonomy":"post_tag","embeddable":true,"href":"https:\/\/lemotdujour.fr\/index.php?rest_route=%2Fwp%2Fv2%2Ftags&post=2583"}],"curies":[{"name":"wp","href":"https:\/\/api.w.org\/{rel}","templated":true}]}}