{"id":2557,"date":"2017-06-19T04:35:12","date_gmt":"2017-06-19T02:35:12","guid":{"rendered":"http:\/\/lemotdujour.fr\/?p=2557"},"modified":"2021-09-29T10:41:39","modified_gmt":"2021-09-29T08:41:39","slug":"lundi-19-juin-2017","status":"publish","type":"post","link":"https:\/\/lemotdujour.fr\/?p=2557","title":{"rendered":"Lundi 19 juin 2017"},"content":{"rendered":"<div class=\"mdjTexte\">\t\u00ab&nbsp;Le baccalaur\u00e9at&nbsp;\u00bb<\/div>\n<div class=\"mdjAuteur\">\tPremier dipl\u00f4me universitaire en France<\/div>\n<p><span style=\"color: #777777; font-family: Arial;\">Quand on regarde le taux d&rsquo;abstention ce dimanche au deuxi\u00e8me tour des \u00e9lections l\u00e9gislatives, force est de constater que ces \u00e9lections ne constituaient pas une pr\u00e9occupation essentielle des fran\u00e7ais.<br \/>\n<\/span><\/p>\n<p><span style=\"color: #777777; font-family: Arial;\">Il est clair, que ces derniers jours, la principale pr\u00e9occupation des familles fran\u00e7aises ayant des enfants entre 15 et 18 ans, est le Baccalaur\u00e9at dont les \u00e9preuves \u00e9crites sont en cours.<br \/>\n<\/span><\/p>\n<p><span style=\"color: #777777; font-family: Arial;\">Il n&rsquo;y a pas encore eu de mot du jour sur le baccalaur\u00e9at, je vais donc tenter de combler cette lacune.<br \/>\n<\/span><\/p>\n<p><span style=\"color: #777777; font-family: Arial;\">Quand on fait une recherche sur internet on tombe assez vite sur ce document&nbsp;: <span style=\"color: #0000ff;\"><a style=\"color: #0000ff;\" href=\"http:\/\/media.education.gouv.fr\/file\/200_ans_du_bac\/42\/3\/200_ans_du_bac_28423.pdf\">http:\/\/media.education.gouv.fr\/file\/200_ans_du_bac\/42\/3\/200_ans_du_bac_28423.pdf<\/a><\/span> qui date de 2008 et qui pr\u00e9tend que le baccalaur\u00e9at avait 200 ans cette ann\u00e9e-l\u00e0.<br \/>\n<\/span><\/p>\n<p><span style=\"color: #777777; font-family: Arial;\">Parce que cet opuscule prend comme date d&rsquo;origine le d\u00e9cret du 17 mars 1808 qui organise l&rsquo;Universit\u00e9 imp\u00e9riale. Donc c&rsquo;est encore une cr\u00e9ation de l&rsquo;\u00e8re napol\u00e9onienne, comme le code civil, la l\u00e9gion d&rsquo;honneur et tout ce qui compte dans notre bonne vieille France. Ce document nous apprend aussi qu&rsquo;il y a eu 31 laur\u00e9ats lors de la premi\u00e8re session.<br \/>\n<\/span><\/p>\n<p><span style=\"color: #777777; font-family: Arial;\">Mais si vous consultez Wikip\u00e9dia vous avez une autre version qui nous emm\u00e8ne plus loin dans l&rsquo;Histoire &nbsp;: les premiers baccalaur\u00e9ats datent en France du XIII<span style=\"font-size: 8pt;\"><sup>e<\/sup><\/span>&nbsp;si\u00e8cle avec l&rsquo;apparition de l&rsquo;<span style=\"color: #0000ff;\"><a style=\"color: #0000ff;\" title=\"Universit\u00e9 de Paris\" href=\"https:\/\/fr.wikipedia.org\/wiki\/Universit%C3%A9_de_Paris\">Universit\u00e9 de Paris<\/a><\/span>. Il s&rsquo;agit d\u00e8s cette \u00e9poque, et c&rsquo;est encore le cas aujourd&rsquo;hui, du premier grade universitaire.<br \/>\n<\/span><\/p>\n<p><span style=\"color: #777777; font-family: Arial;\">Mais d&rsquo;o\u00f9 vient ce mot&nbsp;: \u00ab&nbsp;Baccalaur\u00e9at&nbsp;\u00bb&nbsp;? Quel est l&rsquo;\u00e9tymologie&nbsp;?<br \/>\n<\/span><\/p>\n<p><span style=\"color: #777777; font-family: Arial;\">C&rsquo;est bien s\u00fbr du latin. La concat\u00e9nation des deux mots \u00ab&nbsp;bacca&nbsp;\u00bb et \u00ab&nbsp;laureatus&nbsp;\u00bb c&rsquo;est-\u00e0-dire \u00ab&nbsp;baie de laurier&nbsp;\u00bb ou \u00ab&nbsp;orn\u00e9 de laurier&nbsp;\u00bb. Comme Jules C\u00e9sar dans Ast\u00e9rix qui couvre sa t\u00eate d&rsquo;une couronne de lauriers.<br \/>\n<\/span><\/p>\n<p><span style=\"color: #777777; font-family: Arial;\">Il faut reconna\u00eetre que Goscinny respecte l&rsquo;Histoire, lors du <span style=\"color: #0000ff;\"><a style=\"color: #0000ff;\" href=\"https:\/\/fr.wikipedia.org\/wiki\/Triomphe_romain\">&lt;triomphe romain&gt;<\/a><\/span> le g\u00e9n\u00e9ral vainqueur et plus tard l&#8217;empereur portent bien une couronne de lauriers.<br \/>\n<\/span><\/p>\n<p><span style=\"color: #777777; font-family: Arial;\">Le baccalaur\u00e9at constitue donc un triomphe.<br \/>\n<\/span><\/p>\n<p><span style=\"color: #777777; font-family: Arial;\">Mais on lit aussi que \u00ab&nbsp;baccalaur\u00e9at&nbsp;\u00bb pourrait venir de l&rsquo;alt\u00e9ration du bas-latin bachalariatus, d\u00e9signant un chevalier d\u00e9butant. Ce n&rsquo;est plus le triomphe qui est au centre mais une sorte de c\u00e9r\u00e9monie initiatique pour les jeunes pour entrer dans la vie adulte.<br \/>\n<\/span><\/p>\n<p><span style=\"color: #777777; font-family: Arial;\">Vous trouverez ces \u00e9l\u00e9ments comme d&rsquo;autres dans un extrait du Dictionnaire de l&rsquo;Acad\u00e9mie fran\u00e7aise, huiti\u00e8me \u00e9dition, 1932-1935 publi\u00e9<\/span> <span style=\"font-family: Arial; color: #0000ff;\"><a style=\"color: #0000ff;\" href=\"https:\/\/fr.m.wiktionary.org\/wiki\/baccalaur%C3%A9at\">sur Internet<\/a><\/span><span style=\"color: #777777; font-family: Arial;\"><br \/>\n<\/span><\/p>\n<p><span style=\"color: #777777; font-family: Arial;\">Parmi ces autres pr\u00e9cisions vous trouvez par exemple cette r\u00e9flexion&nbsp;: \u00ab&nbsp;En France on prend le baccalaur\u00e9at pour en finir avec ses \u00e9tudes, on fait sa premi\u00e8re communion pour en finir avec la religion, on se marie pour en finir avec l&rsquo;amour.&nbsp;\u00bb \u2014 (Ernest Bersot, \u00c9tudes et discours (1868-1878), (1879) p. 138)<br \/>\n<\/span><\/p>\n<p><span style=\"color: #777777; font-family: Arial;\">Le document pr\u00e9cit\u00e9 et qui parle des 200 ans du baccalaur\u00e9at donne les pr\u00e9cisions suivantes&nbsp;: Durant l&rsquo;essentiel du XIX\u00e8me si\u00e8cle et au d\u00e9but du XX\u00e8me si\u00e8cle, le baccalaur\u00e9at conna\u00eet de multiples r\u00e9formes, mais son d\u00e9veloppement reste limit\u00e9 et r\u00e9serv\u00e9 \u00e0 une \u00e9lite restreinte, admise dans un enseignement secondaire payant. Il faudra attendre 1861 pour qu&rsquo;il y ait enfin une bacheli\u00e8re. Elle s&rsquo;appelait&nbsp;:<span style=\"color: #0000ff;\"> <a style=\"color: #0000ff;\" href=\"https:\/\/fr.wikipedia.org\/wiki\/Julie-Victoire_Daubi%C3%A9\">Julie-Victoire Daubi\u00e9<\/a> <\/span>et c&rsquo;est l&rsquo;Acad\u00e9mie de Lyon qui lui a accord\u00e9 ce dipl\u00f4me. Les filles ne recevront un enseignement secondaire identique \u00e0 celui des gar\u00e7ons que dans les ann\u00e9es 1920, un peu avant que l&rsquo;ouverture sociale ne soit rendue possible par la gratuit\u00e9 des \u00e9tudes secondaires (ann\u00e9es 1930).<br \/>\n<\/span><\/p>\n<p><span style=\"color: #777777; font-family: Arial;\">Quand les chiffres parlent du baccalaur\u00e9at, il est souvent question du taux de r\u00e9ussite toujours tr\u00e8s \u00e9lev\u00e9. Mais ce qui me parait pertinent de mesurer c&rsquo;est la proportion de bacheliers sur une g\u00e9n\u00e9ration.<br \/>\n<\/span><\/p>\n<p><span style=\"color: #777777; font-family: Arial;\">Elle \u00e9tait de 3% en 1945 et \u00e9tait mont\u00e9 \u00e0 25 % en 1975 (Annie a eu son bac cette ann\u00e9e-l\u00e0 et moi l&rsquo;ann\u00e9e suivante en 1976.)<br \/>\n<\/span><\/p>\n<p><span style=\"color: #777777; font-family: Arial;\">C&rsquo;\u00e9tait en 1985, le ministre de l&rsquo;\u00e9ducation \u00e9tait Jean-Pierre Chev\u00e8nement que l&rsquo;objectif de 80 % d&rsquo;une g\u00e9n\u00e9ration au niveau du baccalaur\u00e9at \u00e9tait promis pour l&rsquo;ann\u00e9e 2000. Pour ce faire, on cr\u00e9e le bac professionnel en 1987 qui fait bondir le nombre de bacheliers d&rsquo;une g\u00e9n\u00e9ration. La \u00ab&nbsp;massification du lyc\u00e9e&nbsp;\u00bb dure dix ans. Mais \u00e0 partir de 1995, le nombre de candidats au bac cesse d&rsquo;augmenter, et la proportion de bacheliers dans une g\u00e9n\u00e9ration stagne autour de 62 %. Puis un pallier est franchi en 2009, celui des \u00ab\u00a065 %\u00a0\u00bb (65,5 % en 2009, 65,3 % en 2010) et en 2011 un bond de 6 points porte cette proportion \u00e0 71,6 %.<br \/>\n<\/span><\/p>\n<p><span style=\"color: #777777; font-family: Arial;\">Je tire toutes ces informations de &lt;<span style=\"color: #0000ff;\"><a style=\"color: #0000ff;\" href=\"http:\/\/abonnes.lemonde.fr\/ecole-primaire-et-secondaire\/article\/2011\/07\/12\/plus-de-70-de-bacheliers-dans-une-generation-un-record-historique_1547645_1473688.html\">cet article<\/a><\/span>&gt; du Monde.<br \/>\n<\/span><\/p>\n<p><span style=\"color: #777777; font-family: Arial;\">Et ce site de <span style=\"color: #0000ff;\"><a style=\"color: #0000ff;\" href=\"http:\/\/www.education.gouv.fr\/cid56455\/le-baccalaureat-2016-session-de-juin.html\">&lt;L&rsquo;Education nationale&gt;<\/a><\/span> nous apprend que la part des bacheliers dans une g\u00e9n\u00e9ration est mont\u00e9e \u00e0 77,7 % en 2015 et de 78,6 % en 2016.<br \/>\n<\/span><\/p>\n<p><span style=\"color: #777777; font-family: Arial;\">16 ans apr\u00e8s l&rsquo;an 2000, l&rsquo;objectif de 80 % d&rsquo;une g\u00e9n\u00e9ration n&rsquo;est toujours pas atteint.<br \/>\n<\/span><\/p>\n<p><span style=\"color: #777777; font-family: Arial;\">Mais \u00e0 mon sens, le baccalaur\u00e9at pose bien d&rsquo;autres questions que nous avons connues en tant que lyc\u00e9en et plus tard de parents.<br \/>\n<\/span><\/p>\n<p><span style=\"color: #777777; font-family: Arial;\">Qu&rsquo;est-ce que ce remue-m\u00e9nage qui mobilise les salles de classes comme les professeurs des lyc\u00e9es pendant toute la seconde quinzaine de juin, fermant en r\u00e9alit\u00e9 les \u00e9tablissement pour les classes non concern\u00e9es par cet examen et amputant l&rsquo;ann\u00e9e scolaire d\u00e9j\u00e0 particuli\u00e8rement court et dense en France&nbsp;?<br \/>\n<\/span><\/p>\n<p><span style=\"color: #777777; font-family: Arial;\">Qu&rsquo;est-ce que c&rsquo;est que ce leurre d&rsquo;une premi\u00e8re s\u00e9lection universitaire en juin, alors que la v\u00e9ritable s\u00e9lection se passe en d\u00e9but ann\u00e9e et sur les r\u00e9sultats du premier trimestre et de l&rsquo;ann\u00e9e de premi\u00e8re pour l&rsquo;entr\u00e9e dans les classes pr\u00e9paratoires des grandes \u00e9coles qui sont aujourd&rsquo;hui encore la fili\u00e8re de l&rsquo;excellence essentiellement pour les enfants des classes privil\u00e9gi\u00e9es&nbsp;?<br \/>\n<\/span><\/p>\n<p><span style=\"color: #777777; font-family: Arial;\">Enfin, cette promesse de 80% d&rsquo;une g\u00e9n\u00e9ration au niveau du bac \u00e9tait aussi une promesse d&rsquo;am\u00e9lioration des m\u00e9tiers et des salaires de toute cette partie de la g\u00e9n\u00e9ration qui faisait l&rsquo;effort de continuer les \u00e9tudes. Et c&rsquo;est le contraire qui s&rsquo;est r\u00e9alis\u00e9&nbsp;: la multiplication des boulots \u00ab&nbsp;d\u00e9biles&nbsp;\u00bb (j&rsquo;essaie ce mot pour \u00e9viter celui de boulots de merde) et une diminution assez g\u00e9n\u00e9rale des salaires per\u00e7us par les jeunes. Ce probl\u00e8me n&rsquo;est pas que fran\u00e7ais, mais il montre aussi en France, quand on le place en regard de cet objectif de 80%, de l&rsquo;\u00e9chec des politiques \u00e0 cr\u00e9er les conditions de l&rsquo;am\u00e9lioration de la soci\u00e9t\u00e9 dans son ensemble.<br \/>\n<\/span><\/p>\n<p><span style=\"color: #800000;\">&lt;906&gt;<\/span><\/p>\n","protected":false},"excerpt":{"rendered":"<p>\u00ab&nbsp;Le baccalaur\u00e9at&nbsp;\u00bb Premier dipl\u00f4me universitaire en France Quand on regarde le taux d&rsquo;abstention ce dimanche au deuxi\u00e8me tour des \u00e9lections l\u00e9gislatives, force est de constater que ces \u00e9lections ne constituaient pas une pr\u00e9occupation essentielle des fran\u00e7ais. Il est clair, que<\/p>\n","protected":false},"author":1,"featured_media":0,"comment_status":"open","ping_status":"closed","sticky":false,"template":"","format":"standard","meta":{"footnotes":""},"categories":[1],"tags":[38,39,7],"class_list":["post-2557","post","type-post","status-publish","format-standard","hentry","category-motdujour","tag-education","tag-jeunesse","tag-societe"],"_links":{"self":[{"href":"https:\/\/lemotdujour.fr\/index.php?rest_route=\/wp\/v2\/posts\/2557","targetHints":{"allow":["GET"]}}],"collection":[{"href":"https:\/\/lemotdujour.fr\/index.php?rest_route=\/wp\/v2\/posts"}],"about":[{"href":"https:\/\/lemotdujour.fr\/index.php?rest_route=\/wp\/v2\/types\/post"}],"author":[{"embeddable":true,"href":"https:\/\/lemotdujour.fr\/index.php?rest_route=\/wp\/v2\/users\/1"}],"replies":[{"embeddable":true,"href":"https:\/\/lemotdujour.fr\/index.php?rest_route=%2Fwp%2Fv2%2Fcomments&post=2557"}],"version-history":[{"count":8,"href":"https:\/\/lemotdujour.fr\/index.php?rest_route=\/wp\/v2\/posts\/2557\/revisions"}],"predecessor-version":[{"id":12216,"href":"https:\/\/lemotdujour.fr\/index.php?rest_route=\/wp\/v2\/posts\/2557\/revisions\/12216"}],"wp:attachment":[{"href":"https:\/\/lemotdujour.fr\/index.php?rest_route=%2Fwp%2Fv2%2Fmedia&parent=2557"}],"wp:term":[{"taxonomy":"category","embeddable":true,"href":"https:\/\/lemotdujour.fr\/index.php?rest_route=%2Fwp%2Fv2%2Fcategories&post=2557"},{"taxonomy":"post_tag","embeddable":true,"href":"https:\/\/lemotdujour.fr\/index.php?rest_route=%2Fwp%2Fv2%2Ftags&post=2557"}],"curies":[{"name":"wp","href":"https:\/\/api.w.org\/{rel}","templated":true}]}}