{"id":2522,"date":"2017-06-16T04:30:10","date_gmt":"2017-06-16T02:30:10","guid":{"rendered":"http:\/\/lemotdujour.fr\/?p=2522"},"modified":"2021-09-29T10:43:22","modified_gmt":"2021-09-29T08:43:22","slug":"vendredi-16-juin-2017","status":"publish","type":"post","link":"https:\/\/lemotdujour.fr\/?p=2522","title":{"rendered":"Vendredi 16 juin 2017"},"content":{"rendered":"<div class=\"mdjTexte\">\t\u00abIl faut qu\u2019une parole politis\u00e9e fasse retour pour que le charme des mythologies \u00e9conomiques soit enfin rompu.\u00bb<\/div>\n<div class=\"mdjAuteur\">\t\u00c9loi Laurent<\/div>\n<p><span style=\"color: #777777; font-family: Arial;\">La troisi\u00e8me et derni\u00e8re partie du livre d&rsquo;\u00c9loi Laurent que nous examinons cette semaine concerne la mythologie \u00e9colo-sceptique. Il exprime d&rsquo;abord la constatation du recul de l&rsquo;\u00e9cologie politique en Europe et en France. Il ne pense pas que ce recul s&rsquo;explique parce que tout le monde serait devenu \u00e9cologiste. Il inscrit plut\u00f4t ce repli dans une r\u00e9gression sous l&rsquo;effet de la crise sociale qui n&rsquo;en finit plus et d&rsquo;une id\u00e9ologie du d\u00e9nigrement dans laquelle les mythologies \u00e9conomiques jouent un grand r\u00f4le.<br \/>\n<\/span><\/p>\n<p><span style=\"color: #777777; font-family: Arial;\">Il parle d&rsquo;une \u00e9chelle gradu\u00e9e de mauvaise foi.<br \/>\n<\/span><\/p>\n<p style=\"margin-left: 28pt;\"><span style=\"color: #c00000; font-family: Arial;\">\u00ab&nbsp;On commence g\u00e9n\u00e9ralement par pr\u00e9tendre que les crises \u00e9cologiques sont exag\u00e9r\u00e9es \u00e0 des fins id\u00e9ologiques, puis on affirme que, quand bien m\u00eame leur gravit\u00e9 seraient av\u00e9r\u00e9es, elles trouveront leur r\u00e9solution naturelle au moyen des march\u00e9s et par la gr\u00e2ce de la croissance, avant de soutenir que, si tel n&rsquo;\u00e9tait pas le cas, le co\u00fbt \u00e9conomique et politique de leur att\u00e9nuation serait de toute fa\u00e7on prohibitif.<br \/>\n<\/span><\/p>\n<p style=\"margin-left: 28pt;\"><span style=\"color: #c00000; font-family: Arial;\">Cette strat\u00e9gie rh\u00e9torique n&rsquo;est pas sans rappeler la parabole du chaudron perc\u00e9 imagin\u00e9 par Freud dans \u00ab<span style=\"color: #0000ff;\">&nbsp;<\/span><a href=\"http:\/\/www.gallimard.fr\/Catalogue\/GALLIMARD\/Connaissance-de-l-Inconscient\/Traductions-nouvelles\/Le-Mot-d-esprit-et-sa-relation-a-l-inconscient\"><span style=\"color: #0000ff;\">le mot d&rsquo;esprit et sa relation \u00e0 l&rsquo;inconscient<\/span>&nbsp;<\/a>\u00bb : soit un individu qui a emprunt\u00e9 \u00e0 un autre un chaudron et le restitue perc\u00e9 d&rsquo;un grand trou qui rend l&rsquo;objet hors d&rsquo;usage. L&#8217;emprunteur se d\u00e9fend par ces arguments successifs :<br \/>\n<\/span><\/p>\n<ol style=\"margin-left: 46pt;\">\n<li><span style=\"color: #c00000; font-family: Arial;\">\u00ab&nbsp;je n&rsquo;ai jamais emprunt\u00e9 de chaudron&nbsp;\u00bb (les crises \u00e9cologiques n&rsquo;existent pas)&nbsp;;<br \/>\n<\/span><\/li>\n<li><span style=\"color: #c00000; font-family: Arial;\">\u00ab&nbsp;j&rsquo;ai rendu le chaudron intact \u00bb (elles existent, mais la croissance et le march\u00e9 nous en pr\u00e9serveront)&nbsp;;<br \/>\n<\/span><\/li>\n<li><span style=\"color: #c00000; font-family: Arial;\">\u00ab&nbsp;le chaudron \u00e9tait d\u00e9j\u00e0 perc\u00e9 lorsque je l&rsquo;ai emprunt\u00e9&nbsp;\u00bb (les deux mensonges pr\u00e9c\u00e9dents sont d\u00e9voil\u00e9s, mais dissimul\u00e9s derri\u00e8re un troisi\u00e8me : les crises \u00e9cologiques sont bien r\u00e9elles, le march\u00e9 et la croissance ne suffiront pas \u00e0 les att\u00e9nuer, mais aller au-del\u00e0 affaiblirait notre \u00e9conomie, voire notre d\u00e9mocratie).<br \/>\n<\/span><\/li>\n<\/ol>\n<p><span style=\"color: #c00000; font-family: Arial;\">[\u2026]<br \/>\n<\/span><\/p>\n<p style=\"margin-left: 28pt;\"><span style=\"color: #c00000; font-family: Arial;\">R\u00e9sultat : nous perdons un temps pr\u00e9cieux \u00e0 remonter le temps des arguments d\u00e9pass\u00e9s, sans jamais pouvoir poser les bonnes questions pour l&rsquo;avenir, comme celle des causes et des cons\u00e9quences sociales des crises \u00e9cologiques. C&rsquo;est pr\u00e9cis\u00e9ment le but de la mythologie \u00e9colo sceptique : retarder par tous les moyens l&rsquo;heure des choix, qui a pourtant bel et bien sonn\u00e9.<br \/>\n<\/span><\/p>\n<p><span style=\"color: #777777; font-family: Arial;\">Il d\u00e9monte dans cette troisi\u00e8me partie deux autre croyances : \u00ab les march\u00e9s la croissance sont les v\u00e9ritables solutions \u00e0 l&rsquo;urgence \u00e9cologique \u00bb et \u00ab&nbsp;l&rsquo;\u00e9cologie est l&rsquo;ennemi de l&rsquo;innovation et de l&#8217;emploi&nbsp;\u00bb&nbsp;.<br \/>\n<\/span><\/p>\n<p><span style=\"color: #777777; font-family: Arial;\">Je finirai ce cinqui\u00e8me mot du jour consacr\u00e9 \u00e0 l&rsquo;ouvrage d&rsquo;\u00c9loi Laurent par son \u00e9pilogue :<br \/>\n<\/span><\/p>\n<p style=\"margin-left: 28pt;\"><span style=\"color: #c00000; font-family: Arial;\">\u00ab&nbsp;Dans ses mythologies, Roland Barthes montre comment certains objets de consommation se nourrissent des grands mythes humains qui peuvent ainsi \u00eatre instrumentalis\u00e9s \u00e0 des fins marchandes. Le pouvoir \u00e9conomique, depuis l&rsquo;av\u00e8nement de la soci\u00e9t\u00e9 industrielle et aujourd&rsquo;hui encore, utilise la mythologie comme s\u00e9same pour p\u00e9n\u00e9trer et coloniser les imaginaires. Mais, nouveaut\u00e9 fondamentale, il peuple d\u00e9sormais les esprits de ses propres mythes.<br \/>\n<\/span><\/p>\n<p style=\"margin-left: 28pt;\"><span style=\"color: #c00000; font-family: Arial;\">Barthes s&rsquo;attache aussi, en conclusion de son ouvrage, a d\u00e9voil\u00e9 les fonctions du mythe, et il parvient \u00e0 une conclusion particuli\u00e8rement \u00e9clairante : \u00ab le mythe est une parole d\u00e9politis\u00e9e&nbsp;\u00bb. Les mythes forment ensemble de \u00ab fausses \u00e9vidences \u00bb qui se pr\u00e9sentent comme naturelles et organisent un monde \u00ab sans contradiction parce que sans profondeur \u00bb. La fonction du mythe est autant de mettre en lumi\u00e8re que de passer sous silence.<br \/>\n<\/span><\/p>\n<p style=\"margin-left: 28pt;\"><span style=\"color: #c00000; font-family: Arial;\">C&rsquo;est pr\u00e9cis\u00e9ment ce que l&rsquo;on voit \u00e0 l&rsquo;aune des 15 illustrations propos\u00e9es dans ce livre : les mythes \u00e9conomiques contemporains, qui ont colonis\u00e9 les esprits, ont pour fonction principale de d\u00e9tourner l&rsquo;attention des citoyens des v\u00e9ritables enjeux dont ils devraient se soucier et d\u00e9battre. Nos mythologies \u00e9conomiques sont des mystifications politiques. <strong>On ne pourra donc pas les dissiper seulement en les d\u00e9mentant, ce que cet ouvrage a tent\u00e9 de faire. De m\u00eame qu&rsquo;une th\u00e9orie n&rsquo;est pas d\u00e9mentie par des faits, mais par une autre th\u00e9orie, il faut qu&rsquo;une parole politis\u00e9e fasse retour pour que le charme des mythologies \u00e9conomiques soit enfin rompu. [\u2026].<\/strong><br \/>\n<\/span><\/p>\n<p style=\"margin-left: 28pt;\"><span style=\"color: #c00000; font-family: Arial;\">C&rsquo;est pourquoi il est indispensable de s&rsquo;atteler \u00e0 la construction de nouveaux r\u00e9cits communs positifs, dans l&rsquo;esprit de la mythologie grecque, o\u00f9 la raison et le r\u00eave, sur un pied d&rsquo;\u00e9galit\u00e9, se nourrissent mutuellement pour donner sens \u00e0 l&rsquo;existence humaine. Vaste et beau programme.&nbsp;\u00bb<br \/>\n<\/span><\/p>\n<p><span style=\"color: #777777; font-family: Arial;\">Quand on parle de politique, on veut dire qu&rsquo;il est possible par des actes de gouvernement d&rsquo;avoir une influence sur le cours des choses.<br \/>\n<\/span><\/p>\n<p><span style=\"color: #777777; font-family: Arial;\">Mais pour qu&rsquo;une pens\u00e9e politique nouvelle puisse \u00e9merger, il faut cr\u00e9er de nouveaux r\u00e9cits, de nouveaux mythes.<br \/>\n<\/span><\/p>\n<p><span style=\"color: #777777; font-family: Arial;\">Pour que tout cela puisse fonctionner, il faut aussi parvenir \u00e0 investir (pacifiquement bien \u00e9videmment) un territoire sur lequel la Politique est en capacit\u00e9 de ma\u00eetriser les pulsions cupides de l&rsquo;homo economicus et de parler d&rsquo;\u00e9gal \u00e0 \u00e9gal avec les forces \u00e9conomiques. Le territoire de la France est insuffisant \u00e0 cette t\u00e2che.<\/span><\/p>\n<p><span style=\"color: #800000;\">&lt;905&gt;<\/span><\/p>\n","protected":false},"excerpt":{"rendered":"<p>\u00abIl faut qu\u2019une parole politis\u00e9e fasse retour pour que le charme des mythologies \u00e9conomiques soit enfin rompu.\u00bb \u00c9loi Laurent La troisi\u00e8me et derni\u00e8re partie du livre d&rsquo;\u00c9loi Laurent que nous examinons cette semaine concerne la mythologie \u00e9colo-sceptique. Il exprime d&rsquo;abord<\/p>\n","protected":false},"author":1,"featured_media":0,"comment_status":"open","ping_status":"closed","sticky":false,"template":"","format":"standard","meta":{"footnotes":""},"categories":[1],"tags":[10,3],"class_list":["post-2522","post","type-post","status-publish","format-standard","hentry","category-motdujour","tag-economie","tag-politique"],"_links":{"self":[{"href":"https:\/\/lemotdujour.fr\/index.php?rest_route=\/wp\/v2\/posts\/2522","targetHints":{"allow":["GET"]}}],"collection":[{"href":"https:\/\/lemotdujour.fr\/index.php?rest_route=\/wp\/v2\/posts"}],"about":[{"href":"https:\/\/lemotdujour.fr\/index.php?rest_route=\/wp\/v2\/types\/post"}],"author":[{"embeddable":true,"href":"https:\/\/lemotdujour.fr\/index.php?rest_route=\/wp\/v2\/users\/1"}],"replies":[{"embeddable":true,"href":"https:\/\/lemotdujour.fr\/index.php?rest_route=%2Fwp%2Fv2%2Fcomments&post=2522"}],"version-history":[{"count":6,"href":"https:\/\/lemotdujour.fr\/index.php?rest_route=\/wp\/v2\/posts\/2522\/revisions"}],"predecessor-version":[{"id":12217,"href":"https:\/\/lemotdujour.fr\/index.php?rest_route=\/wp\/v2\/posts\/2522\/revisions\/12217"}],"wp:attachment":[{"href":"https:\/\/lemotdujour.fr\/index.php?rest_route=%2Fwp%2Fv2%2Fmedia&parent=2522"}],"wp:term":[{"taxonomy":"category","embeddable":true,"href":"https:\/\/lemotdujour.fr\/index.php?rest_route=%2Fwp%2Fv2%2Fcategories&post=2522"},{"taxonomy":"post_tag","embeddable":true,"href":"https:\/\/lemotdujour.fr\/index.php?rest_route=%2Fwp%2Fv2%2Ftags&post=2522"}],"curies":[{"name":"wp","href":"https:\/\/api.w.org\/{rel}","templated":true}]}}