{"id":2517,"date":"2017-06-14T04:30:01","date_gmt":"2017-06-14T02:30:01","guid":{"rendered":"http:\/\/lemotdujour.fr\/?p=2517"},"modified":"2021-09-29T10:44:59","modified_gmt":"2021-09-29T08:44:59","slug":"mercredi-14-juin-2017","status":"publish","type":"post","link":"https:\/\/lemotdujour.fr\/?p=2517","title":{"rendered":"Mercredi 14 juin 2017"},"content":{"rendered":"<div class=\"mdjTexte\">\t\u00abLa poursuite de l\u2019efficacit\u00e9 cr\u00e9e n\u00e9cessairement des in\u00e9galit\u00e9s. Et ainsi la soci\u00e9t\u00e9 est confront\u00e9e \u00e0 un arbitrage entre \u00e9galit\u00e9 et efficacit\u00e9\u00bb<\/div>\n<div class=\"mdjAuteur\">\tArthur Okun<\/div>\n<p><span style=\"color: #777777; font-family: Arial;\">Arthur Okun (1928-1980) \u00e9tait un \u00e9conomiste am\u00e9ricain qui fut conseiller \u00e9conomique du pr\u00e9sident Kennedy. Il est surtout connu pour la loi qui porte son nom, la loi d&rsquo;Okun, qui pr\u00e9tend qu&rsquo;il existe une relation lin\u00e9aire entre les taux de variation du ch\u00f4mage et du PIB. Le r\u00e9sum\u00e9 simple qu&rsquo;en donne <span style=\"color: #0000ff;\"><a style=\"color: #0000ff;\" href=\"https:\/\/fr.wikipedia.org\/wiki\/Loi_d%27Okun\">Wikipedia<\/a><\/span> est le suivant&nbsp;: \u00ab&nbsp;En dessous d&rsquo;un certain seuil de croissance, le ch\u00f4mage augmente&nbsp;; au-dessus de ce seuil, il diminue&nbsp;\u00bb<br \/>\n<\/span><\/p>\n<p><span style=\"color: #777777; font-family: Arial;\">\u00c9loi Laurent le cite pour une autre raison&nbsp;: le livre qu&rsquo;il a \u00e9crit&nbsp;: &lt; <a href=\"http:\/\/www.archambault.ca\/okun-arthur-m-egalite-vs-efficacitecomment-trouver-lequilibre-ACH002985465-fr-pr\"><span style=\"color: #0000ff;\">Egalit\u00e9 versus efficacit\u00e9. Comment trouver l&rsquo;\u00e9quilibre?<\/span>&gt;<\/a> dont il conteste la th\u00e8se centrale \u00e0 savoir que la poursuite de l&rsquo;efficacit\u00e9 ne peut que se r\u00e9aliser par un creusement des in\u00e9galit\u00e9s.<br \/>\n<\/span><\/p>\n<p><span style=\"color: #777777; font-family: Arial;\">Mais avant d&rsquo;aborder ce sujet qu&rsquo;il d\u00e9veloppe dans sa partie consacr\u00e9e \u00e0 la mythologie n\u00e9olib\u00e9rale : \u00ab Il faut produire des richesses avant de les redistribuer \u00bb, \u00c9loi Laurent pose une question&nbsp;:<br \/>\n<\/span><\/p>\n<p style=\"margin-left: 28pt;\"><span style=\"color: #c00000; font-family: Arial;\">\u00ab Ce mod\u00e8le \u00e9conomique pose une question encore plus fondamentale : la privatisation des biens publics est-elle l\u00e9gitime quand elle s&rsquo;accompagne de s\u00e9cession fiscale ? \u00bb<br \/>\n<\/span><\/p>\n<p><span style=\"color: #777777; font-family: Arial;\">Et puis il argumente \u00e0 partir de la page 30 contre la th\u00e8se d&rsquo;Okun&nbsp;:<br \/>\n<\/span><\/p>\n<p style=\"margin-left: 28pt;\"><span style=\"color: #c00000; font-family: Arial;\">\u00ab&nbsp;Une vision faussement na\u00efve de notre syst\u00e8me \u00e9conomique s&rsquo;est r\u00e9pandue qui veut que la soci\u00e9t\u00e9 civile et les entrepreneurs cr\u00e9ent une richesse que l&rsquo;\u00c9tat redistribue selon son bon vouloir aux \u00ab assist\u00e9s \u00bb sociaux.<br \/>\n<\/span><\/p>\n<p style=\"margin-left: 28pt;\"><span style=\"color: #c00000; font-family: Arial;\">Ce discours \u00e0 la fois \u00e9litiste et condescendant fait commod\u00e9ment abstraction des conditions sociales de la cr\u00e9ation de richesse. Les entrepreneurs ne viennent pas \u00e0 la vie dans un monde \u00e9conomique qu&rsquo;ils inventent en m\u00eame temps que leurs produits et services. Ils b\u00e9n\u00e9ficient d&rsquo;infrastructures de toute sorte financ\u00e9es par la collectivit\u00e9 sans lesquelles l&rsquo;innovation resterait \u00e0 jamais au stade de l&rsquo;imagination&nbsp;: syst\u00e8mes de formation, routes, ponts, institutions juridiques, m\u00e9canismes de financement, confiance sociale, etc., forment ce que l&rsquo;on pourrait appeler l&rsquo;\u00e9cosyst\u00e8me de la cr\u00e9ation de valeur \u00e9conomique.<br \/>\n<\/span><\/p>\n<p style=\"margin-left: 28pt;\"><span style=\"color: #c00000; font-family: Arial;\">Comme ces biens communs ont un co\u00fbt, le syst\u00e8me de financement fiscal et social constitue la condition et le soubassement de toute activit\u00e9 entrepreneuriale. Ici aussi, la question est de savoir si les entreprises et leurs dirigeants paient leur juste part d&rsquo;un effort collectif dont ils tirent \u00e0 l&rsquo;\u00e9vidence un avantage consid\u00e9rable, ou s&rsquo;ils se contentent de privatiser le patrimoine commun \u00e0 leur profit sans contribuer \u00e0 son entretien ni \u00e0 son renouvellement. [\u2026]<br \/>\n<\/span><\/p>\n<p style=\"margin-left: 28pt;\"><span style=\"color: #c00000; font-family: Arial;\">Ne pas payer ses imp\u00f4ts et ne pas r\u00e9mun\u00e9rer le travail sont deux \u00ab mod\u00e8les \u00e9conomiques\u00bb particuli\u00e8rement pris\u00e9s du capitalisme de passager clandestin.<br \/>\n<\/span><\/p>\n<p style=\"margin-left: 28pt;\"><span style=\"color: #c00000; font-family: Arial;\">Au-del\u00e0 m\u00eame de ces conditions sociales de la cr\u00e9ation de valeur, il faut s&rsquo;interroger sur la primaut\u00e9 donn\u00e9e, dans l&rsquo;\u00e9conomie mythologique, \u00e0 la production sur la r\u00e9partition.<br \/>\n<\/span><\/p>\n<p style=\"margin-left: 28pt;\"><span style=\"color: #c00000; font-family: Arial;\">Et si la crise contemporaine des in\u00e9galit\u00e9s finissait par an\u00e9antir le dynamisme \u00e9conomique ?<br \/>\n<\/span><\/p>\n<p style=\"margin-left: 28pt;\"><span style=\"color: #c00000; font-family: Arial;\">Et si en d&rsquo;autres termes, il fallait compl\u00e8tement renverser la logique de l&rsquo;argumentation mythologique pour montrer que c&rsquo;est la r\u00e9partition des richesses qui conditionne les possibilit\u00e9s du d\u00e9veloppement \u00e9conomique ?<br \/>\n<\/span><\/p>\n<p style=\"margin-left: 28pt;\"><span style=\"color: #c00000; font-family: Arial;\">Pour des g\u00e9n\u00e9rations d&rsquo;\u00e9conomistes, le \u00ab&nbsp;grand dilemme&nbsp;\u00bb entre efficacit\u00e9 et \u00e9galit\u00e9 postul\u00e9 par Arthur Okun demeure la r\u00e9f\u00e9rence intellectuelle consciente ou inconsciente.<br \/>\n<\/span><\/p>\n<p style=\"margin-left: 28pt;\"><span style=\"color: #c00000; font-family: Arial;\">Le sch\u00e9ma de pens\u00e9e qui \u00e9mergea de son ouvrage de 1975 veut que les in\u00e9galit\u00e9s soient un mal n\u00e9cessaire pour atteindre l&rsquo;efficacit\u00e9 \u00e9conomique&nbsp;: <strong>\u00ab La poursuite de l&rsquo;efficacit\u00e9 cr\u00e9e n\u00e9cessairement des in\u00e9galit\u00e9s. Et ainsi la soci\u00e9t\u00e9 est confront\u00e9e \u00e0 un arbitrage entre \u00e9galit\u00e9 et efficacit\u00e9. \u00bb<\/strong><br \/>\n<\/span><\/p>\n<p style=\"margin-left: 28pt;\"><span style=\"color: #c00000; font-family: Arial;\">Comme c&rsquo;est parfois le cas la traduction de cet ouvrage a conduit \u00e0 une perte de sens : le mot trade-off (dilemme, arbitrage) est devenue dans l&rsquo;\u00e9dition fran\u00e7aise \u00ab \u00e9quilibre \u00bb. Or le point-cl\u00e9 de l&rsquo;analyse est la s\u00e9paration et la hi\u00e9rarchisation des enjeux d&rsquo;efficacit\u00e9 et d&rsquo;\u00e9galit\u00e9. Okun est en cela fid\u00e8le \u00e0 l&rsquo;analyse n\u00e9oclassique la plus conventionnelle [\u2026]&nbsp;: une politique \u00e9conomique doit d&rsquo;abord viser l&rsquo;efficacit\u00e9 \u00e9conomique, dont d\u00e9coulera naturellement, dans le cas id\u00e9al, la redistribution. [\u2026]<br \/>\n<\/span><\/p>\n<p style=\"margin-left: 28pt;\"><span style=\"color: #c00000; font-family: Arial;\">La recherche \u00e9conomique de ce d\u00e9but de XXIe si\u00e8cle, par de tr\u00e8s nombreux travaux empiriques, remet compl\u00e8tement en cause cette id\u00e9ologie de l&rsquo;efficacit\u00e9 naturellement juste : les in\u00e9galit\u00e9s sont non seulement injustes, mais elles sont tout autant inefficaces. Elles provoquent des crises financi\u00e8res. Elles substituent la rente \u00e0 l&rsquo;innovation. Elles emp\u00eachent l&rsquo;essor de la sant\u00e9 et de l&rsquo;\u00e9ducation. Elles figent les positions sociales. Elles paralysent la d\u00e9mocratie. Elle aggravent les d\u00e9gradations environnementales et nourrissent les crises \u00e9cologiques.<br \/>\n<\/span><\/p>\n<p><span style=\"color: #777777; font-family: Arial;\">Et \u00c9loi Laurent illustre son propos par plusieurs exemples&nbsp;: Okun a propos\u00e9 une image du \u00ab seau perc\u00e9. Chaque politique de redistribution, comme l&rsquo;imp\u00f4t sur les revenus en France, serait comme un trou perc\u00e9 qui laisserait s&rsquo;\u00e9chapper un peu de dynamisme \u00e9conomique : au final, selon Okun, le seau parvient vide \u00e0 la population, l&rsquo;\u00e9quit\u00e9 ayant tu\u00e9 l&rsquo;efficacit\u00e9. Mais \u00c9loi Laurent inverse cette d\u00e9monstration :<br \/>\n<\/span><\/p>\n<p style=\"margin-left: 28pt;\"><span style=\"color: #c00000; font-family: Arial;\">\u00ab Les in\u00e9galit\u00e9s sont autant de trous perc\u00e9s dans le seau de l&rsquo;efficacit\u00e9 ; d\u00e8s lors il ne sert \u00e0 rien de remplir celui-ci, car son contenu ne parvient plus jusqu&rsquo;aux citoyens. C&rsquo;est ce qui explique qu&rsquo;aujourd&rsquo;hui, aux \u00c9tats-Unis, 2 % de croissance du PIB se traduisent dans les faits par une d\u00e9croissance du revenu de 90 % de la population : Entre l&rsquo;accroissement du PIB et les revenus effectivement distribu\u00e9s \u00e0 la tr\u00e8s grande majorit\u00e9 des am\u00e9ricains s&rsquo;interposent les \u00ab&nbsp;fuites&nbsp;\u00bb du pouvoir de la finance, de l&rsquo;in\u00e9galit\u00e9 salaire-profit et de l&rsquo;accaparement des richesses par les individus parvenus, \u00e0 l&rsquo;aide de moyens largement publics, au sommet de l&rsquo;\u00e9chelle des revenus<br \/>\n<\/span><\/p>\n<p style=\"margin-left: 28pt;\"><span style=\"color: #c00000; font-family: Arial;\">Dans le cas fran\u00e7ais, on sait d\u00e9sormais que c&rsquo;est l&rsquo;ampleur des in\u00e9galit\u00e9s scolaires qui expliquent la faible performance d&rsquo;ensemble des \u00e9l\u00e8ves aux tests internationaux. Les in\u00e9galit\u00e9s plombent l&rsquo;efficacit\u00e9 de l&rsquo;\u00e9cole fran\u00e7aise.&nbsp;\u00bb<br \/>\n<\/span><\/p>\n<p><span style=\"color: #777777; font-family: Arial;\">Cette probl\u00e9matique de l&rsquo;inefficacit\u00e9 de l&rsquo;in\u00e9galit\u00e9 avait d\u00e9j\u00e0 \u00e9t\u00e9 \u00e9voqu\u00e9e lors du mot du jour du <span style=\"color: #0000ff;\"><a style=\"color: #0000ff;\" title=\"Jeudi 16 mai 2013\" href=\"https:\/\/lemotdujour.fr\/?p=2091\">Jeudi 16 mai 2013<\/a>&nbsp;<\/span>: \u00ab&nbsp;<strong>Les perspectives de croissance \u00e9conomique stable et durable seraient bien meilleures, si nous ne vivions pas dans un monde o\u00f9 0, 5 % des plus riches accaparent 35 % des avoirs de la plan\u00e8te<\/strong>&nbsp;\u00bb et cette affirmation \u00e9tait de Christine Lagarde Directrice g\u00e9n\u00e9rale du Fonds mon\u00e9taire international (FMI)<br \/>\n<\/span><\/p>\n<p><span style=\"color: #0000ff;\"><a style=\"color: #0000ff;\" href=\"https:\/\/www.oecd.org\/fr\/els\/soc\/Focus-Inegalites-et-croissance-2014.pdf\"><span style=\"font-family: Arial;\">&lt;Le caract\u00e8re improductif des in\u00e9galit\u00e9s sur la croissance a fait l&rsquo;objet de plusieurs \u00e9tudes, voici une fiche de l&rsquo;OCDE&gt;<\/span><\/a><\/span><span style=\"color: #777777; font-family: Arial;\"><br \/>\n<\/span><\/p>\n<p><span style=\"color: #0000ff;\"><a style=\"color: #0000ff;\" href=\"http:\/\/www.ladocumentationfrancaise.fr\/catalogue\/3303332031054\/index.shtml\"><span style=\"font-family: Arial;\">&lt;J&rsquo;ai trouv\u00e9 aussi cet ouvrage publi\u00e9 \u00e0 la Documentation Fran\u00e7aise : \u00ab\u00a0In\u00e9galit\u00e9s : quels effets sur la croissance ?\u00a0\u00bb&gt;<\/span><\/a><\/span><span style=\"color: #777777; font-family: Arial;\"><br \/>\n<\/span><\/p>\n<p><span style=\"color: #800000;\">&lt;903&gt;<\/span><\/p>\n","protected":false},"excerpt":{"rendered":"<p>\u00abLa poursuite de l\u2019efficacit\u00e9 cr\u00e9e n\u00e9cessairement des in\u00e9galit\u00e9s. Et ainsi la soci\u00e9t\u00e9 est confront\u00e9e \u00e0 un arbitrage entre \u00e9galit\u00e9 et efficacit\u00e9\u00bb Arthur Okun Arthur Okun (1928-1980) \u00e9tait un \u00e9conomiste am\u00e9ricain qui fut conseiller \u00e9conomique du pr\u00e9sident Kennedy. Il est surtout<\/p>\n","protected":false},"author":1,"featured_media":0,"comment_status":"open","ping_status":"closed","sticky":false,"template":"","format":"standard","meta":{"footnotes":""},"categories":[1],"tags":[10,3],"class_list":["post-2517","post","type-post","status-publish","format-standard","hentry","category-motdujour","tag-economie","tag-politique"],"_links":{"self":[{"href":"https:\/\/lemotdujour.fr\/index.php?rest_route=\/wp\/v2\/posts\/2517","targetHints":{"allow":["GET"]}}],"collection":[{"href":"https:\/\/lemotdujour.fr\/index.php?rest_route=\/wp\/v2\/posts"}],"about":[{"href":"https:\/\/lemotdujour.fr\/index.php?rest_route=\/wp\/v2\/types\/post"}],"author":[{"embeddable":true,"href":"https:\/\/lemotdujour.fr\/index.php?rest_route=\/wp\/v2\/users\/1"}],"replies":[{"embeddable":true,"href":"https:\/\/lemotdujour.fr\/index.php?rest_route=%2Fwp%2Fv2%2Fcomments&post=2517"}],"version-history":[{"count":5,"href":"https:\/\/lemotdujour.fr\/index.php?rest_route=\/wp\/v2\/posts\/2517\/revisions"}],"predecessor-version":[{"id":12219,"href":"https:\/\/lemotdujour.fr\/index.php?rest_route=\/wp\/v2\/posts\/2517\/revisions\/12219"}],"wp:attachment":[{"href":"https:\/\/lemotdujour.fr\/index.php?rest_route=%2Fwp%2Fv2%2Fmedia&parent=2517"}],"wp:term":[{"taxonomy":"category","embeddable":true,"href":"https:\/\/lemotdujour.fr\/index.php?rest_route=%2Fwp%2Fv2%2Fcategories&post=2517"},{"taxonomy":"post_tag","embeddable":true,"href":"https:\/\/lemotdujour.fr\/index.php?rest_route=%2Fwp%2Fv2%2Ftags&post=2517"}],"curies":[{"name":"wp","href":"https:\/\/api.w.org\/{rel}","templated":true}]}}