{"id":2499,"date":"2017-06-12T06:23:10","date_gmt":"2017-06-12T04:23:10","guid":{"rendered":"http:\/\/lemotdujour.fr\/?p=2499"},"modified":"2021-09-26T21:32:03","modified_gmt":"2021-09-26T19:32:03","slug":"lundi-12-juin-2017","status":"publish","type":"post","link":"https:\/\/lemotdujour.fr\/?p=2499","title":{"rendered":"Lundi 12 juin 2017"},"content":{"rendered":"<div class=\"mdjTexte\">\t\u00ab&nbsp;Nos mythologies \u00e9conomiques&nbsp;\u00bb<\/div>\n<div class=\"mdjAuteur\">\t\u00c9loi Laurent<\/div>\n<p><span style=\"color: #0000ff;\"><a style=\"color: #0000ff;\" href=\"\u200bhttps:\/www.franceculture.fr\/emissions\/la-grande-table-2eme-partie\/comment-sortir-leconomie-de-la-croyance\u200b\"><span style=\"font-family: Arial;\">&lt;C&rsquo;est en \u00e9coutant l&rsquo;\u00e9mission la Grande Table, il y a d\u00e9j\u00e0 plusieurs mois que j&rsquo;ai eu connaissance du livre d&rsquo;Eloi Laurent : nos mythologies \u00e9conomiques&gt;<\/span><\/a><\/span><span style=\"color: #777777; font-family: Arial;\"><br \/>\n<\/span><\/p>\n<p><span style=\"color: #777777; font-family: Arial;\">J&rsquo;ai trouv\u00e9 cet \u00e9conomiste tellement int\u00e9ressant que, cette fois, j&rsquo;ai achet\u00e9 le livre dont il assurait la promotion lors de cette \u00e9mission de France Culture du 16 novembre 2016 qui avait pour titre pertinent&nbsp;: \u00ab&nbsp;<strong>Comment sortir l&rsquo;\u00e9conomie de la croyance&nbsp;?<\/strong>&nbsp;\u00bb. Car c&rsquo;est bien le centre de la question, l&rsquo;\u00e9conomie se donne les apparences d&rsquo;une science dure, d&rsquo;une science du chiffre, de la rationalit\u00e9, mais elle est avant toute chose une science sociale.<br \/>\n<\/span><\/p>\n<p><span style=\"color: #777777; font-family: Arial;\">L&rsquo;inoubliable, Bernard Maris disait&nbsp;: [l&rsquo;\u00e9conomie] <\/span><span style=\"font-family: Arial;\">\u00ab <span style=\"color: #c00000;\">C&rsquo;est du jargon, c&rsquo;est de la rh\u00e9torique, ce n&rsquo;est pas de la science, c&rsquo;est un peu de statistiques, c&rsquo;est beaucoup de psychologie et pas mal de bavardages<\/span>\u00bb.<\/span><br \/>\n<span style=\"color: #777777; font-family: Arial;\">J&rsquo;avais relat\u00e9 ce propos dans le mot du jour du <\/span><span style=\"color: #0000ff;\"><a style=\"color: #0000ff;\" href=\"https:\/\/lemotdujour.fr\/?p=960\"><span style=\"font-family: Arial; text-decoration: underline;\">mardi 13 janvier 2015<\/span><\/a><span style=\"font-family: Arial; text-decoration: underline;\">, <\/span><\/span><span style=\"color: #777777; font-family: Arial;\">quelques jours apr\u00e8s son assassinat lors du carnage de Charlie Hebdo.<\/span><\/p>\n<p><a href=\"https:\/\/www.franceinter.fr\/emissions\/le-7-9\/le-7-9-28-mars-2016\"><span style=\"font-family: Arial;\">&lt;<span style=\"color: #0000ff;\">En mars 2016, Eloi Laurent avait \u00e9t\u00e9 l&rsquo;invit\u00e9 de Patrick Cohen \u00e0 France Inter pour le m\u00eame ouvrage<\/span>&gt;<\/span><\/a><span style=\"color: #777777; font-family: Arial;\"><br \/>\n<\/span><\/p>\n<p><span style=\"color: #0000ff;\"><a style=\"color: #0000ff;\" href=\"http:\/\/www.ofce.sciences-po.fr\/pages-chercheurs\/page.php?id=18\"><span style=\"font-family: Arial;\">\u00c9loi Laurent<\/span><\/a><span style=\"font-family: Arial;\">,<span style=\"color: #808080;\"> n\u00e9 en 1974 enseigne \u00e0 Sciences Po. Il est aussi professeur invit\u00e9 \u00e0 l&rsquo;universit\u00e9 Stanford ainsi qu&rsquo;\u00e0 Harvard. Il participe aussi \u00e0 l&rsquo;OFCE&nbsp;: Observatoire fran\u00e7ais des conjonctures \u00e9conomiques. Il poss\u00e8de donc des r\u00e9f\u00e9rences s\u00e9rieuses et sa parole peut \u00eatre prise en consid\u00e9ration m\u00eame si elle peut et m\u00eame doit \u00eatre, bien s\u00fbr, contest\u00e9e.<\/span><br \/>\n<\/span><\/span><\/p>\n<p><span style=\"color: #777777; font-family: Arial;\">Dans le prologue de son livre \u00ab&nbsp;<span style=\"color: #0000ff;\"><a style=\"color: #0000ff;\" href=\"http:\/\/www.editionslesliensquiliberent.fr\/livre-Nos_mythologies_%C3%A9conomiques-477-1-1-0-1.html\"><span style=\"color: #0000ff;\">Nos mythologies \u00e9conomiques<\/span>&nbsp;<\/a><\/span>\u00bb il \u00e9crit notamment&nbsp;:<br \/>\n<\/span><\/p>\n<p style=\"margin-left: 28pt;\"><span style=\"color: #c00000; font-family: Arial;\">\u00ab&nbsp;L&rsquo;\u00e9conomie est devenue la grammaire de la politique. [\u2026] Le politique parle de nos jours sous r\u00e9serve d&rsquo;une validation \u00e9conomique, et on le rappelle promptement \u00e0 l&rsquo;ordre d\u00e8s que son verbe pr\u00e9tend s&rsquo;affranchir de la tutelle du chiffre. Or cette grammaire \u00e9conomique n&rsquo;est ni une science ni un art, mais bien plut\u00f4t une mythologie, une croyance commune en un ensemble de repr\u00e9sentations collectives fondatrices et r\u00e9gulatrices jug\u00e9es dignes de foi, aussi puissante que contestable.<br \/>\n<\/span><\/p>\n<p style=\"margin-left: 28pt;\"><span style=\"color: #c00000; font-family: Arial;\">Quelle est donc l&rsquo;utilit\u00e9 de la mythologie \u00e9conomique ?<br \/>\n<\/span><\/p>\n<p style=\"margin-left: 28pt;\"><span style=\"color: #c00000; font-family: Arial;\">Qu&rsquo;esp\u00e8re le politique en se soumettant \u00e0 son empire?<br \/>\n<\/span><\/p>\n<p style=\"margin-left: 28pt;\"><span style=\"color: #c00000; font-family: Arial;\">Il croit vraisemblablement en tirer l&rsquo;autorit\u00e9 qui, de plus en plus, lui file entre les droits. [\u2026]<br \/>\n<\/span><\/p>\n<p style=\"margin-left: 28pt;\"><span style=\"color: #c00000; font-family: Arial;\">Ce livre ne pr\u00e9tend pas r\u00e9tablir la raison \u00e9conomique contre l&rsquo;\u00e9conomie mythologique : il n&rsquo;y a pas de v\u00e9rit\u00e9 en \u00e9conomie. Il n&rsquo;y a que des hypoth\u00e8ses en amont et des choix en aval, et, entre les deux, dans le meilleur des cas, une m\u00e9thode et des instruments robustes. En revanche, il veut redonner aux lecteurs le go\u00fbt du questionnement \u00e9conomique, dont la disparition progressive est lourde de menaces pour notre d\u00e9bat d\u00e9mocratique.&nbsp;\u00bb<br \/>\n<\/span><\/p>\n<p style=\"margin-left: 28pt;\"><span style=\"color: #c00000; font-family: Arial;\">Prologue (page 9 \u00e0 14 du livre)<br \/>\n<\/span><\/p>\n<p><span style=\"color: #777777; font-family: Arial;\">Ce petit livre d&rsquo;une centaine de pages, publi\u00e9 en f\u00e9vrier 2016, par l&rsquo;\u00e9diteur : \u00ab les liens qui lib\u00e8rent \u00bb est divis\u00e9e en trois parties :<br \/>\n<\/span><\/p>\n<ul>\n<li><span style=\"color: #777777; font-family: Arial;\">1 &#8211; mythologie n\u00e9olib\u00e9rale<br \/>\n<\/span><\/li>\n<li><span style=\"color: #777777; font-family: Arial;\">2 &#8211; la mythologie sociale x\u00e9nophobe<br \/>\n<\/span><\/li>\n<li><span style=\"color: #777777; font-family: Arial;\">3 &#8211; la mythologie \u00e9colo sceptique<br \/>\n<\/span><\/li>\n<\/ul>\n<p><span style=\"color: #777777; font-family: Arial;\">Chacune de ces parties est encore divis\u00e9e en sous chapitres. Ainsi, la \u00ab&nbsp;mythologie n\u00e9olib\u00e9rale&nbsp;\u00bb comprend cinq points&nbsp;:<br \/>\n<\/span><\/p>\n<ul>\n<li><span style=\"color: #777777; font-family: Arial;\">une \u00e9conomie de march\u00e9 dynamique repose sur une concurrence libre et non fauss\u00e9e<br \/>\n<\/span><\/li>\n<li><span style=\"color: #777777; font-family: Arial;\">Il faut produire des richesses avant de les redistribuer<br \/>\n<\/span><\/li>\n<li><span style=\"color: #777777; font-family: Arial;\">l&rsquo;\u00c9tat doit \u00eatre g\u00e9r\u00e9 comme un m\u00e9nage, l&rsquo;\u00c9tat doit \u00eatre g\u00e9r\u00e9 comme une entreprise<br \/>\n<\/span><\/li>\n<li><span style=\"color: #777777; font-family: Arial;\">les r\u00e9gimes sociaux sont financi\u00e8rement insoutenables<br \/>\n<\/span><\/li>\n<li><span style=\"color: #777777; font-family: Arial;\">les r\u00e9formes structurelles visant \u00e0 augmenter la comp\u00e9titivit\u00e9 sont la cl\u00e9 de notre prosp\u00e9rit\u00e9<br \/>\n<\/span><\/li>\n<\/ul>\n<p><span style=\"color: #777777; font-family: Arial;\">Je d\u00e9velopperai certains de ces points dans les prochains mots du jour.<br \/>\n<\/span><\/p>\n<p><span style=\"color: #777777; font-family: Arial;\">Comme chaque fois, ces r\u00e9flexions ne constituent pas la v\u00e9rit\u00e9, mais une v\u00e9rit\u00e9, un \u00e9clairage int\u00e9ressant pour comprendre le monde et remettre en question le discours dominant qui pr\u00e9tend constituer une \u00e9vidence, un consensus pour tous les gens raisonnables. Ce qu&rsquo;Alain Minc a appel\u00e9 \u00ab<span style=\"color: #0000ff;\">&nbsp;<a style=\"color: #0000ff;\" href=\"https:\/\/fr.wikipedia.org\/wiki\/Fondation_Saint-Simon\">le cercle de la raison&nbsp;<\/a><\/span>\u00bb. Ce qui aurait pour signification que tous ceux qui ne sont pas d&rsquo;accord avec ce consensus sont forc\u00e9ment d\u00e9raisonnables. Je ne conteste pas que certains discours, certains programmes politiques sont certainement d\u00e9raisonnables. Mais tout ce qui remet en cause les pseudo \u00e9vidences qui sont r\u00e9p\u00e9t\u00e9es \u00e0 sati\u00e9t\u00e9 par des \u00e9conomistes et des politiques qui pr\u00e9tendent \u00e0 un discours de raison et d&rsquo;intelligence, ne sont pas syst\u00e9matiquement en dehors du raisonnable et de la compr\u00e9hension des forces d&rsquo;int\u00e9r\u00eats qui sont \u00e0 l&rsquo;\u0153uvre dans le monde aujourd&rsquo;hui.<\/span><\/p>\n<p><span style=\"color: #800000;\">&lt;901&gt;<\/span><\/p>\n","protected":false},"excerpt":{"rendered":"<p>\u00ab&nbsp;Nos mythologies \u00e9conomiques&nbsp;\u00bb \u00c9loi Laurent &lt;C&rsquo;est en \u00e9coutant l&rsquo;\u00e9mission la Grande Table, il y a d\u00e9j\u00e0 plusieurs mois que j&rsquo;ai eu connaissance du livre d&rsquo;Eloi Laurent : nos mythologies \u00e9conomiques&gt; J&rsquo;ai trouv\u00e9 cet \u00e9conomiste tellement int\u00e9ressant que, cette fois, j&rsquo;ai<\/p>\n","protected":false},"author":1,"featured_media":0,"comment_status":"open","ping_status":"closed","sticky":false,"template":"","format":"standard","meta":{"footnotes":""},"categories":[1],"tags":[10,3],"class_list":["post-2499","post","type-post","status-publish","format-standard","hentry","category-motdujour","tag-economie","tag-politique"],"_links":{"self":[{"href":"https:\/\/lemotdujour.fr\/index.php?rest_route=\/wp\/v2\/posts\/2499","targetHints":{"allow":["GET"]}}],"collection":[{"href":"https:\/\/lemotdujour.fr\/index.php?rest_route=\/wp\/v2\/posts"}],"about":[{"href":"https:\/\/lemotdujour.fr\/index.php?rest_route=\/wp\/v2\/types\/post"}],"author":[{"embeddable":true,"href":"https:\/\/lemotdujour.fr\/index.php?rest_route=\/wp\/v2\/users\/1"}],"replies":[{"embeddable":true,"href":"https:\/\/lemotdujour.fr\/index.php?rest_route=%2Fwp%2Fv2%2Fcomments&post=2499"}],"version-history":[{"count":7,"href":"https:\/\/lemotdujour.fr\/index.php?rest_route=\/wp\/v2\/posts\/2499\/revisions"}],"predecessor-version":[{"id":12170,"href":"https:\/\/lemotdujour.fr\/index.php?rest_route=\/wp\/v2\/posts\/2499\/revisions\/12170"}],"wp:attachment":[{"href":"https:\/\/lemotdujour.fr\/index.php?rest_route=%2Fwp%2Fv2%2Fmedia&parent=2499"}],"wp:term":[{"taxonomy":"category","embeddable":true,"href":"https:\/\/lemotdujour.fr\/index.php?rest_route=%2Fwp%2Fv2%2Fcategories&post=2499"},{"taxonomy":"post_tag","embeddable":true,"href":"https:\/\/lemotdujour.fr\/index.php?rest_route=%2Fwp%2Fv2%2Ftags&post=2499"}],"curies":[{"name":"wp","href":"https:\/\/api.w.org\/{rel}","templated":true}]}}