{"id":2479,"date":"2017-06-09T04:30:15","date_gmt":"2017-06-09T02:30:15","guid":{"rendered":"http:\/\/lemotdujour.fr\/?p=2479"},"modified":"2021-09-29T10:37:52","modified_gmt":"2021-09-29T08:37:52","slug":"vendredi-9-juin-2017","status":"publish","type":"post","link":"https:\/\/lemotdujour.fr\/?p=2479","title":{"rendered":"Vendredi 9 juin 2017"},"content":{"rendered":"<div class=\"mdjTexte\">\t\u00ab&nbsp;Retour sur les mots du jour du 801\u00e8me au 900\u00e8me&nbsp;(3 et fin)\u00bb<\/div>\n<div class=\"mdjAuteur\">\tR\u00e9trospective<\/div>\n<p><span style=\"color: #777777; font-family: Arial;\">Souvent le mot du mot du jour aborde des sujets \u00e9conomiques. Quelquefois des sujets de fond comme celui \u00e9voqu\u00e9 par Louis Chauvel dans <span style=\"color: navy;\"><strong>\u00ab&nbsp;La spirale du d\u00e9classement&nbsp;\u00bb <\/strong>( <a href=\"https:\/\/lemotdujour.fr\/?p=373\"><span style=\"color: blue; text-decoration: underline;\">jeudi 22 d\u00e9cembre 2016<\/span><\/a><span style=\"color: blue;\"><span style=\"color: navy;\">). <span style=\"color: #777777;\">Je reconnais que parfois ces mots et aussi les articles auxquels ils renvoient sont un peu longs. Apr\u00e8s l&rsquo;envoi de cet article mon ami Jean-Fran\u00e7ois de Dijon m&rsquo;a fait un reproche dans ce sens&nbsp;: \u00ab&nbsp;C&rsquo;est pas gentil de m&rsquo;envoyer des articles passionnants qui me d\u00e9tourne pendant 45 mn de mon travail&#8230;.&nbsp;\u00bb.<br \/>\n<\/span><\/span><\/span><\/span><\/span><\/p>\n<p><span style=\"color: #777777; font-family: Arial;\">Souvent les r\u00e9flexions que je mets en avant sont une contestation de la vision orthodoxe des \u00e9conomistes ou de la pens\u00e9e dominante. Ainsi la contestation de la th\u00e9orie du ruissellement qui pr\u00e9tend que pour que les gens modestes se portent mieux il faut permettre aux riches d&rsquo;\u00eatre de plus en plus riches. Il faut \u00eatre honn\u00eate, il y eut un temps o\u00f9 cela n&rsquo;\u00e9tait pas faux, mais la globalisation, l&rsquo;automatisation et la financiarisation de l&rsquo;\u00e9conomie ont rendu cette croyance vaine&nbsp;: <span style=\"color: navy;\"><strong>\u00ab&nbsp;Trickle down Economic&nbsp;\u00bb <\/strong>( <a href=\"https:\/\/lemotdujour.fr\/?p=401\"><span style=\"color: blue; text-decoration: underline;\">mercredi 25 janvier 2017<\/span><\/a><span style=\"color: blue;\"><span style=\"color: navy;\">)<br \/>\n<\/span><\/span><\/span><\/span><\/p>\n<p><span style=\"color: #777777; font-family: Arial;\">Beaucoup nous vante l&rsquo;\u00e9conomie allemande mais Catherine Chatignoux nous explique qu&rsquo;<span style=\"color: navy;\"><strong>\u00ab&nbsp;Un salari\u00e9 allemand sur quatre a un bas salaire, contre un sur dix en France&nbsp;\u00bb <\/strong>( <a href=\"https:\/\/lemotdujour.fr\/?p=411\"><span style=\"color: blue; text-decoration: underline;\">mercredi 1 f\u00e9vrier 2017<\/span><\/a><span style=\"color: blue;\"><span style=\"color: navy;\">).<br \/>\n<\/span><\/span><\/span><\/span><\/p>\n<p><span style=\"color: navy; font-family: Arial;\"><span style=\"color: #808080;\">Les orthodoxes continuent \u00e0 \u00ab&nbsp;croire&nbsp;\u00bb \u00e0 une vision Shumpeterienne de l&rsquo;\u00e9conomie et \u00e0 son concept de \u00ab&nbsp;destruction cr\u00e9atrice&nbsp;\u00bb mais de plus en plus d&rsquo;\u00e9conomistes comme <\/span><span style=\"color: #777777;\"><span style=\"color: #808080;\">Christian Chavagneux ont des doutes&nbsp;:<\/span> <span style=\"color: navy;\"><strong>\u00ab&nbsp;Innovation Automatisation et emplois, et si cette fois c&rsquo;\u00e9tait diff\u00e9rent ?&nbsp;\u00bb <\/strong>( <a href=\"https:\/\/lemotdujour.fr\/?p=492\"><span style=\"color: blue; text-decoration: underline;\">jeudi 6 avril 2017<\/span><\/a><span style=\"color: blue;\"><span style=\"color: navy;\">)<br \/>\n<\/span><\/span><\/span><\/span><\/span><\/p>\n<p><span style=\"color: #777777; font-family: Arial;\">Ces contestataires peuvent mettre en avant certains nouveaux emplois cr\u00e9\u00e9s par le num\u00e9rique et qui sont des \u00ab&nbsp;bullshit jobs&nbsp;\u00bb&nbsp;qu&rsquo;on traduit en bon fran\u00e7ais par \u00ab&nbsp;boulots de merde&nbsp;\u00bb :<span style=\"color: #545454;\"><span style=\"color: navy;\"><strong>\u00abclickworkers ou les travailleurs du clic&nbsp;\u00bb <\/strong>( <a href=\"https:\/\/lemotdujour.fr\/?p=444\"><span style=\"color: blue; text-decoration: underline;\">vendredi 24 f\u00e9vrier 2017<\/span><\/a><span style=\"color: blue;\"><span style=\"color: navy;\">)<br \/>\n<\/span><\/span><\/span><\/span><\/span><\/p>\n<p><span style=\"color: #777777; font-family: Arial;\">J&rsquo;ai aussi, apr\u00e8s avoir lu un article de l&rsquo;hebdomadaire \u00ab&nbsp;Le Point&nbsp;\u00bb, \u00e9voqu\u00e9 le concept de <span style=\"color: navy;\"><strong>\u00ab&nbsp;La guerre civile globale&nbsp;\u00bb <\/strong>( <a href=\"https:\/\/lemotdujour.fr\/?p=440\"><span style=\"color: blue; text-decoration: underline;\">mercredi 22 f\u00e9vrier 2017<\/span><\/a><span style=\"color: blue;\"><span style=\"color: navy;\">)<span style=\"color: #777777;\"> extrait de \u00ab&nbsp;Age of Anger&nbsp;\u00bb qui est un livre d&rsquo;un romancier d&rsquo;origine indienne, Mishra Pankaj qui serait l&rsquo;essai le plus comment\u00e9, en d\u00e9but d&rsquo;ann\u00e9e 2017, dans le monde anglo-saxon et qui d\u00e9crit comment l&rsquo;\u00e9conomie cr\u00e9e des antagonismes au sein des soci\u00e9t\u00e9s et une grande col\u00e8re de ceux qui estiment \u00eatre les perdants de la comp\u00e9tition. Mishra Pankaj \u00e9tait l&rsquo;invit\u00e9 des matins de France Culture, ce jour lors de l&rsquo;\u00e9mission r\u00e9alis\u00e9 \u00e0 Londres, le lendemain des \u00e9lections l\u00e9gislatives britanniques <span style=\"color: #0000ff;\">:&nbsp;<a style=\"color: #0000ff;\" href=\"https:\/\/www.franceculture.fr\/emissions\/linvite-des-matins-2eme-partie\/pankaj-mishra-de-la-montee-des-populismes-la-guerre-civile\">https:\/\/www.franceculture.fr\/emissions\/linvite-des-matins-2eme-partie\/pankaj-mishra-de-la-montee-des-populismes-la-guerre-civile<\/a> .<\/span><span style=\"color: navy;\"><br \/>\n<\/span><\/span><\/span><\/span><\/span><\/span><\/p>\n<p><span style=\"color: #777777; font-family: Arial;\">Est \u00e9voqu\u00e9 de plus en plus souvent l&rsquo;analyse de la fin de la rente de civilisation dont b\u00e9n\u00e9ficiait l&rsquo;Occident au XIX\u00e8me et XX\u00e8me si\u00e8cle et qui profitait \u00e0 ses classes moyennes et populaires. Zaki La\u00efdi l&rsquo;explique&nbsp;: <span style=\"color: navy;\"><strong>\u00abLa mondialisation c&rsquo;est la fin de la rente que l&rsquo;Occident avait sur le monde depuis la r\u00e9volution industrielle.\u00bb <\/strong>( <a href=\"https:\/\/lemotdujour.fr\/?p=438\"><span style=\"color: blue; text-decoration: underline;\">mardi 21 f\u00e9vrier 2017<\/span><\/a><span style=\"color: blue;\"><span style=\"color: navy;\">). <span style=\"color: #777777;\">Et<span style=\"color: black;\"> <span style=\"color: #777777;\">Peter Sloterdijk dans l&rsquo;article <span style=\"color: navy;\"><strong>\u00ab&nbsp;[Cette \u00e9lection]&nbsp;: voil\u00e0 bien la preuve que la France poss\u00e8de encore un esprit ouvert \u00e0 la surprise.&nbsp;\u00bb <\/strong>( <a href=\"https:\/\/lemotdujour.fr\/?p=1777\"><span style=\"color: blue; text-decoration: underline;\">jeudi 11 mai 2017<\/span><\/a><span style=\"color: blue;\"><span style=\"color: navy;\">) <span style=\"color: #777777;\">explique la m\u00eame chose.<span style=\"color: navy;\"><br \/>\n<\/span><\/span><\/span><\/span><\/span><\/span><\/span><\/span><\/span><\/span><\/span><\/span><\/p>\n<p><span style=\"color: #777777; font-family: Arial;\">Mais il n&rsquo;y a pas que l&rsquo;\u00e9conomie, l&rsquo;Histoire est aussi inspirante. Nous sommes encore dans le centenaire de la premi\u00e8re guerre mondiale et les cents ans de la bataille du chemin des dames ont conduit \u00e0 rappeler <span style=\"color: navy;\"><strong>\u00abLa Chanson de Craonne \u00bb <\/strong>( <a href=\"https:\/\/lemotdujour.fr\/?p=506\"><span style=\"color: blue; text-decoration: underline;\">mardi 18 avril 2017<\/span><\/a><span style=\"color: blue;\"><span style=\"color: navy;\">). <\/span><\/span><\/span>Le cin\u00e9ma fait aussi l&rsquo;Histoire Thierry Fr\u00e9maux a r\u00e9alis\u00e9 un documentaire sur le d\u00e9but du cin\u00e9ma et a expliqu\u00e9 que <span style=\"color: navy;\"><strong>\u00ab&nbsp;Le cin\u00e9ma de Lumi\u00e8re avait pour fonction de dire qui nous sommes et ce qu&rsquo;est le monde : c&rsquo;est la m\u00eame chose aujourd&rsquo;hui&nbsp;\u00bb <\/strong>( <a href=\"https:\/\/lemotdujour.fr\/?p=432\"><span style=\"color: blue; text-decoration: underline;\">jeudi 16 f\u00e9vrier 2017<\/span><\/a><span style=\"color: blue;\"><span style=\"color: navy;\">)<br \/>\n<\/span><\/span><\/span><\/span><\/p>\n<p><span style=\"color: #777777; font-family: Arial;\">Le billet quotidien peut aussi \u00e9voquer un r\u00e9cit, une personne ainsi de cette m\u00e9decin qui avait v\u00e9cu l&rsquo;enfer dans son enfance \u00e0 cause d&rsquo;un p\u00e8re fou d&rsquo;ambition et d&rsquo;esprit de comp\u00e9tition&nbsp;: C\u00e9line Raphael <span style=\"color: navy;\"><strong>\u00abLa D\u00e9mesure\u00bb <\/strong>( <a href=\"https:\/\/lemotdujour.fr\/?p=371\"><span style=\"color: blue; text-decoration: underline;\">mercredi 21 d\u00e9cembre 2016<\/span><\/a><span style=\"color: blue;\"><span style=\"color: navy;\">) <span style=\"color: #777777;\">ou cette jeune artiste<span style=\"color: navy;\"> <span style=\"color: #777777;\">qui a brusquement \u00e9t\u00e9 stopp\u00e9e dans son ascension par un cancer&nbsp;: Marine de Nicola. <span style=\"color: navy;\"><strong>\u00ab&nbsp;Le baiser de l&rsquo;ouragan \u00bb <\/strong>( <a href=\"https:\/\/lemotdujour.fr\/?p=512\"><span style=\"color: blue; text-decoration: underline;\">vendredi 21 avril 2017<\/span><\/a><span style=\"color: blue;\"><span style=\"color: navy;\">) <span style=\"color: #777777;\">et qui \u00e9voque sa maladie comme un cadeau mal emball\u00e9 qui lui a permis de murir et de grandir.<br \/>\n<\/span><\/span><\/span><\/span><\/span><\/span><\/span><\/span><\/span><\/span><\/span><\/p>\n<p><span style=\"color: #777777; font-family: Arial;\">Depuis longtemps je portais l&rsquo;id\u00e9e de faire un mot sur <span style=\"color: navy;\"><strong>\u00ab&nbsp;Le divertissement Pascalien&nbsp;\u00bb <\/strong>( <a href=\"https:\/\/lemotdujour.fr\/?p=1833\"><span style=\"color: blue; text-decoration: underline;\">mercredi 17 mai 2017<\/span><\/a><span style=\"color: blue;\"><span style=\"color: navy;\">). <span style=\"color: #808080;\">Je l&rsquo;ai r\u00e9alis\u00e9 au milieu de deux mots \u00e9voquant des \u00e9missions et un livre de <\/span><\/span><span style=\"color: #808080;\">Christophe Andr\u00e9<\/span><\/span><span style=\"color: #808080;\"> sur<\/span><span style=\"color: #777777;\"> <span style=\"color: navy;\"><strong>\u00abLa m\u00e9ditation en pleine conscience&nbsp;\u00bb <\/strong>( <a href=\"https:\/\/lemotdujour.fr\/?p=1807\"><span style=\"color: blue; text-decoration: underline;\">lundi 15 mai 2017<\/span><\/a><span style=\"color: blue;\"><span style=\"color: navy;\">). <span style=\"color: #777777;\">J&rsquo;ai particuli\u00e8rement appr\u00e9ci\u00e9 l&rsquo;\u00e9mission consacr\u00e9 \u00e0<span style=\"color: navy;\"> <strong>\u00ab Rien que \u00bb <\/strong>( <a href=\"https:\/\/lemotdujour.fr\/?p=1816\"><span style=\"color: blue; text-decoration: underline;\">mardi 16 mai 2017<\/span><\/a><span style=\"color: blue;\"><span style=\"color: navy;\">)<br \/>\n<\/span><\/span><\/span><\/span><\/span><\/span><\/span><\/span><\/span><\/span><\/p>\n<p><span style=\"color: #777777; font-family: Arial;\">Il est important de se rappeler aussi que les choses vont plut\u00f4t bien et qu&rsquo;il y a des raisons d&rsquo;esp\u00e9rer comme l&rsquo;explique Johan Norberg <span style=\"color: navy;\"><strong>\u00abTen Reasons to Look Forward to the Future Progr\u00e8s : dix raisons de se r\u00e9jouir de l&rsquo;avenir\u00bb <\/strong>( <a href=\"https:\/\/lemotdujour.fr\/?p=367\"><span style=\"color: blue; text-decoration: underline;\">lundi 19 d\u00e9cembre 2016<\/span><\/a><span style=\"color: blue;\"><span style=\"color: navy;\">)<br \/>\n<\/span><\/span><\/span><\/span><\/p>\n<p><span style=\"color: #777777; font-family: Arial;\">Lundi prochain, nous reprendrons le fil de nouveaux mots du jour.<\/span><\/p>\n<p><span style=\"color: #800000;\">&lt;article sans num\u00e9ro&gt;<\/span><\/p>\n","protected":false},"excerpt":{"rendered":"<p>\u00ab&nbsp;Retour sur les mots du jour du 801\u00e8me au 900\u00e8me&nbsp;(3 et fin)\u00bb R\u00e9trospective Souvent le mot du mot du jour aborde des sujets \u00e9conomiques. Quelquefois des sujets de fond comme celui \u00e9voqu\u00e9 par Louis Chauvel dans \u00ab&nbsp;La spirale du d\u00e9classement&nbsp;\u00bb<\/p>\n","protected":false},"author":1,"featured_media":0,"comment_status":"open","ping_status":"closed","sticky":false,"template":"","format":"standard","meta":{"footnotes":""},"categories":[1],"tags":[10,26],"class_list":["post-2479","post","type-post","status-publish","format-standard","hentry","category-motdujour","tag-economie","tag-retrospective"],"_links":{"self":[{"href":"https:\/\/lemotdujour.fr\/index.php?rest_route=\/wp\/v2\/posts\/2479","targetHints":{"allow":["GET"]}}],"collection":[{"href":"https:\/\/lemotdujour.fr\/index.php?rest_route=\/wp\/v2\/posts"}],"about":[{"href":"https:\/\/lemotdujour.fr\/index.php?rest_route=\/wp\/v2\/types\/post"}],"author":[{"embeddable":true,"href":"https:\/\/lemotdujour.fr\/index.php?rest_route=\/wp\/v2\/users\/1"}],"replies":[{"embeddable":true,"href":"https:\/\/lemotdujour.fr\/index.php?rest_route=%2Fwp%2Fv2%2Fcomments&post=2479"}],"version-history":[{"count":5,"href":"https:\/\/lemotdujour.fr\/index.php?rest_route=\/wp\/v2\/posts\/2479\/revisions"}],"predecessor-version":[{"id":12213,"href":"https:\/\/lemotdujour.fr\/index.php?rest_route=\/wp\/v2\/posts\/2479\/revisions\/12213"}],"wp:attachment":[{"href":"https:\/\/lemotdujour.fr\/index.php?rest_route=%2Fwp%2Fv2%2Fmedia&parent=2479"}],"wp:term":[{"taxonomy":"category","embeddable":true,"href":"https:\/\/lemotdujour.fr\/index.php?rest_route=%2Fwp%2Fv2%2Fcategories&post=2479"},{"taxonomy":"post_tag","embeddable":true,"href":"https:\/\/lemotdujour.fr\/index.php?rest_route=%2Fwp%2Fv2%2Ftags&post=2479"}],"curies":[{"name":"wp","href":"https:\/\/api.w.org\/{rel}","templated":true}]}}