{"id":2443,"date":"2017-06-08T04:30:25","date_gmt":"2017-06-08T02:30:25","guid":{"rendered":"http:\/\/lemotdujour.fr\/?p=2443"},"modified":"2021-09-29T10:37:06","modified_gmt":"2021-09-29T08:37:06","slug":"__trashed-3","status":"publish","type":"post","link":"https:\/\/lemotdujour.fr\/?p=2443","title":{"rendered":"Jeudi 8 juin 2017"},"content":{"rendered":"<div class=\"mdjTexte\">\t\u00ab&nbsp;Retour sur les mots du jour du 801\u00e8me au 900\u00e8me&nbsp;(2)\u00bb<\/div>\n<div class=\"mdjAuteur\">\tR\u00e9trospective<\/div>\n<p><span style=\"color: #777777; font-family: Arial;\">Comme d&rsquo;habitude, dans cette s\u00e9rie de mots du jour, plusieurs th\u00e8mes ont regroup\u00e9 plusieurs articles. En g\u00e9n\u00e9ral, ces th\u00e8mes durent une semaine.<br \/>\n<\/span><\/p>\n<p><span style=\"color: #777777; font-family: Arial;\">Parfois comme pour les articles consacr\u00e9s au \u00ab&nbsp;Sapiens&nbsp;\u00bb d&rsquo;Hariri, c&rsquo;est beaucoup plus long.<br \/>\n<\/span><\/p>\n<p><span style=\"color: #777777; font-family: Arial;\">Ainsi, lors de cette s\u00e9rie, un long moment a \u00e9t\u00e9 consacr\u00e9 \u00e0 Michel Serres et \u00e0 plusieurs de ses ouvrages, principalement \u00e0 \u00ab&nbsp;Darwin, Bonaparte et le samaritain&nbsp;\u00bb. Ces articles ont \u00e9t\u00e9 envoy\u00e9s entre le<span style=\"color: maroon;\"> <a href=\"https:\/\/lemotdujour.fr\/?p=446\"><span style=\"color: blue; text-decoration: underline;\">lundi 27 f\u00e9vrier 2017<\/span><\/a><span style=\"color: blue;\"> <span style=\"color: #777777;\">et le <a href=\"https:\/\/lemotdujour.fr\/?p=474\"><span style=\"color: blue; text-decoration: underline;\">vendredi 17 mars 2017<\/span><\/a><span style=\"color: blue; text-decoration: underline;\">.<br \/>\n<\/span><\/span><\/span><\/span><\/span><\/p>\n<p><span style=\"color: #777777; font-family: Arial;\">Au c\u0153ur de ce livre qui distingue 3 \u00e2ges, d&rsquo;abord celui de l&rsquo;apparition de la vie dans notre univers, le deuxi\u00e8me l&rsquo;\u00e2ge de la guerre et le troisi\u00e8me notre temps depuis la derni\u00e8re guerre mondiale, se trouve ce constat de Michel Serres&nbsp;: <span style=\"color: navy;\"><strong>\u00ab&nbsp;Le premier \u00e2ge est plus long qu&rsquo;on ne le croit&nbsp;; Le deuxi\u00e8me pire qu&rsquo;on ne le pense&nbsp;; Le dernier meilleur qu&rsquo;on ne le dit.&nbsp;\u00bb<\/strong> (<span style=\"color: blue;\"><span style=\"color: #0000ff;\"><a style=\"color: #0000ff;\" href=\"https:\/\/lemotdujour.fr\/?p=458\"><span style=\"text-decoration: underline;\">mardi 7 mars 2017<\/span><\/a><\/span><span style=\"color: navy;\">)<strong><br \/>\n<\/strong><\/span><\/span><\/span><\/span><\/p>\n<p><span style=\"color: #777777; font-family: Arial;\">Cette fr\u00e9quentation de l&rsquo;\u0153uvre et de la philosophie de Michel Serres m&rsquo;a conduit aussi \u00e0 deux digressions&nbsp;: la premi\u00e8re pour \u00e9voquer le livre de Pascal Richet <span style=\"color: navy;\"><strong>\u00ab&nbsp;L&rsquo;\u00e2ge du monde&nbsp;\u00bb (<\/strong><span style=\"color: blue;\"><span style=\"text-decoration: underline;\"><span style=\"color: #0000ff;\"><a style=\"color: #0000ff; text-decoration: underline;\" href=\"https:\/\/lemotdujour.fr\/?p=454\">vendredi 3 mars 2017<\/a><\/span>)<\/span><span style=\"color: navy;\"> <span style=\"color: #777777;\">qui relate la perception de l&rsquo;\u00e2ge de l&rsquo;univers aux diff\u00e9rentes \u00e9tapes du d\u00e9veloppement des humains, et la seconde pour revenir sur le d\u00e9cryptage de <span style=\"color: navy;\"><strong>\u00ab&nbsp;La parabole du bon samaritain&nbsp;\u00bb<\/strong><span style=\"color: #777777;\"> par Fran\u00e7oise Dolto <span style=\"color: blue;\"><span style=\"text-decoration: underline;\">(<span style=\"color: #0000ff; text-decoration: underline;\"><a style=\"color: #0000ff; text-decoration: underline;\" href=\"https:\/\/lemotdujour.fr\/?p=460\">mercredi 8 mars 2017<\/a><\/span><\/span><span style=\"color: #0000ff;\">).<br \/>\n<\/span><\/span><\/span><\/span><\/span><\/span><\/span><\/span><\/span><\/p>\n<p><span style=\"color: #777777; font-family: Arial;\">L&rsquo;Histoire du Monde racont\u00e9e par Michel Serres et qu&rsquo;il appelle <span style=\"color: navy;\"><strong>\u00abLe Grand R\u00e9cit&nbsp;\u00bb<\/strong><span style=\"color: #777777;\"> constitue une le\u00e7on d&rsquo;intelligence. (<span style=\"color: #0000ff;\"><a style=\"color: #0000ff;\" href=\"https:\/\/lemotdujour.fr\/?p=452\"><span style=\"text-decoration: underline;\">jeudi 2 mars 2017<\/span><\/a><\/span><span style=\"color: blue;\"><span style=\"text-decoration: underline;\">)<\/span><span style=\"color: #777777;\"><br \/>\n<\/span><\/span><\/span><\/span><\/span><\/p>\n<p><span style=\"color: #777777; font-family: Arial;\">Comme les deux pens\u00e9es philosophiques finales&nbsp;: <span style=\"color: navy;\"><strong>\u00ab&nbsp;Il n&rsquo;y a pas qu&rsquo;une v\u00e9rit\u00e9. Il y a des milliards de v\u00e9rit\u00e9\u00bb <\/strong><span style=\"color: #777777;\">et<span style=\"color: navy;\"><strong> \u00ab&nbsp;C&rsquo;est le chemin le plus important.\u00bb <\/strong><span style=\"color: #777777;\">mots des<span style=\"color: navy;\"> <span style=\"color: blue;\"><span style=\"color: #0000ff;\"><a style=\"color: #0000ff;\" href=\"https:\/\/lemotdujour.fr\/?p=472\"><span style=\"text-decoration: underline;\">jeudi 16 mars 2017 <\/span><\/a><\/span><span style=\"color: navy;\">et <span style=\"color: #0000ff;\"><a style=\"color: #0000ff;\" href=\"https:\/\/lemotdujour.fr\/?p=474\"><span style=\"text-decoration: underline;\">vendredi 17 mars 2017<\/span><\/a><\/span><span style=\"color: blue; text-decoration: underline;\"><br \/>\n<\/span><\/span><\/span><\/span><\/span><\/span><\/span><\/span><\/span><\/p>\n<p><span style=\"color: #777777; font-family: Arial;\">La premi\u00e8re semaine de mots du jour de 2017 fut consacr\u00e9e au th\u00e8me de la Paix.<br \/>\n<\/span><\/p>\n<p><span style=\"color: #777777; font-family: Arial;\">En commen\u00e7ant par un ouvrage de Jean-Claude Carri\u00e8re <span style=\"color: navy;\"><strong>\u00ab&nbsp;La paix&nbsp;\u00bb <\/strong><span style=\"color: #0000ff;\">(<\/span><span style=\"color: blue;\"><span style=\"text-decoration: underline; color: #0000ff;\"><a style=\"color: #0000ff; text-decoration: underline;\" href=\"https:\/\/lemotdujour.fr\/?p=377\">lundi 9 janvier 2017<\/a>)<\/span><span style=\"color: #777777;\"> pour finir par le livre de Belinda Cannone <span style=\"color: navy;\"><strong>\u00abS&rsquo;\u00e9merveiller \u00bb (<\/strong><span style=\"color: blue; text-decoration: underline;\"><span style=\"color: #0000ff; text-decoration: underline;\"><a style=\"color: #0000ff; text-decoration: underline;\" href=\"https:\/\/lemotdujour.fr\/?p=385\">vendredi 13 janvier 2017<\/a><\/span>)<br \/>\n<\/span><\/span><\/span><\/span><\/span><\/span><\/p>\n<p><span style=\"color: #777777; font-family: Arial;\">Entre temps, j&rsquo;avais \u00e9voqu\u00e9 le sombre destin de cet extraordinaire m\u00e9decin obst\u00e9tricien hongrois qui \u0153uvra pour l&rsquo;hygi\u00e8ne dans un grand climat d&rsquo;hostilit\u00e9 (1818-1865) <span style=\"color: navy;\"><strong>\u00ab&nbsp;Ignace Philippe Semmelweis&nbsp;\u00bb<\/strong> (<span style=\"color: blue;\"><span style=\"text-decoration: underline;\"><span style=\"color: #0000ff;\"><a style=\"color: #0000ff; text-decoration: underline;\" href=\"https:\/\/lemotdujour.fr\/?p=381\">mercredi 11 janvier 2017<\/a><\/span>) <\/span><span style=\"color: #777777;\">et un article de la grande pr\u00e9historienne Maryl\u00e8ne Patou-Mathis <span style=\"color: navy;\"><strong>\u00ab&nbsp;Non, les hommes n&rsquo;ont pas toujours fait la guerre&nbsp;\u00bb<\/strong> (<span style=\"color: blue; text-decoration: underline;\"><span style=\"color: #0000ff;\"><a style=\"color: #0000ff; text-decoration: underline;\" href=\"https:\/\/lemotdujour.fr\/?p=383\">jeudi 12 janvier 2017<\/a><\/span>)<br \/>\n<\/span><\/span><\/span><\/span><\/span><\/span><\/p>\n<p><span style=\"color: #777777; font-family: Arial;\">La semaine suivante, chaque mot du jour de la semaine \u00e9tait consacr\u00e9 \u00e0 une photo r\u00e9alis\u00e9e en 2016 du<span style=\"color: #0000ff;\"> <a style=\"color: #0000ff;\" href=\"https:\/\/lemotdujour.fr\/?p=387\"><span style=\"text-decoration: underline;\">lundi 16 janvier 2017<\/span><\/a><\/span><span style=\"color: navy;\"> au <a href=\"https:\/\/lemotdujour.fr\/?p=395\"><span style=\"color: blue; text-decoration: underline;\"><span style=\"color: #0000ff; text-decoration: underline;\">vendredi 20 janvier<\/span> <span style=\"color: #0000ff; text-decoration: underline;\">2017<\/span><\/span><\/a><span style=\"color: blue;\"><span style=\"text-decoration: underline;\">.<\/span><span style=\"color: #777777;\"> La plus po\u00e9tique \u00e9tant celle du jeudi&nbsp;: <span style=\"color: navy;\"><strong>\u00ab&nbsp;Homo sapiens d&rsquo;hier et d&rsquo;aujourd&rsquo;hui&nbsp;: Solar Impulse survole les pyramides\u00bb<\/strong><span style=\"color: #777777;\"><br \/>\n<\/span><\/span><\/span><\/span><\/span><\/span><\/p>\n<p><span style=\"color: #777777; font-family: Arial;\">Et puis, sans \u00eatre une th\u00e9matique structur\u00e9e et inscrit dans une semaine pr\u00e9cise, beaucoup de mots du jour de cette s\u00e9rie ont \u00e9t\u00e9 consacr\u00e9s \u00e0 la pr\u00e9sidentielle fran\u00e7aise dont le d\u00e9roulement comme le r\u00e9sultat furent inattendus.<br \/>\n<\/span><\/p>\n<p><span style=\"color: #777777; font-family: Arial;\">Si le plus souvent le mot du jour cite surtout des auteurs et leurs r\u00e9flexions assorties de quelques commentaires de ma part, il m&rsquo;arrive aussi de r\u00e9diger certains articles de mani\u00e8re plus personnelle. Il en fut ainsi d&rsquo;un premier consacr\u00e9 \u00e0 la <span style=\"color: navy;\"><strong>\u00ab&nbsp;La cinqui\u00e8me R\u00e9publique&nbsp;\u00bb <\/strong><span style=\"color: #0000ff;\">(<\/span><span style=\"color: blue;\"><span style=\"color: #0000ff;\"><a style=\"color: #0000ff;\" href=\"https:\/\/lemotdujour.fr\/?p=420\"><span style=\"text-decoration: underline;\">mercredi 8 f\u00e9vrier 2017<\/span><\/a><\/span><span style=\"color: navy;\"><span style=\"color: #0000ff;\">)<\/span> <span style=\"color: #777777;\">dans son ensemble. Puis un second consacr\u00e9 \u00e0 <span style=\"color: navy;\"><strong>\u00ab&nbsp;L&rsquo;article 16 de la constitution&nbsp;\u00bb<\/strong><span style=\"color: #777777;\"> en particulier <span style=\"color: navy;\"> (<span style=\"color: #0000ff;\"><a style=\"color: #0000ff;\" href=\"https:\/\/lemotdujour.fr\/?p=508\"><span style=\"text-decoration: underline;\">mercredi 19 avril 2017<\/span><\/a>).<strong><br \/>\n<\/strong><\/span><\/span><\/span><\/span><\/span><\/span><\/span><\/span><\/span><\/p>\n<p><span style=\"color: #777777; font-family: Arial;\">Mais la pr\u00e9sidentielle fran\u00e7aise conduisit les journalistes \u00e9trangers \u00e0 poser des questions sur la France, questions dont Robert Zaretsky journaliste du Foreign Policy a fait la synth\u00e8se&nbsp;: <span style=\"color: navy;\"><strong>\u00ab Why Is France So Corrupt ? \u00bb \u00abPourquoi la France est-elle si corrompue ?\u00bb (<\/strong><span style=\"color: blue;\"><span style=\"color: #0000ff;\"><a style=\"color: #0000ff;\" href=\"https:\/\/lemotdujour.fr\/?p=417\"><span style=\"text-decoration: underline;\">lundi 6 f\u00e9vrier 2017<\/span><\/a><\/span><span style=\"color: navy;\"><strong>)<br \/>\n<\/strong><\/span><\/span><\/span><\/span><\/p>\n<p><span style=\"color: #777777; font-family: Arial;\">Cette pr\u00e9sidentielle a montr\u00e9 que le clivage droite\/gauche n&rsquo;\u00e9tait plus aussi efficient que ce soit en France comme dans les autres pays occidentaux<br \/>\n<\/span><\/p>\n<p><span style=\"color: #777777; font-family: Arial;\">C&rsquo;est pourquoi l&rsquo;article de Thomas Friedman dans le New York times<span style=\"color: maroon;\"> <span style=\"color: navy;\"><strong>\u00ab&nbsp;Web people vs wall people &#8211; Le peuple du web contre le peuple du mur\u00bb, <\/strong><span style=\"color: #777777;\">qui montrait qu&rsquo;une partie des occidentaux est particuli\u00e8rement \u00e0 l&rsquo;aise avec la mondialisation alors qu&rsquo;une autre en a peur et veut s&rsquo;en prot\u00e9ger, m&rsquo;a paru particuli\u00e8rement pertinent. <span style=\"color: navy;\">(<span style=\"color: #0000ff;\"><a style=\"color: #0000ff;\" href=\"https:\/\/lemotdujour.fr\/?p=504\"><span style=\"text-decoration: underline;\">vendredi 14 avril 2017<\/span><\/a><\/span><span style=\"color: blue; text-decoration: underline;\">)<br \/>\n<\/span><\/span><\/span><\/span><\/span><\/span><\/p>\n<p><span style=\"color: #777777; font-family: Arial;\">Cette pr\u00e9sidentielle m&rsquo;a conduit aussi \u00e0 aller voir et \u00e0 vous parler d&rsquo;un documentaire que R\u00e9gis Sauder a consacr\u00e9 \u00e0 ma ville natale, particuli\u00e8rement sensible aux sir\u00e8nes du Front National&nbsp;: <span style=\"color: #002060;\"><strong>\u00ab&nbsp;Retour \u00e0 Forbach&nbsp;\u00bb<\/strong> <span style=\"color: #777777;\">(<span style=\"color: #0000ff;\"><a style=\"color: #0000ff;\" href=\"https:\/\/lemotdujour.fr\/?p=518\">jeudi 27 avril 2017<\/a><\/span>).<br \/>\n<\/span><\/span><\/span><\/p>\n<p><span style=\"color: #777777; font-family: Arial;\">Plusieurs fois j&rsquo;ai fait appel, pendant cette p\u00e9riode, \u00e0 Edgar Morin qui fustige ces partis qui en appellent \u00e0 la r\u00e9gression et \u00e0 la x\u00e9nophobie mais qui a des mots tout aussi durs pour le monde de l&rsquo;argent roi et du lib\u00e9ralisme financier omnipotent&nbsp;: <span style=\"color: navy;\"><strong>\u00ab&nbsp;Partout, deux barbaries se conjuguent, la vieille barbarie de la haine, du m\u00e9pris, de la cruaut\u00e9, et la barbarie glac\u00e9e du calcul qui veut contr\u00f4ler tout ce qui est humain.&nbsp;\u00bb (<\/strong><span style=\"color: blue; text-decoration: underline;\"><span style=\"color: #0000ff;\"><a style=\"color: #0000ff; text-decoration: underline;\" href=\"https:\/\/lemotdujour.fr\/?p=522\">mardi 2 mai 2017<\/a><\/span>)<br \/>\n<\/span><\/span><\/span><\/p>\n<p><span style=\"color: #777777; font-family: Arial;\">Et je ne peux passer sous silence, cette intervention pleine d&rsquo;\u00e9nergie et de de passion de Fatou Diome lors de l&rsquo;\u00e9mission du Gros Journal de Canal + du 22 mars 2017 <span style=\"color: #002060;\"><strong>\u00ab&nbsp;Je crois \u00e0 une France lumineuse qui se battra toujours pour ses valeurs.&nbsp;\u00bb<\/strong> (<span style=\"color: #0000ff;\"><a style=\"color: #0000ff;\" href=\"https:\/\/lemotdujour.fr\/?p=528\"><span style=\"text-decoration: underline;\">vendredi 5 mai 2017<\/span><\/a><\/span><span style=\"color: #351c75;\">)<\/span><\/span><\/span><\/p>\n<p><span style=\"color: #800000;\">&lt;article sans num\u00e9ro&gt;<\/span><\/p>\n","protected":false},"excerpt":{"rendered":"<p>\u00ab&nbsp;Retour sur les mots du jour du 801\u00e8me au 900\u00e8me&nbsp;(2)\u00bb R\u00e9trospective Comme d&rsquo;habitude, dans cette s\u00e9rie de mots du jour, plusieurs th\u00e8mes ont regroup\u00e9 plusieurs articles. En g\u00e9n\u00e9ral, ces th\u00e8mes durent une semaine. Parfois comme pour les articles consacr\u00e9s au<\/p>\n","protected":false},"author":1,"featured_media":0,"comment_status":"open","ping_status":"closed","sticky":false,"template":"","format":"standard","meta":{"footnotes":""},"categories":[1],"tags":[26],"class_list":["post-2443","post","type-post","status-publish","format-standard","hentry","category-motdujour","tag-retrospective"],"_links":{"self":[{"href":"https:\/\/lemotdujour.fr\/index.php?rest_route=\/wp\/v2\/posts\/2443","targetHints":{"allow":["GET"]}}],"collection":[{"href":"https:\/\/lemotdujour.fr\/index.php?rest_route=\/wp\/v2\/posts"}],"about":[{"href":"https:\/\/lemotdujour.fr\/index.php?rest_route=\/wp\/v2\/types\/post"}],"author":[{"embeddable":true,"href":"https:\/\/lemotdujour.fr\/index.php?rest_route=\/wp\/v2\/users\/1"}],"replies":[{"embeddable":true,"href":"https:\/\/lemotdujour.fr\/index.php?rest_route=%2Fwp%2Fv2%2Fcomments&post=2443"}],"version-history":[{"count":10,"href":"https:\/\/lemotdujour.fr\/index.php?rest_route=\/wp\/v2\/posts\/2443\/revisions"}],"predecessor-version":[{"id":12212,"href":"https:\/\/lemotdujour.fr\/index.php?rest_route=\/wp\/v2\/posts\/2443\/revisions\/12212"}],"wp:attachment":[{"href":"https:\/\/lemotdujour.fr\/index.php?rest_route=%2Fwp%2Fv2%2Fmedia&parent=2443"}],"wp:term":[{"taxonomy":"category","embeddable":true,"href":"https:\/\/lemotdujour.fr\/index.php?rest_route=%2Fwp%2Fv2%2Fcategories&post=2443"},{"taxonomy":"post_tag","embeddable":true,"href":"https:\/\/lemotdujour.fr\/index.php?rest_route=%2Fwp%2Fv2%2Ftags&post=2443"}],"curies":[{"name":"wp","href":"https:\/\/api.w.org\/{rel}","templated":true}]}}