{"id":2436,"date":"2017-06-07T04:30:08","date_gmt":"2017-06-07T02:30:08","guid":{"rendered":"http:\/\/lemotdujour.fr\/?p=2436"},"modified":"2021-09-29T10:35:09","modified_gmt":"2021-09-29T08:35:09","slug":"mercredi-7-juin-2017","status":"publish","type":"post","link":"https:\/\/lemotdujour.fr\/?p=2436","title":{"rendered":"Mercredi 7 juin 2017"},"content":{"rendered":"<div class=\"mdjTexte\">\t\u00ab&nbsp;Retour sur les mots du jour du 801\u00e8me au 900\u00e8me&nbsp;(1)\u00bb<\/div>\n<div class=\"mdjAuteur\">\tR\u00e9trospective<\/div>\n<p><span style=\"color: #777777; font-family: Arial;\">J&rsquo;avais d\u00e9but\u00e9 cette derni\u00e8re s\u00e9rie de 100 mots par une r\u00e9flexion personnelle \u00ab <span style=\"color: #002060;\"><strong>Ce n&rsquo;est qu&rsquo;en tournant autour du pot qu&rsquo;on peut en voir tous ses aspects !<\/strong><span style=\"color: #777777;\">\u00bb qui a suscit\u00e9 des r\u00e9actions \u00e9tonn\u00e9es et m\u00eame r\u00e9probatrices.<br \/>\n<\/span><\/span><\/span><\/p>\n<p><span style=\"color: #777777; font-family: Arial;\">L&rsquo;existence du blog permet d\u00e9sormais de renvoyer syst\u00e9matiquement au mot concern\u00e9 par un lien qui vous permet de le relire int\u00e9gralement. C&rsquo;\u00e9tait le mot du <a href=\"https:\/\/lemotdujour.fr\/?p=357\"><span style=\"color: blue; text-decoration: underline;\">jeudi 8 d\u00e9cembre 2016<\/span><\/a><span style=\"color: blue; text-decoration: underline;\"><br \/>\n<\/span><\/span><\/p>\n<p><span style=\"color: #777777; font-family: Arial;\">Donc surprise et r\u00e9probation, car dans le langage courant cette expression signifie la difficult\u00e9 ou m\u00eame la l\u00e2chet\u00e9 de ne pas oser dire les choses clairement ou encore constitue une apologie de l&rsquo;ind\u00e9cision. Mais ce n&rsquo;est pas ce sens primaire que j&rsquo;entendais donner \u00e0 cette formule, mais bien la capacit\u00e9 de nuancer&nbsp;: tourner autour du pot permet d&rsquo;observer le m\u00eame pot sous diff\u00e9rents \u00e9clairages.<br \/>\n<\/span><\/p>\n<p><span style=\"color: #777777; font-family: Arial;\">Un jour, peut- \u00eatre, j&rsquo;essayerai de tourner autour du pot de la \u00ab&nbsp;<strong>dette<\/strong>&nbsp;\u00bb si pr\u00e9sente dans le langage politique et \u00e9conomique contemporain.<br \/>\n<\/span><\/p>\n<p><span style=\"color: #777777; font-family: Arial;\">Vous pouvez analyser la dette sous le regard de l&rsquo;\u00e9conomiste classique&nbsp;: la dette est la cons\u00e9quence d&rsquo;un emprunt qui permet de diff\u00e9rer le paiement d&rsquo;un bien ou d&rsquo;un service dont vous pouvez disposer imm\u00e9diatement.<br \/>\n<\/span><\/p>\n<p><span style=\"color: #777777; font-family: Arial;\">Et puis vous pouvez analyser la dette avec le regard du peuple allemand, ce peuple qui utilise dans sa langue le m\u00eame mot pour dire \u00ab&nbsp;faute&nbsp;\u00bb et pour dire \u00ab&nbsp;dette&nbsp;\u00bb, un mot du jour a \u00e9t\u00e9 consacr\u00e9 \u00e0 ce substantif germain&nbsp;: <span style=\"color: navy;\"><strong>\u00ab&nbsp;Die Schuld&nbsp;\u00bb (<\/strong><span style=\"color: blue;\"><span style=\"text-decoration: underline;\"><span style=\"color: #0000ff;\"><a style=\"color: #0000ff; text-decoration: underline;\" href=\"https:\/\/lemotdujour.fr\/?p=2255\">lundi 4 novembre 2013<\/a><\/span>). <\/span><\/span><\/span>Pour les allemands, le pr\u00eat est avant tout une question de confiance, le pr\u00eateur pr\u00eate parce qu&rsquo;il a confiance en celui \u00e0 qui il pr\u00eate. D\u00e8s lors, envisager ne pas rembourser une dette constitue une trahison de cette confiance, une faute morale.<br \/>\n<\/span><\/p>\n<p><span style=\"color: #777777; font-family: Arial;\">Et puis, vous pouvez suivre le regard de Paul Jorion qui vous expliquera que la dette c&rsquo;est le fait que quelqu&rsquo;un, qui dispose d&rsquo;argent dont il n&rsquo;a pas besoin, a pr\u00eat\u00e9 une somme d&rsquo;argent \u00e0 une autre personne qui en avait besoin et qui ne l&rsquo;avait pas. La dette s&rsquo;analyse de ce point de vue comme une mauvaise allocation des ressources dans le monde.<br \/>\n<\/span><\/p>\n<p><span style=\"color: #777777; font-family: Arial;\">Vous pouvez aussi entendre l&rsquo;analyse de <span style=\"color: #0000ff;\"><a style=\"color: #0000ff;\" href=\"http:\/\/www.editionslesliensquiliberent.fr\/livre-Dette__5000_ans_d_histoire-370-1-1-0-1.html\">David Graeber<\/a><\/span> qui vous dira que l&rsquo;exp\u00e9rience de l&rsquo;Histoire montre que les tr\u00e8s grosses dettes des Etats ne sont jamais rembours\u00e9es. Soit la dette est annul\u00e9e, soit l&rsquo;inflation la r\u00e9duit en peau de chagrin soit d&rsquo;autres proc\u00e9d\u00e9s sont mis en \u0153uvre pour l&rsquo;annihiler.<br \/>\n<\/span><\/p>\n<p><span style=\"color: #777777; font-family: Arial;\">Le pot de la dette n&rsquo;est pas simple \u00e0 analyser, il ne peut se r\u00e9sumer \u00e0 la seule vision allemande, ni \u00e0 la seule vision \u00ab&nbsp;\u00e9galitaire&nbsp;\u00bb de Paul Jorion. Mais ces deux \u00e9clairages se f\u00e9condent et rendent davantage justice \u00e0 la complexit\u00e9 du monde.<br \/>\n<\/span><\/p>\n<p><span style=\"color: #777777; font-family: Arial;\">Notre Pr\u00e9sident a rendu populaire une expression qui exprime \u00e0 peu pr\u00e8s cette m\u00eame nuance&nbsp;: \u00ab&nbsp;En m\u00eame temps\u2026&nbsp;\u00bb<br \/>\n<\/span><\/p>\n<p><span style=\"color: #777777; font-family: Arial;\">Mais je m&rsquo;\u00e9gare, ce message avait pour objet de faire une r\u00e9trospective sur les 100 derniers mots du jour.<br \/>\n<\/span><\/p>\n<p><span style=\"color: #777777; font-family: Arial;\">J&rsquo;ai rapidement mise en \u0153uvre cette facult\u00e9 de tourner autour du pot en \u00e9voquant Fidel Castro qui venait de mourir.<br \/>\n<\/span><\/p>\n<p><span style=\"color: #777777; font-family: Arial;\"><strong>D&rsquo;abord<\/strong> en laissant Noam Chomsky expliquer que beaucoup de ce qui \u00e9tait arriv\u00e9 \u00e0 Cuba provenait de l&rsquo;hostilit\u00e9 des Etats-Unis&nbsp;: <span style=\"color: navy;\"><strong>\u00abImaginez ce que serait la situation aux \u00c9tats-Unis si, dans la foul\u00e9e de son ind\u00e9pendance, une superpuissance avait inflig\u00e9 pareil traitement : jamais des institutions d\u00e9mocratiques n&rsquo;auraient pu y prosp\u00e9rer. \u00bb <\/strong>(<span style=\"color: #0000ff;\"><a style=\"color: #0000ff;\" href=\"https:\/\/lemotdujour.fr\/?p=361\">mercredi 14 d\u00e9cembre 2016<\/a><\/span>)<br \/>\n<\/span><\/span><\/p>\n<p><span style=\"color: #777777; font-family: Arial;\"><strong>Puis<\/strong> en rappelant un \u00e9pisode rapport\u00e9 par Jean Daniel, dans lequel Fidel Castro, apr\u00e8s la crise des missiles, voulait exprimer un message de paix \u00e0 John Kennedy et aux Etats-Unis&nbsp;:<span style=\"color: white;\"> <span style=\"color: navy;\"><strong>\u00abPuisque vous allez revoir Kennedy, soyez un messager de paix. \u00bb <\/strong>(<a href=\"https:\/\/lemotdujour.fr\/?p=363\"><span style=\"color: blue; text-decoration: underline;\">jeudi 15 d\u00e9cembre 2016<\/span><\/a><span style=\"color: #002060;\">. <span style=\"color: #777777;\">H\u00e9las, cette invitation a \u00e9t\u00e9 suivie quelques heures apr\u00e8s par l&rsquo;assassinat du Pr\u00e9sident Kennedy \u00e0 Dallas, rendant cette proposition obsol\u00e8te.<br \/>\n<\/span><\/span><\/span><\/span><\/span><\/p>\n<p><span style=\"color: #777777; font-family: Arial;\"><strong>Mais<\/strong> j&rsquo;ai aussi \u00e9voqu\u00e9 le cri de col\u00e8re et de d\u00e9tresse d&rsquo;Ileana de la Guardia, fille d&rsquo;un des plus proches collaborateurs de Fidel Castro que ce dernier a fait ex\u00e9cuter pour de sombres man\u0153uvres politiques, montrant ainsi la face sombre de ce r\u00e9gime&nbsp;: <span style=\"color: navy;\"><strong>\u00abOn ne lui a m\u00eame pas accord\u00e9 un nom sur une tombe dans le cimeti\u00e8re de La Havane. Il est gomm\u00e9 de l&rsquo;Histoire. Oubli\u00e9, jet\u00e9 dans la fosse commune. Comme les h\u00e9r\u00e9tiques du Moyen \u00c2ge. [\u2026] Aujourd&rsquo;hui, je clame son nom, pour que jamais on ne l&rsquo;oublie : Tony de la Guardia, mon p\u00e8re bien-aim\u00e9.\u00bb (<\/strong><span style=\"color: #0000ff;\"><a style=\"color: #0000ff;\" href=\"https:\/\/lemotdujour.fr\/?p=365\"><span style=\"text-decoration: underline;\">vendredi 16 d\u00e9cembre 2016<\/span>)<br \/>\n<\/a><\/span><\/span><\/span><\/p>\n<p><span style=\"color: #777777; font-family: Arial;\">C&rsquo;est encore dans cette recherche de la nuance que j&rsquo;ai \u00e9crit l&rsquo;article \u00ab<span style=\"color: navy;\"><strong>\u00ab&nbsp;Des chiffres et des hommes&nbsp;\u00bb (<\/strong><span style=\"color: blue;\"><span style=\"text-decoration: underline;\"><span style=\"color: #0000ff;\"><a style=\"color: #0000ff; text-decoration: underline;\" href=\"https:\/\/lemotdujour.fr\/?p=407\">lundi 30 janvier 201<\/a><\/span>7<\/span><span style=\"color: navy;\"><strong>)<\/strong><span style=\"color: #777777;\">&nbsp;dans lequel j&rsquo;essayais de montrer que si les chiffres sont indispensables pour d\u00e9crire certaines r\u00e9alit\u00e9s, la place qu&rsquo;on leur donne aujourd&rsquo;hui est exag\u00e9r\u00e9e et surtout perverse. Je concluais par cette phrase d\u00e9tourn\u00e9e de la Pr\u00e9face de <strong>La Dame aux Cam\u00e9lias<\/strong> (1848), d&rsquo;Alexandre Dumas fils : \u00ab&nbsp;<strong>N&rsquo;estime le chiffre ni plus ni moins qu&rsquo;il ne vaut&nbsp;: c&rsquo;est un bon serviteur et un mauvais ma\u00eetre<\/strong>&nbsp;\u00bb.<br \/>\n<\/span><\/span><\/span><\/span><\/span><\/p>\n<p><span style=\"color: #777777; font-family: Arial;\">Cette mise au point \u00e9tait n\u00e9cessaire apr\u00e8s plusieurs mots consacr\u00e9s \u00e0 parler uniquement de l&rsquo;aspect obscur du chiffre, notamment:<br \/>\n<\/span><\/p>\n<ul>\n<li><span style=\"color: #777777; font-family: Arial;\">Le concept du sociologue am\u00e9ricain Pitirim Sorokin (1889-1968)<span style=\"color: maroon;\"> <span style=\"color: navy;\"><strong>\u00abLa quantophr\u00e9nie\u00bb <\/strong>(<a href=\"https:\/\/lemotdujour.fr\/?p=1445\"><span style=\"color: blue; text-decoration: underline;\">jeudi 6 octobre 2016<\/span><\/a>)<span style=\"color: #777777;\"><br \/>\n<\/span><\/span><\/span><\/span><\/li>\n<li><span style=\"color: #777777; font-family: Arial;\">Ou le th\u00e8me d\u00e9velopp\u00e9 par Alain Supiot&nbsp;: <span style=\"color: navy;\"><strong>\u00abLa Gouvernance par les nombres\u00bb <\/strong>(<a href=\"https:\/\/lemotdujour.fr\/?p=1182\"><span style=\"color: blue; text-decoration: underline;\">vendredi 3 juillet 2015<\/span><\/a><span style=\"color: #777777;\"><span style=\"text-decoration: underline;\">)<\/span><br \/>\n<\/span><\/span><\/span><\/li>\n<\/ul>\n<p><span style=\"color: #777777; font-family: Arial;\">Et je conclurai la premi\u00e8re partie de cette r\u00e9trospective par cette pens\u00e9e d&rsquo;une grande sagesse de Rachid Benzine&nbsp;: <span style=\"color: navy;\"><strong>\u00ab&nbsp;Le contraire de la connaissance, ce n&rsquo;est pas l&rsquo;ignorance mais les certitudes.\u00bb (<\/strong><span style=\"color: blue;\"><span style=\"color: #0000ff;\"><a style=\"color: #0000ff;\" href=\"https:\/\/lemotdujour.fr\/?p=399\"><span style=\"text-decoration: underline;\">mardi 24 janvier 2017<\/span><\/a><\/span><span style=\"color: navy;\"><strong>)<\/strong><span style=\"color: #777777;\"><br \/>\n<\/span><\/span><\/span><\/span><\/span><\/p>\n<p><span style=\"color: #777777; font-family: Arial;\">Cette r\u00e9flexion, qui se situe dans un \u00e9change entre un p\u00e8re et sa fille partie faire le djihad et qui est le sujet du roman de Rachid Benzine <a href=\"http:\/\/www.seuil.com\/ouvrage\/nour-pourquoi-n-ai-je-rien-vu-venir-rachid-benzine\/9782021340891\" target=\"_blank\" rel=\"noopener noreferrer\"><strong>&lt;<\/strong><\/a><span style=\"color: #0000ff;\"><a style=\"color: #0000ff;\" href=\"http:\/\/www.seuil.com\/ouvrage\/nour-pourquoi-n-ai-je-rien-vu-venir-rachid-benzine\/9782021340891\" target=\"_blank\" rel=\"noopener noreferrer\">Nour, pourquoi n&rsquo;ai-je rien vu venir ?&gt;<\/a><\/span>, peut s&rsquo;inscrire dans un contexte beaucoup plus large d&rsquo;une compr\u00e9hension du monde.<br \/>\n<\/span><\/p>\n<p><span style=\"color: #800000;\">&lt;article sans num\u00e9ro&gt;<\/span><\/p>\n","protected":false},"excerpt":{"rendered":"<p>\u00ab&nbsp;Retour sur les mots du jour du 801\u00e8me au 900\u00e8me&nbsp;(1)\u00bb R\u00e9trospective J&rsquo;avais d\u00e9but\u00e9 cette derni\u00e8re s\u00e9rie de 100 mots par une r\u00e9flexion personnelle \u00ab Ce n&rsquo;est qu&rsquo;en tournant autour du pot qu&rsquo;on peut en voir tous ses aspects !\u00bb qui<\/p>\n","protected":false},"author":1,"featured_media":0,"comment_status":"open","ping_status":"closed","sticky":false,"template":"","format":"standard","meta":{"footnotes":""},"categories":[1],"tags":[26],"class_list":["post-2436","post","type-post","status-publish","format-standard","hentry","category-motdujour","tag-retrospective"],"_links":{"self":[{"href":"https:\/\/lemotdujour.fr\/index.php?rest_route=\/wp\/v2\/posts\/2436","targetHints":{"allow":["GET"]}}],"collection":[{"href":"https:\/\/lemotdujour.fr\/index.php?rest_route=\/wp\/v2\/posts"}],"about":[{"href":"https:\/\/lemotdujour.fr\/index.php?rest_route=\/wp\/v2\/types\/post"}],"author":[{"embeddable":true,"href":"https:\/\/lemotdujour.fr\/index.php?rest_route=\/wp\/v2\/users\/1"}],"replies":[{"embeddable":true,"href":"https:\/\/lemotdujour.fr\/index.php?rest_route=%2Fwp%2Fv2%2Fcomments&post=2436"}],"version-history":[{"count":8,"href":"https:\/\/lemotdujour.fr\/index.php?rest_route=\/wp\/v2\/posts\/2436\/revisions"}],"predecessor-version":[{"id":12211,"href":"https:\/\/lemotdujour.fr\/index.php?rest_route=\/wp\/v2\/posts\/2436\/revisions\/12211"}],"wp:attachment":[{"href":"https:\/\/lemotdujour.fr\/index.php?rest_route=%2Fwp%2Fv2%2Fmedia&parent=2436"}],"wp:term":[{"taxonomy":"category","embeddable":true,"href":"https:\/\/lemotdujour.fr\/index.php?rest_route=%2Fwp%2Fv2%2Fcategories&post=2436"},{"taxonomy":"post_tag","embeddable":true,"href":"https:\/\/lemotdujour.fr\/index.php?rest_route=%2Fwp%2Fv2%2Ftags&post=2436"}],"curies":[{"name":"wp","href":"https:\/\/api.w.org\/{rel}","templated":true}]}}