{"id":2414,"date":"2017-06-06T04:30:59","date_gmt":"2017-06-06T02:30:59","guid":{"rendered":"http:\/\/lemotdujour.fr\/?p=2414"},"modified":"2021-09-29T10:39:10","modified_gmt":"2021-09-29T08:39:10","slug":"mardi-6-juin-2017","status":"publish","type":"post","link":"https:\/\/lemotdujour.fr\/?p=2414","title":{"rendered":"Mardi 6 juin 2017"},"content":{"rendered":"<div class=\"mdjTexte\">\t\u00abSavoir, Savoir-faire, Faire savoir\u00bb<\/div>\n<div class=\"mdjAuteur\">\tPierre Ferrari, Mon professeur de droit administratif \u00e0 la facult\u00e9 de droit de Metz (ann\u00e9es 1982-1983)<\/div>\n<p><span style=\"color: #777777; font-family: Arial;\">Pierre Ferrari \u00e9tait un excellent professeur de droit public. Je me souviens encore de ce conseil qu&rsquo;il nous avait donn\u00e9 un jour au milieu de son cours&nbsp;: \u00ab&nbsp;\u00abSavoir, Savoir-faire, Faire savoir\u00bb<br \/>\n<\/span><\/p>\n<p><span style=\"color: #777777; font-family: Arial;\">Il faut d&rsquo;abord acqu\u00e9rir<strong> le savoir<\/strong> et les connaissances. C&rsquo;est le d\u00e9but, le commencement.<br \/>\n<\/span><\/p>\n<p><span style=\"color: #777777; font-family: Arial;\">Nous sommes \u00e0 l&rsquo;heure des gens press\u00e9s et nous c\u00f4toyons souvent des personnes impatientes de \u00ab&nbsp;faire savoir&nbsp;\u00bb sans avoir pris le temps d&rsquo;approfondir la premi\u00e8re \u00e9tape&nbsp;: le savoir qui est apprentissage, maturation et aussi exp\u00e9rience.<br \/>\n<\/span><\/p>\n<p><span style=\"color: #777777; font-family: Arial;\">Mais le savoir ne suffit pas, il faut aussi le <strong>savoir-faire<\/strong>. Autrement dit la pratique. J&rsquo;ai beaucoup aim\u00e9 cette r\u00e9flexion, un jour glan\u00e9 sur les r\u00e9seaux sociaux&nbsp;: \u00ab&nbsp;Un jour j&rsquo;irai vivre dans le monde de la th\u00e9orie, dans ce monde tout se passe toujours bien&nbsp;\u00bb. Mettre en \u0153uvre, voici la seconde \u00e9tape.<br \/>\n<\/span><\/p>\n<p><span style=\"color: #777777; font-family: Arial;\">Et puis on peut acc\u00e9der \u00e0 la 3<sup>\u00e8me<\/sup> \u00e9tape&nbsp;: <strong>faire savoir<\/strong>.<br \/>\n<\/span><\/p>\n<p><span style=\"color: #777777; font-family: Arial;\">Je vous l&rsquo;avais \u00e9crit lors du pr\u00e9c\u00e9dent mot, vous lisez aujourd&rsquo;hui<strong> le 900<sup>\u00e8me<\/sup> mot du jour<\/strong>. Vous \u00eates d\u00e9sormais plus d&rsquo;une centaine de destinataires, encore tout r\u00e9cemment quelques esprits bienveillants se sont rajout\u00e9s \u00e0 la liste.<br \/>\n<\/span><\/p>\n<p><span style=\"color: #777777; font-family: Arial;\">Plusieurs m&rsquo;ont conseill\u00e9 de faire un blog qui semble un outil plus moderne pour diffuser quotidiennement ce billet qui essaye d&rsquo;allier butinage, r\u00e9flexion et p\u00e9dagogie.<br \/>\n<\/span><\/p>\n<p><span style=\"color: #777777; font-family: Arial;\">Je m&rsquo;y suis refus\u00e9 longtemps car j&rsquo;aimais ce lien unique qui au-del\u00e0 de la technique de diffusion revenait \u00e0 \u00e9crire une petite lettre (quelquefois longue pourtant) qu&rsquo;un nombre circonscrits de personnes que je connais et que j&rsquo;appr\u00e9cie re\u00e7oivent dans leur boite aux lettres virtuel, le matin avant de commencer leur journ\u00e9e.<br \/>\n<\/span><\/p>\n<p><span style=\"color: #777777; font-family: Arial;\">Il faut \u00eatre exact, de mani\u00e8re tr\u00e8s limit\u00e9e j&rsquo;ai accept\u00e9 qu&rsquo;entre dans la liste des destinataires des personnes que je ne connaissais pas mais qui m&rsquo;ont \u00e9t\u00e9 recommand\u00e9es par un abonn\u00e9 que je connaissais.<br \/>\n<\/span><\/p>\n<p><span style=\"color: #777777; font-family: Arial;\">Certains m&rsquo;ont dit qu&rsquo;ils avaient institu\u00e9 une sorte de rituel de lire \u00e0 leur r\u00e9veil, \u00e0 leur arriv\u00e9e au travail ou en chemin dans les transports en commun le fruit de mon exercice quotidien.<br \/>\n<\/span><\/p>\n<p><span style=\"color: #777777; font-family: Arial;\">R\u00e9cemment notre ami commun, Google, nous a collectivement jou\u00e9 des tours en n&rsquo;acheminant pas le message du matin ou avec beaucoup de retard. Sans aucune certitude je soup\u00e7onne notre ami de surveiller avec suspicion le nombre de destinataires de ces courriels. Vous savez que Google \u00ab&nbsp;offre&nbsp;\u00bb \u00e9norm\u00e9ment de services gratuits aux particuliers. Il les offre parce que dans la relation commerciale subtile qu&rsquo;il a cr\u00e9\u00e9e. le particulier n&rsquo;est pas un client, mais un produit. C&rsquo;est nous, les particuliers, que Google vend \u00e0 des professionnels.<br \/>\n<\/span><\/p>\n<p><span style=\"color: #777777; font-family: Arial;\">Quand il soup\u00e7onne un particulier d&rsquo;agir comme un professionnel, il va lui demander de passer \u00e0 des services payants d&rsquo;une mani\u00e8re plus ou moins explicite. Ceci m&rsquo;a beaucoup contrari\u00e9. Mon fils <strong>Alexis<\/strong> me voyant dans l&#8217;embarras a alors pris les choses en mains.<br \/>\n<\/span><\/p>\n<p><span style=\"color: #777777; font-family: Arial;\">Bien que la cr\u00e9ation de blog ne fasse pas partie de ses comp\u00e9tences et qu&rsquo;il a la sagesse de savoir arr\u00eater de faire de l&rsquo;informatique apr\u00e8s ses heures de travail, toutes enti\u00e8res consacr\u00e9es \u00e0 cette mati\u00e8re binaire, il a par affection accept\u00e9 d&rsquo;offrir de son temps et de son ing\u00e9niosit\u00e9 pour cr\u00e9er un blog d\u00e9di\u00e9 \u00e0 mon mot du jour.<br \/>\n<\/span><\/p>\n<p><span style=\"color: #777777; font-family: Arial;\">Et c&rsquo;est le 6 juin, jour anniversaire du d\u00e9barquement \u2026d&rsquo;Alexis dans la vie que je peux vous en annoncer la cr\u00e9ation.<br \/>\n<\/span><\/p>\n<p><span style=\"color: #777777; font-family: Arial;\">Le domaine \u00ab&nbsp;<span style=\"color: #9bbb59;\"><span style=\"color: #800080;\"><span style=\"color: #0000ff;\">lemotdujour.fr<\/span>&nbsp;<\/span><span style=\"color: #777777;\">\u00bb avait \u00e9t\u00e9 n\u00e9gligemment d\u00e9laiss\u00e9, j&rsquo;ai donc pu l&rsquo;acheter.<br \/>\n<\/span><\/span><\/span><\/p>\n<p><span style=\"color: #777777; font-family: Arial;\">D\u00e9sormais, chaque matin o\u00f9 un mot aura \u00e9t\u00e9 \u00e9crit, l&rsquo;article sera publi\u00e9 sur ce blog.<br \/>\n<\/span><\/p>\n<p><span style=\"color: #777777; font-family: Arial;\">Gr\u00e2ce au travail d&rsquo;Alexis tous les mots du jour d\u00e9j\u00e0 \u00e9crits sont pr\u00e9sents sur cet espace. Tout n&rsquo;est pas encore finalis\u00e9, car certains compl\u00e9tements manuels des articles doivent \u00eatre r\u00e9alis\u00e9s. Mais ils sont tous accessibles.<br \/>\n<\/span><\/p>\n<p><span style=\"color: #777777; font-family: Arial;\">Je continuerai \u00e0 envoyer le mot par courriel, mais je n&rsquo;ajouterai plus de destinataires \u00e0 ma liste.<br \/>\n<\/span><\/p>\n<p><span style=\"color: #777777; font-family: Arial;\">Celles et ceux qui consid\u00e8rent que l&rsquo;existence du blog rend inutile le message quotidien, voudront bien m&rsquo;en informer, je les retirerais de la liste.<br \/>\n<\/span><\/p>\n<p><span style=\"color: #777777; font-family: Arial;\">Et si vous vous attendiez \u00e0 recevoir un message que vous ne recevez pas, il suffira alors d&rsquo;aller sur la page d&rsquo;accueil du blog.<br \/>\n<\/span><\/p>\n<p><span style=\"color: #777777; font-family: Arial;\">Ce blog est public mais les commentaires sont mod\u00e9r\u00e9s.<br \/>\n<\/span><\/p>\n<p><span style=\"color: #777777; font-family: Arial;\">Vous \u00eates \u00e9videmment libre de donner l&rsquo;adresse du blog \u00e0 qui vous le souhaitez.<br \/>\n<\/span><\/p>\n<p><span style=\"color: #777777; font-family: Arial;\">Mon souhait reste cependant que ce partage continue \u00e0 se faire avec des personnes qui ne sont \u00e9videmment pas d&rsquo;accord sur tout, heureusement, mais qui accepte le d\u00e9bat d&rsquo;id\u00e9es dans la bienveillance, le respect et l&rsquo;argumentation.<br \/>\n<\/span><\/p>\n<p><span style=\"color: #777777; font-family: Arial;\">Voici l&rsquo;adresse&nbsp;: <span style=\"color: #0000ff;\"><a style=\"color: #0000ff;\" href=\"https:\/\/lemotdujour.fr\">https:\/\/lemotdujour.fr<\/a><\/span><\/span><\/p>\n<p><span style=\"color: #800000;\">&lt;900&gt;<\/span><\/p>\n","protected":false},"excerpt":{"rendered":"<p>\u00abSavoir, Savoir-faire, Faire savoir\u00bb Pierre Ferrari, Mon professeur de droit administratif \u00e0 la facult\u00e9 de droit de Metz (ann\u00e9es 1982-1983) Pierre Ferrari \u00e9tait un excellent professeur de droit public. Je me souviens encore de ce conseil qu&rsquo;il nous avait donn\u00e9<\/p>\n","protected":false},"author":1,"featured_media":0,"comment_status":"open","ping_status":"closed","sticky":false,"template":"","format":"standard","meta":{"footnotes":""},"categories":[1],"tags":[19],"class_list":["post-2414","post","type-post","status-publish","format-standard","hentry","category-motdujour","tag-personnel"],"_links":{"self":[{"href":"https:\/\/lemotdujour.fr\/index.php?rest_route=\/wp\/v2\/posts\/2414","targetHints":{"allow":["GET"]}}],"collection":[{"href":"https:\/\/lemotdujour.fr\/index.php?rest_route=\/wp\/v2\/posts"}],"about":[{"href":"https:\/\/lemotdujour.fr\/index.php?rest_route=\/wp\/v2\/types\/post"}],"author":[{"embeddable":true,"href":"https:\/\/lemotdujour.fr\/index.php?rest_route=\/wp\/v2\/users\/1"}],"replies":[{"embeddable":true,"href":"https:\/\/lemotdujour.fr\/index.php?rest_route=%2Fwp%2Fv2%2Fcomments&post=2414"}],"version-history":[{"count":5,"href":"https:\/\/lemotdujour.fr\/index.php?rest_route=\/wp\/v2\/posts\/2414\/revisions"}],"predecessor-version":[{"id":12214,"href":"https:\/\/lemotdujour.fr\/index.php?rest_route=\/wp\/v2\/posts\/2414\/revisions\/12214"}],"wp:attachment":[{"href":"https:\/\/lemotdujour.fr\/index.php?rest_route=%2Fwp%2Fv2%2Fmedia&parent=2414"}],"wp:term":[{"taxonomy":"category","embeddable":true,"href":"https:\/\/lemotdujour.fr\/index.php?rest_route=%2Fwp%2Fv2%2Fcategories&post=2414"},{"taxonomy":"post_tag","embeddable":true,"href":"https:\/\/lemotdujour.fr\/index.php?rest_route=%2Fwp%2Fv2%2Ftags&post=2414"}],"curies":[{"name":"wp","href":"https:\/\/api.w.org\/{rel}","templated":true}]}}