{"id":2411,"date":"2017-02-07T04:11:54","date_gmt":"2017-02-07T03:11:54","guid":{"rendered":"http:\/\/lemotdujour.fr\/?p=2411"},"modified":"2021-09-26T21:38:11","modified_gmt":"2021-09-26T19:38:11","slug":"mardi-7-fevrier-2017","status":"publish","type":"post","link":"https:\/\/lemotdujour.fr\/?p=2411","title":{"rendered":"Mardi 7 f\u00e9vrier 2017"},"content":{"rendered":"<div class=\"mdjTexte\">\t\u00ab&nbsp;Il y a une chose plus terrible que la calomnie, c\u2019est la v\u00e9rit\u00e9.&nbsp;\u00bb<\/div>\n<div class=\"mdjAuteur\">\tTalleyrand&nbsp; [1754-1838]<\/div>\n<p><span style=\"color: #777777; font-family: Arial;\">Donc Fran\u00e7ois Fillon continue \u00e0 se d\u00e9fendre en pla\u00e7ant son affaire sur le seul plan de la l\u00e9galit\u00e9. Il sait qu&rsquo;il sera tr\u00e8s compliqu\u00e9 de prouver, au niveau p\u00e9nal, que l&#8217;emploi de son \u00e9pouse \u00e9tait fictif.<br \/>\n<\/span><\/p>\n<div>\n<table style=\"border-collapse: collapse;\" border=\"0\">\n<colgroup>\n<col style=\"width: 385px;\">\n<col style=\"width: 270px;\"><\/colgroup>\n<tbody valign=\"top\">\n<tr>\n<td style=\"padding-left: 7px; padding-right: 7px; border: solid 0.5pt;\"><span style=\"color: #777777; font-family: Arial;\">Il a une explication \u00e9tonnante pour justifier le montant des r\u00e9mun\u00e9rations : les dipl\u00f4mes de sa femme. Les surdipl\u00f4m\u00e9s qui peinent \u00e0 trouver un emploi bien r\u00e9mun\u00e9r\u00e9 seront ravis d&rsquo;apprendre que ce n&rsquo;est pas normal.<br \/>\n<\/span><\/p>\n<p><span style=\"color: #777777; font-family: Arial;\">Les \u00e9tudiants stagiaires seront ravis d&rsquo;apprendre le montant des r\u00e9mun\u00e9rations vers\u00e9s par Papa Fillon \u00e0 ses enfants sur des deniers publics.<br \/>\n<\/span><\/p>\n<p><span style=\"color: #777777; font-family: Arial;\">C&rsquo;est la loi ? mais ce sont les d\u00e9put\u00e9s qui font la Loi, et les d\u00e9put\u00e9s se doivent donc d&rsquo;\u00eatre exemplaires.<br \/>\n<\/span><\/p>\n<p><span style=\"color: #777777; font-family: Arial;\">Et puis il y a les r\u00e9mun\u00e9rations \u00e0 la revue des deux Mondes. Je vous invite \u00e0 \u00e9couter l&rsquo;assembl\u00e9e de centristes r\u00e9unis par Philippe Meyer commenter cette affaire et particuli\u00e8rement La revue des deux Mondes : <span style=\"color: #0000ff;\"><a style=\"color: #0000ff;\" href=\"https:\/\/www.franceculture.fr\/emissions\/lesprit-public\/laffaire-fillon-le-candidat-benoit-hamon\" target=\"_blank\" rel=\"noopener noreferrer\">https:\/\/www.franceculture.fr\/emissions\/lesprit-public\/laffaire-fillon-le-candidat-benoit-hamon<\/a><\/span><br \/>\n<\/span><\/p>\n<p><span style=\"color: #777777; font-family: Arial;\">Philippe Meyer nous apprend que les auteurs prestigieux qui \u00e9crivent dans la Revue des deux Mondes, le font gratuitement et a des mots tr\u00e8s durs sur le r\u00f4le trouble du propri\u00e9taire de ce journal.<br \/>\n<\/span><\/p>\n<p><span style=\"color: #777777; font-family: Arial;\">Et puis nous savons que brusquement Fran\u00e7ois Fillon a arr\u00eat\u00e9 de r\u00e9mun\u00e9rer son \u00e9pouse. Co\u00efncidence ? Il l&rsquo;a fait juste au moment de la mise en place de la Loi sur la transparence publique qui a suivi l&rsquo;affaire Cahuzac.<br \/>\n<\/span><\/p>\n<p><span style=\"color: #777777; font-family: Arial;\">Est-ce que quelqu&rsquo;un peut croire qu&rsquo;il l&rsquo;a fait parce qu&rsquo;il venait de se rendre compte que c&rsquo;\u00e9tait choquant ?<br \/>\n<\/span><\/p>\n<p><span style=\"color: #777777; font-family: Arial;\">On a du mal \u00e0 le croire puisque le Canard encha\u00een\u00e9 a rappel\u00e9 qu&rsquo;\u00ab&nbsp;A la suite de l&rsquo;affaire Cahuzac, Fran\u00e7ois Hollande annonce le 10 avril 2013, un projet&nbsp; de loi sur la transparence de la vie publique. Qui se pr\u00e9cipite dans les studios de t\u00e9l\u00e9 pour le critiquer avec v\u00e9h\u00e9mence&nbsp;? Fran\u00e7ois Fillon. Le d\u00e9put\u00e9 de Paris explique au 20 heures de France 2 qu&rsquo;&nbsp;\u00bbil n&rsquo;y a pas besoin de projet de loi (\u2026). Je r\u00e9cuse l&rsquo;id\u00e9e que les hommes politiques soient tous corrompus&nbsp;\u00bb Sur iT\u00e9l\u00e9, il ajoute&nbsp;: \u00ab&nbsp;Je suis scandalis\u00e9 que le gouvernement parle de loi de moralisation. Comme si la vie politique \u00e9tait immorale. Moi, je n&rsquo;ai rien \u00e0 cacher. Je ne voterai pas ce texte parce qu&rsquo;il n&rsquo;a aucun int\u00e9r\u00eat&nbsp;\u00bb.&nbsp;\u00bb<br \/>\n<\/span><\/p>\n<p><span style=\"color: #777777; font-family: Arial;\">Sur ce point il a tenu parole, il n&rsquo;a pas vot\u00e9 le texte.<br \/>\n<\/span><\/p>\n<p><span style=\"color: #777777; font-family: Arial;\">Et \u00e9videmment il accuse tout le monde, les officines, les m\u00e9dias, le gouvernement&#8230;<br \/>\n<\/span><\/p>\n<p><span style=\"color: #777777; font-family: Arial;\">Pour finir je vous montre une collection de tweets que cet homme a r\u00e9alis\u00e9 depuis quelques ann\u00e9es :<\/span><\/td>\n<td style=\"padding-left: 7px; padding-right: 7px; border-top: solid 0.5pt; border-left: none; border-bottom: solid 0.5pt; border-right: solid 0.5pt;\"><img decoding=\"async\" src=\"https:\/\/lemotdujour.fr\/wp-content\/uploads\/2017\/06\/053117_2211_Mardi7fvrie1.png\" alt=\"\"><\/td>\n<\/tr>\n<\/tbody>\n<\/table>\n<\/div>\n<p><span style=\"color: #777777; font-family: Arial;\">De la calomnie ?<br \/>\n<\/span><\/p>\n<p><span style=\"color: #777777; font-family: Arial;\">Non la v\u00e9rit\u00e9 : Faites ce que je vous dis, pas ce que je fais&#8230;.<br \/>\n<\/span><\/p>\n<p><span style=\"color: #777777; font-family: Arial;\">S&rsquo;il parvient \u00e0 se maintenir et \u00e0 se retrouver au second tour contre Marine Le Pen, je pense qu&rsquo;il sera battu.<br \/>\n<\/span><\/p>\n<p><span style=\"color: #777777; font-family: Arial;\">Et s&rsquo;il \u00e9tait quand m\u00eame \u00e9lu, il n&rsquo;aura aucune l\u00e9gitimit\u00e9 de faire les r\u00e9formes qu&rsquo;il annonce, il sera rapidement plus impopulaire que Fran\u00e7ois Hollande.<br \/>\n<\/span><\/p>\n<p><span style=\"color: #800000;\">&lt;832&gt;<\/span><\/p>\n","protected":false},"excerpt":{"rendered":"<p>\u00ab&nbsp;Il y a une chose plus terrible que la calomnie, c\u2019est la v\u00e9rit\u00e9.&nbsp;\u00bb Talleyrand&nbsp; [1754-1838] Donc Fran\u00e7ois Fillon continue \u00e0 se d\u00e9fendre en pla\u00e7ant son affaire sur le seul plan de la l\u00e9galit\u00e9. Il sait qu&rsquo;il sera tr\u00e8s compliqu\u00e9 de<\/p>\n","protected":false},"author":1,"featured_media":0,"comment_status":"open","ping_status":"closed","sticky":false,"template":"","format":"standard","meta":{"footnotes":""},"categories":[1],"tags":[3,4,7],"class_list":["post-2411","post","type-post","status-publish","format-standard","hentry","category-motdujour","tag-politique","tag-presidentielle-2017","tag-societe"],"_links":{"self":[{"href":"https:\/\/lemotdujour.fr\/index.php?rest_route=\/wp\/v2\/posts\/2411","targetHints":{"allow":["GET"]}}],"collection":[{"href":"https:\/\/lemotdujour.fr\/index.php?rest_route=\/wp\/v2\/posts"}],"about":[{"href":"https:\/\/lemotdujour.fr\/index.php?rest_route=\/wp\/v2\/types\/post"}],"author":[{"embeddable":true,"href":"https:\/\/lemotdujour.fr\/index.php?rest_route=\/wp\/v2\/users\/1"}],"replies":[{"embeddable":true,"href":"https:\/\/lemotdujour.fr\/index.php?rest_route=%2Fwp%2Fv2%2Fcomments&post=2411"}],"version-history":[{"count":3,"href":"https:\/\/lemotdujour.fr\/index.php?rest_route=\/wp\/v2\/posts\/2411\/revisions"}],"predecessor-version":[{"id":12174,"href":"https:\/\/lemotdujour.fr\/index.php?rest_route=\/wp\/v2\/posts\/2411\/revisions\/12174"}],"wp:attachment":[{"href":"https:\/\/lemotdujour.fr\/index.php?rest_route=%2Fwp%2Fv2%2Fmedia&parent=2411"}],"wp:term":[{"taxonomy":"category","embeddable":true,"href":"https:\/\/lemotdujour.fr\/index.php?rest_route=%2Fwp%2Fv2%2Fcategories&post=2411"},{"taxonomy":"post_tag","embeddable":true,"href":"https:\/\/lemotdujour.fr\/index.php?rest_route=%2Fwp%2Fv2%2Ftags&post=2411"}],"curies":[{"name":"wp","href":"https:\/\/api.w.org\/{rel}","templated":true}]}}