{"id":2406,"date":"2013-11-28T21:39:02","date_gmt":"2013-11-28T20:39:02","guid":{"rendered":"http:\/\/lemotdujour.fr\/?p=2406"},"modified":"2020-11-15T17:11:30","modified_gmt":"2020-11-15T16:11:30","slug":"lundi-28-novembre-2013","status":"publish","type":"post","link":"https:\/\/lemotdujour.fr\/?p=2406","title":{"rendered":"Lundi 28 novembre 2013"},"content":{"rendered":"<div class=\"mdjTexte\">\t\u00abLes cons, \u00e7a ose tout. C\u2019est m\u00eame \u00e0 \u00e7a qu\u2019on les reconna\u00eet.\u00bb<\/div>\n<div class=\"mdjAuteur\">\tMichel Audiard, \u00ab\u00a0Les tontons flingueurs\u00a0\u00bb<\/div>\n<p><span style=\"color: #777777; font-family: Arial;\">En hommage au r\u00e9alisateur de l&rsquo;inoubliable film \u00ab\u00a0les tontons flingueurs\u00a0\u00bb, Georges Lautner qui nous a quitt\u00e9 le 2 novembre, cette r\u00e9plique si dr\u00f4le et si juste.<br \/>\n<\/span><\/p>\n<p><span style=\"color: #800000; font-family: Arial;\">&lt;201&gt;<\/span><\/p>\n","protected":false},"excerpt":{"rendered":"<p>\u00abLes cons, \u00e7a ose tout. C\u2019est m\u00eame \u00e0 \u00e7a qu\u2019on les reconna\u00eet.\u00bb Michel Audiard, \u00ab\u00a0Les tontons flingueurs\u00a0\u00bb En hommage au r\u00e9alisateur de l&rsquo;inoubliable film \u00ab\u00a0les tontons flingueurs\u00a0\u00bb, Georges Lautner qui nous a quitt\u00e9 le 2 novembre, cette r\u00e9plique si dr\u00f4le<\/p>\n","protected":false},"author":1,"featured_media":0,"comment_status":"open","ping_status":"closed","sticky":false,"template":"","format":"standard","meta":{"footnotes":""},"categories":[1],"tags":[25,29],"class_list":["post-2406","post","type-post","status-publish","format-standard","hentry","category-motdujour","tag-cinema","tag-hommage"],"_links":{"self":[{"href":"https:\/\/lemotdujour.fr\/index.php?rest_route=\/wp\/v2\/posts\/2406","targetHints":{"allow":["GET"]}}],"collection":[{"href":"https:\/\/lemotdujour.fr\/index.php?rest_route=\/wp\/v2\/posts"}],"about":[{"href":"https:\/\/lemotdujour.fr\/index.php?rest_route=\/wp\/v2\/types\/post"}],"author":[{"embeddable":true,"href":"https:\/\/lemotdujour.fr\/index.php?rest_route=\/wp\/v2\/users\/1"}],"replies":[{"embeddable":true,"href":"https:\/\/lemotdujour.fr\/index.php?rest_route=%2Fwp%2Fv2%2Fcomments&post=2406"}],"version-history":[{"count":3,"href":"https:\/\/lemotdujour.fr\/index.php?rest_route=\/wp\/v2\/posts\/2406\/revisions"}],"predecessor-version":[{"id":10119,"href":"https:\/\/lemotdujour.fr\/index.php?rest_route=\/wp\/v2\/posts\/2406\/revisions\/10119"}],"wp:attachment":[{"href":"https:\/\/lemotdujour.fr\/index.php?rest_route=%2Fwp%2Fv2%2Fmedia&parent=2406"}],"wp:term":[{"taxonomy":"category","embeddable":true,"href":"https:\/\/lemotdujour.fr\/index.php?rest_route=%2Fwp%2Fv2%2Fcategories&post=2406"},{"taxonomy":"post_tag","embeddable":true,"href":"https:\/\/lemotdujour.fr\/index.php?rest_route=%2Fwp%2Fv2%2Ftags&post=2406"}],"curies":[{"name":"wp","href":"https:\/\/api.w.org\/{rel}","templated":true}]}}