{"id":2368,"date":"2016-05-24T04:01:22","date_gmt":"2016-05-24T02:01:22","guid":{"rendered":"http:\/\/lemotdujour.fr\/?p=2368"},"modified":"2021-09-26T20:47:57","modified_gmt":"2021-09-26T18:47:57","slug":"mardi-24-mai-2016","status":"publish","type":"post","link":"https:\/\/lemotdujour.fr\/?p=2368","title":{"rendered":"Mardi 24 mai 2016"},"content":{"rendered":"<div class=\"mdjTexte\">\t\u00abLa v\u00e9rit\u00e9 est qu\u2019entre 2 millions d\u2019ann\u00e9es et 10&nbsp;000 ans, le monde a h\u00e9berg\u00e9, en m\u00eame temps, plusieurs esp\u00e8ces humaines.\u00bb<\/div>\n<div class=\"mdjAuteur\">\t\u00ab\u00a0Yuval Noah Harari<br \/>\nSapiens&nbsp;: Une br\u00e8ve histoire de l\u2019humanit\u00e9, Pages 15 \u00e0 30\u00a0\u00bb<\/div>\n<p><span style=\"color: #777777; font-family: Arial;\">La premi\u00e8re information \u00e9tonnante que le livre \u00ab&nbsp;Sapiens&nbsp;\u00bb m&rsquo;a apprise, est la cohabitation de notre esp\u00e8ce avec d&rsquo;autres esp\u00e8ces humaines, alors que j&rsquo;avais compris qu&rsquo;il y avait eu succession des esp\u00e8ces.<br \/>\n<\/span><\/p>\n<p><span style=\"color: #777777; font-family: Arial;\">Harari explique d&rsquo;abord la classification utilis\u00e9e par les scientifiques :<br \/>\n<\/span><\/p>\n<p style=\"margin-left: 28pt;\"><span style=\"color: #c00000; font-family: Arial;\">\u00ab<span style=\"color: #351c75;\">&nbsp;<span style=\"color: #c00000;\"> Les biologistes classent les organismes en <strong>esp\u00e8ces<\/strong>. On dit d&rsquo;animaux qu&rsquo;ils appartiennent \u00e0 la m\u00eame esp\u00e8ce s&rsquo;ils ont tendance \u00e0 s&rsquo;accoupler l&rsquo;un avec l&rsquo;autre, donnant naissance \u00e0 des rejetons f\u00e9conds. Juments &nbsp;et \u00e2nes &nbsp;ont un anc\u00eatre commun r\u00e9cent, et partagent maints traits physiques. Sexuellement cependant ils ne s&rsquo;int\u00e9ressent gu\u00e8re les uns aux autres. Ils s&rsquo;accoupleront si on les pousse, mais ils donneront des mules ou des mulets st\u00e9riles. [\u2026] Les deux types d&rsquo;animaux sont consid\u00e9r\u00e9s comme des esp\u00e8ces diff\u00e9rentes. [\u2026] En revanche, un bouledogue et un \u00e9pagneul paraissent tr\u00e8s diff\u00e9rents, mais ils sont membres de la m\u00eame esp\u00e8ce, partageant le m\u00eame vivier d&rsquo;ADN.<br \/>\nLes esp\u00e8ces issues d&rsquo;un anc\u00eatre commun sont r\u00e9unies sous le vocable de <strong>genre<\/strong>. lion, tigre, l\u00e9opard et Jaguar sont des esp\u00e8ces diff\u00e9rentes du genre \u00ab&nbsp;panthera&nbsp;\u00bb.<br \/>\nLes lecteurs de ce livre sont vraisemblablement tous des Homo sapiens : de l&rsquo;esp\u00e8ce sapiens (sage) et du genre homo (hommes).<br \/>\nLes genres sont \u00e0 leur tour regroup\u00e9s en <strong>famille<\/strong> : ainsi les [f\u00e9lins] : Lions, gu\u00e9pards, chats domestiques.&nbsp;\u00bb <span style=\"color: #351c75;\"><br \/>\n<\/span><\/span><\/span><\/span><\/p>\n<p><span style=\"color: #777777; font-family: Arial;\">Il poursuit en rappelant que l&rsquo;homme a une famille&nbsp;:<br \/>\n<\/span><\/p>\n<p style=\"margin-left: 28pt;\"><span style=\"color: #c00000; font-family: Arial;\">\u00ab&nbsp;Homo sapiens appartient lui aussi \u00e0 une famille. [\u2026] Homo sapiens a longtemps pr\u00e9f\u00e9r\u00e9 se croire \u00e0 part des autres animaux : un orphelin sans famille, priv\u00e9e de fr\u00e8res et s\u0153urs et de cousins, et surtout, sans parents. Or, ce n&rsquo;est pas le cas. Qu&rsquo;on le veuille ou non, nous sommes membre d&rsquo;une grande famille particuli\u00e8rement tapageuse : celle des grands singes. Parmi nos plus proches parents vivants figurent les chimpanz\u00e9s, les gorilles, et les orangs outans. Les plus proches sont les chimpanz\u00e9s. Il y a 6 millions d&rsquo;ann\u00e9es, une m\u00eame femelle eue deux filles : l&rsquo;une qui est l&rsquo;anc\u00eatre de tous les chimpanz\u00e9s; l&rsquo;autre qui est notre grand-m\u00e8re.&nbsp;\u00bb<span style=\"color: #351c75;\"><br \/>\n<\/span><\/span><\/p>\n<p><span style=\"color: #777777;\"><span style=\"font-family: Arial;\">Et puis il r\u00e9v\u00e8le un secret, au moins une r\u00e9alit\u00e9 qui n&rsquo;a pas \u00e9t\u00e9 pleinement explicit\u00e9e jusqu&rsquo;ici, parce que il nous a \u00e9t\u00e9 racont\u00e9 une \u00e9volution du genre humain quasi lin\u00e9aire, d&rsquo;un homo tr\u00e8s proche du singe jusqu&rsquo;\u00e0 l&rsquo;homo sapiens. Depuis quelques ann\u00e9es cependant, l&rsquo;histoire de la cohabitation ou au moins de la pr\u00e9sence simultan\u00e9e sur terre de l&rsquo;homme de Neandertal et d&rsquo;homo sapiens a \u00e9t\u00e9 r\u00e9v\u00e9l\u00e9e et interrog\u00e9e. Mais Yuval Noah Harari va beaucoup plus loin dans cette description d&rsquo;esp\u00e8ces voisines.<\/span><span style=\"font-family: Times New Roman;\"><br \/>\n<\/span><\/span><\/p>\n<p style=\"margin-left: 28pt;\"><span style=\"color: #c00000; font-family: Arial;\">\u00ab&nbsp;Les humains sont apparus en Afrique de l&rsquo;Est voici environ 2,5 millions d&rsquo;ann\u00e9es, issus d&rsquo;un genre ant\u00e9rieur de singe, l&rsquo;\u00ab australopith\u00e8que \u00bb, qui signifie \u00ab singe austral \u00bb. Il y a environ 2 millions d&rsquo;ann\u00e9es, une partie de ces hommes et femmes archa\u00efques quitt\u00e8rent leurs foyers d&rsquo;origine pour traverser et coloniser de vastes r\u00e9gions d&rsquo;Afrique du Nord, d&rsquo;Europe et d&rsquo;Asie. La survie dans les for\u00eats enneig\u00e9es d&rsquo;Europe septentrionale n&rsquo;exigeant pas les m\u00eames qualit\u00e9s que la survie dans les jungles fumantes d&rsquo;Indon\u00e9sie, les populations humaines \u00e9volu\u00e8rent dans des directions diff\u00e9rentes il en r\u00e9sulta divers esp\u00e8ces distinctes, auxquels les savants ont assign\u00e9 des noms latins pompeux. [\u2026]<br \/>\nLes humains d&rsquo;Europe et d&rsquo;Asie occidentale ont donn\u00e9 l&rsquo;Homo neanderthalensis (l&rsquo;homme de la vall\u00e9e de Neander), plus commun\u00e9ment connu sous le nom de \u00ab Neandertal \u00bb. Plus trapu et plus musculeux que le sapiens, le Neandertal \u00e9tait bien adapt\u00e9 au climat froid de l&rsquo;Eurasie occidentale \u00e0 l&rsquo;\u00e2ge glaciaire.<br \/>\nLes r\u00e9gions orientales de l&rsquo;Asie \u00e9taient peupl\u00e9es par l&rsquo;Homo erectus, ou \u00abhomme dress\u00e9, droit \u00bb qui surv\u00e9cut pr\u00e8s de 2 millions d&rsquo;ann\u00e9es &#8211; ce qui en fait l&rsquo;esp\u00e8ce humaine la plus durable qui ait jamais v\u00e9cu. Il est peu probable que ce record ne soit jamais battu, m\u00eame par notre esp\u00e8ce. [\u2026]<br \/>\nSur l&rsquo;\u00eele de Java, en Indon\u00e9sie, vivait l&rsquo;homo Soloensis, \u00ab hommes de la vall\u00e9e de solo \u00bb, mieux arm\u00e9s pour vivre sous les tropiques. [\u2026]<br \/>\nEn 2010, un autre fr\u00e8re perdu fut arrach\u00e9 \u00e0 l&rsquo;oubli, quand les chercheurs fouillant la grotte de Denisova, en Sib\u00e9rie, d\u00e9couvrirent une phalange fossilis\u00e9e. La g\u00e9n\u00e9tique prouva que le doigt \u00e9tait celui d&rsquo;une esp\u00e8ce humaine encore inconnue, qu&rsquo;on a baptis\u00e9 du nom d&rsquo;Homo Denisova..&nbsp;\u00bb<span style=\"color: #351c75;\"><br \/>\n<\/span><\/span><\/p>\n<p><span style=\"color: #777777; font-family: Arial;\">et il en cite encore d&rsquo;autres et conclut enfin :<br \/>\n<\/span><\/p>\n<p style=\"margin-left: 28pt;\"><span style=\"color: #c00000; font-family: Arial;\">\u00ab un sophisme commun est d&rsquo;imaginer une ascendance lin\u00e9aire, [d&rsquo;un premier] qui engendre erectus, qui engendre Neandertal, qui lui-m\u00eame m\u00e8ne \u00e0 nous. Or, ce mod\u00e8le lin\u00e9aire donne l&rsquo;impression fausse qu&rsquo;\u00e0 tout moment un seul type d&rsquo;humains aurait habit\u00e9 la terre, et que toutes les esp\u00e8ces ant\u00e9rieures ne seraient que des mod\u00e8les plus anciens de nous-m\u00eames, <span style=\"text-decoration: underline;\">la v\u00e9rit\u00e9 et qu&rsquo;entre 2 millions d&rsquo;ann\u00e9es et 10&nbsp;000 ans, le monde a h\u00e9berg\u00e9, en m\u00eame temps, plusieurs esp\u00e8ces humaines.<\/span> [\u2026] Nous le verrons sous peu, nous, les sapiens, avons de bonnes raisons de refouler le souvenir de nos fr\u00e8res et s\u0153urs.&nbsp;\u00bb<span style=\"color: #351c75;\"><br \/>\n<\/span><\/span><\/p>\n<p><span style=\"color: #777777; font-family: Arial;\">Il existe deux th\u00e9ories :<br \/>\n<\/span><\/p>\n<ul>\n<li><span style=\"color: #777777; font-family: Arial;\"><span style=\"font-size: 7pt;\"><br \/>\n<\/span>la th\u00e9orie du m\u00e9tissage qui pense que sapiens se m\u00eala \u00e0 d&rsquo;autres esp\u00e8ces<br \/>\n<\/span><\/li>\n<li><span style=\"color: #777777; font-family: Arial;\">la th\u00e9orie du remplacement qui raconte une histoire tr\u00e8s diff\u00e9rente<br \/>\n<\/span><\/li>\n<\/ul>\n<p><span style=\"color: #351c75; font-family: Arial;\">[Histoire] <span style=\"color: #c00000;\">\u00ab&nbsp;d&rsquo;incompatibilit\u00e9 et de r\u00e9pulsion, voire de g\u00e9nocide. Dans cette optique sapiens rempla\u00e7a toutes les populations humaines ant\u00e9rieures sans se m\u00ealer \u00e0 elle. Si tel est le cas on peut faire remonter tous les lignages humains contemporains \u00e0 la seule Afrique orientale voici 70&nbsp;000 ans. Nous sommes tous de \u00ab&nbsp;purs sapiens&nbsp;\u00bb[\u2026] dans les derni\u00e8res ann\u00e9es, la th\u00e9orie du remplacement a \u00e9t\u00e9 commun\u00e9ment re\u00e7ue. [\u2026] Mais cette situation a pris fin en 2010, quand ont \u00e9t\u00e9 publi\u00e9s les r\u00e9sultats de quatre ann\u00e9es d&rsquo;efforts pour dresser la carte du g\u00e9nome n\u00e9andertalien. [\u2026]<br \/>\nIl est apparu que de 1 % \u00e0 4 % de l&rsquo;ADN unique des populations modernes du Moyen-Orient et d&rsquo;Europe est de l&rsquo;ADN de Neandertal. Ce n&rsquo;est pas \u00e9norme, mais c&rsquo;est significatif. Un second choc survint quelques mois plus tard, quand il apparut que l&rsquo;ADN extrait du doigt fossilis\u00e9 de Denisova partageait jusqu&rsquo;\u00e0 6 % de son ADN unique avec les m\u00e9lan\u00e9siens et les aborig\u00e8nes d&rsquo;Australie actuels !<br \/>\n[\u2026] On ne saurait parler de \u00ab fusion \u00bb entre sapiens et d&rsquo;autres esp\u00e8ces humaines. [<em>Il s&rsquo;agit simplement de traces. La th\u00e9orie du remplacement reste la plus vraisemblable.]<\/em><br \/>\n<\/span><\/span><\/p>\n<p style=\"margin-left: 28pt;\"><span style=\"color: #c00000; font-family: Arial;\">Au fil des 10&nbsp;000 derni\u00e8res ann\u00e9es, Homo sapiens s&rsquo;est si bien habitu\u00e9 \u00e0 \u00eatre la seule esp\u00e8ce humaine que nous peinons \u00e0 envisager toute autre possibilit\u00e9. [\u2026] Quand Charles Darwin expliqua qu&rsquo;Homo sapiens n&rsquo;\u00e9tait qu&rsquo;une esp\u00e8ce d&rsquo;animal parmi les autres, les gens pouss\u00e8rent de hauts cris. Aujourd&rsquo;hui encore, beaucoup refuse d&rsquo;y croire. Si les N\u00e9anderthal avaient surv\u00e9cu, nous consid\u00e9rerions nous encore comme une cr\u00e9ature \u00e0 part ? Peut-\u00eatre est-ce pr\u00e9cis\u00e9ment ce qui incita nos anc\u00eatres \u00e0 effacer les N\u00e9anderthal. Ils \u00e9taient trop familiers pour que l&rsquo;on feigne de les ignorer, trop diff\u00e9rents pour qu&rsquo;on les tol\u00e8re.&nbsp;\u00bb<span style=\"color: #351c75;\"><br \/>\n<\/span><\/span><\/p>\n<p><span style=\"color: #777777;\"><span style=\"font-family: Arial;\">Et &nbsp;l&rsquo;auteur sans, bien entendu, \u00eatre capable d&rsquo;expliquer comment ce ph\u00e9nom\u00e8ne se produisit, montre la co\u00efncidence entre l&rsquo;arriv\u00e9e dans une r\u00e9gion d&rsquo;Homo sapiens et la disparition quasi concomitante de l&rsquo;autre esp\u00e8ce humaine qui \u00e9tait pr\u00e9sente sur ce lieu\u2026<\/span><span style=\"font-family: Times New Roman;\"><br \/>\n<\/span><\/span><\/p>\n<p><span style=\"color: #777777; font-family: Arial;\">Peut-\u00eatre qu&rsquo;il y eut des g\u00e9nocides bien avant la folie nazi ?<br \/>\n<\/span><\/p>\n<p><span style=\"color: #0000ff;\"><a style=\"color: #0000ff;\" href=\"http:\/\/www.hominides.com\/html\/dossiers\/disparition_neanderthal.php\" target=\"_blank\" rel=\"noopener noreferrer\"><span style=\"font-family: Arial;\">&lt;Cette hypoth\u00e8se cependant n&rsquo;a pas trouv\u00e9 pour l&rsquo;instant d&rsquo;indice&gt;<\/span><\/a><\/span><span style=\"color: #432d93; font-family: Arial;\"><br \/>\n<\/span><\/p>\n<p><span style=\"color: #800000;\">&lt;707&gt;<\/span><\/p>\n","protected":false},"excerpt":{"rendered":"<p>\u00abLa v\u00e9rit\u00e9 est qu\u2019entre 2 millions d\u2019ann\u00e9es et 10&nbsp;000 ans, le monde a h\u00e9berg\u00e9, en m\u00eame temps, plusieurs esp\u00e8ces humaines.\u00bb \u00ab\u00a0Yuval Noah Harari Sapiens&nbsp;: Une br\u00e8ve histoire de l\u2019humanit\u00e9, Pages 15 \u00e0 30\u00a0\u00bb La premi\u00e8re information \u00e9tonnante que le livre<\/p>\n","protected":false},"author":1,"featured_media":0,"comment_status":"open","ping_status":"closed","sticky":false,"template":"","format":"standard","meta":{"footnotes":""},"categories":[1],"tags":[17,9,6],"class_list":["post-2368","post","type-post","status-publish","format-standard","hentry","category-motdujour","tag-histoire","tag-litterature","tag-philosophie"],"_links":{"self":[{"href":"https:\/\/lemotdujour.fr\/index.php?rest_route=\/wp\/v2\/posts\/2368","targetHints":{"allow":["GET"]}}],"collection":[{"href":"https:\/\/lemotdujour.fr\/index.php?rest_route=\/wp\/v2\/posts"}],"about":[{"href":"https:\/\/lemotdujour.fr\/index.php?rest_route=\/wp\/v2\/types\/post"}],"author":[{"embeddable":true,"href":"https:\/\/lemotdujour.fr\/index.php?rest_route=\/wp\/v2\/users\/1"}],"replies":[{"embeddable":true,"href":"https:\/\/lemotdujour.fr\/index.php?rest_route=%2Fwp%2Fv2%2Fcomments&post=2368"}],"version-history":[{"count":4,"href":"https:\/\/lemotdujour.fr\/index.php?rest_route=\/wp\/v2\/posts\/2368\/revisions"}],"predecessor-version":[{"id":12149,"href":"https:\/\/lemotdujour.fr\/index.php?rest_route=\/wp\/v2\/posts\/2368\/revisions\/12149"}],"wp:attachment":[{"href":"https:\/\/lemotdujour.fr\/index.php?rest_route=%2Fwp%2Fv2%2Fmedia&parent=2368"}],"wp:term":[{"taxonomy":"category","embeddable":true,"href":"https:\/\/lemotdujour.fr\/index.php?rest_route=%2Fwp%2Fv2%2Fcategories&post=2368"},{"taxonomy":"post_tag","embeddable":true,"href":"https:\/\/lemotdujour.fr\/index.php?rest_route=%2Fwp%2Fv2%2Ftags&post=2368"}],"curies":[{"name":"wp","href":"https:\/\/api.w.org\/{rel}","templated":true}]}}