{"id":2351,"date":"2016-10-19T10:17:23","date_gmt":"2016-10-19T08:17:23","guid":{"rendered":"http:\/\/lemotdujour.fr\/?p=2351"},"modified":"2020-06-12T15:23:08","modified_gmt":"2020-06-12T13:23:08","slug":"mercredi-19-octobre-2016","status":"publish","type":"post","link":"https:\/\/lemotdujour.fr\/?p=2351","title":{"rendered":"Mercredi 19 octobre 2016"},"content":{"rendered":"<div class=\"mdjTexte\">\u00ab\u00a0Le roman de renart\u00a0\u00bb<\/div>\n<div class=\"mdjAuteur\">Ensemble m\u00e9di\u00e9val de r\u00e9cits animaliers \u00e9crits en ancien fran\u00e7ais et en vers<\/div>\n<p><span style=\"color: #777777; font-family: Arial;\">La question qui semble premi\u00e8re en France, dans l&rsquo;esprit ou au moins dans les paroles de certains, est donc celle de l&rsquo;identit\u00e9 de la France.<br \/>\n<\/span><\/p>\n<p><span style=\"color: #777777;\"><span style=\"font-family: Arial;\">Or, dans l&rsquo;identit\u00e9 de la France il y a eu, au long des si\u00e8cles, des r\u00e9cits qui ont construit l&rsquo;imaginaire des fran\u00e7ais. Il en f\u00fbt ainsi du r\u00e9cit n\u00e9 au moyen \u00e2ge<span style=\"color: #0000ff;\">\u00a0<\/span><\/span><span style=\"font-family: Tahoma; color: #0000ff;\"><a style=\"color: #0000ff;\" href=\"https:\/\/fr.wikipedia.org\/wiki\/Roman_de_Renart\">le roman de renart, attribu\u00e9 \u00e0 diff\u00e9rents auteurs et notamment Pierre de Saint Cloud.<\/a><\/span><span style=\"font-family: Arial;\"><br \/>\n<\/span><\/span><\/p>\n<p><span style=\"color: #777777;\"><span style=\"font-family: Arial;\">A cette \u00e9poque, l&rsquo;animal que nous connaissons sous le nom de renard, s&rsquo;appelait goupil. Le roman de renart mettait en sc\u00e8ne un goupil ayant pour nom \u00abRenart\u00bb avec comme adversaire principal \u00abYsengrin\u00bb, un loup.<span style=\"color: #0000ff;\">\u00a0<\/span><\/span><span style=\"font-family: Tahoma; color: #0000ff;\"><a style=\"color: #0000ff;\" href=\"http:\/\/www.cnrtl.fr\/definition\/renard\">Et c&rsquo;est depuis le roman de Renart qu&rsquo;on appelle les goupils des renards.<\/a><\/span><span style=\"font-family: Arial;\"><br \/>\n<\/span><\/span><\/p>\n<p><span style=\"color: #777777; font-family: Arial;\">Ce r\u00e9cit issu du roman mythique de la France mettait donc au premier plan un animal, voleur de poules, rus\u00e9, manipulateur.<br \/>\n<\/span><\/p>\n<p><span style=\"color: #777777; font-family: Arial;\">Je me souviens, qu&rsquo;enfant, donc dans les ann\u00e9es 60, on m&rsquo;avait offert un livre pour enfant qui avait pour titre le roman de renart et relatait certaines des aventures de Renart et Ysengrin. Preuve que ce r\u00e9cit du moyen \u00e2ge avait bien travers\u00e9 les si\u00e8cles de l&rsquo;Histoire de France.<br \/>\n<\/span><\/p>\n<p><span style=\"color: #777777;\"><span style=\"font-family: Arial;\">C&rsquo;est Rapha\u00ebl Glucksman qui vient de publier un livre :\u00a0 <\/span><span style=\"font-family: Arial;\"><span style=\"color: #0000ff;\"><a style=\"color: #0000ff;\" href=\"http:\/\/www.chez-mon-libraire.fr\/livre\/9782370730763-notre-france-dire-et-aimer-ce-que-nous-sommes-raphael-glucksmann\/\">&lt;Notre France ; Dire et aimer ce que nous sommes&gt;<\/a> <\/span>qui a remis ce po\u00e8me issu du moyen-\u00e2ge dans la longue histoire de ce qui a fait la France et les fran\u00e7ais.<br \/>\n<\/span><\/span><\/p>\n<p><a href=\"http:\/\/www.liberation.fr\/debats\/2016\/09\/27\/ce-ruse-de-glucksmann_1512405\" target=\"_blank\" rel=\"noopener noreferrer\"><span style=\"font-family: Tahoma;\"><span style=\"color: #0000ff;\">Lib\u00e9ration<\/span><\/span><\/a><span style=\"color: #777777; font-family: Arial;\"> \u00e9crit :<br \/>\n<\/span><\/p>\n<p style=\"margin-left: 28pt;\"><span style=\"color: #c00000; font-family: Arial;\">\u00abC&rsquo;est ainsi \u00e0 une promenade subjective mais v\u00e9ridique dans le pass\u00e9 de la vraie France qu&rsquo;il emm\u00e8ne le lecteur. De mani\u00e8re inattendue, cette saga ne commence pas avec la Renaissance, les Lumi\u00e8res ou la R\u00e9volution. Elle remonte au Moyen Age, dans la premi\u00e8re grande fiction fran\u00e7aise, plus populaire \u00e0 l&rsquo;\u00e9poque que la plus populaire des s\u00e9ries d&rsquo;aujourd&rsquo;hui : le Roman de Renart. Ce conte animalier en vers, r\u00e9cit\u00e9 \u00e0 haute voix dans les villes et les villages pendant de nombreuses d\u00e9cennies, est la premi\u00e8re \u0153uvre discr\u00e8tement s\u00e9ditieuse qu&rsquo;on connaisse dans la litt\u00e9rature fran\u00e7aise.<br \/>\n<\/span><\/p>\n<p style=\"margin-left: 28pt;\"><span style=\"color: #c00000; font-family: Arial;\">Renart (d&rsquo;o\u00f9 viendra ensuite le nom commun \u00abrenard\u00bb) est un \u00abgoupil\u00bb, comme on disait \u00e0 l&rsquo;\u00e9poque (un renard, donc), malicieux, insolent, rus\u00e9 et rebelle aux autorit\u00e9s. Il est le premier exemple d&rsquo;une longue s\u00e9rie de h\u00e9ros r\u00e9els ou imaginaires o\u00f9 l&rsquo;on trouve Till l&rsquo;Espi\u00e8gle, Mandrin, Cartouche, Fanfan la Tulipe, Figaro ou Camille Desmoulins. Individualiste, farceur, moqueur, irrespectueux, Renart se rit des prescriptions de l&rsquo;Eglise, se gausse des romans de chevalerie si pris\u00e9s par l&rsquo;aristocratie, tourne en ridicule les croisades, les guerres de la noblesse, la domination de l&rsquo;aristocratie.<br \/>\n<\/span><\/p>\n<p style=\"margin-left: 28pt;\"><span style=\"color: #c00000; font-family: Arial;\">Ainsi, le peuple trouve dans le rire un rem\u00e8de \u00e0 son infortune, une revanche toute symbolique sur les classes dominantes. Au fil des pages, par flash-back successifs, Glucksmann retrace la longue histoire d&rsquo;une France qui aime la libert\u00e9, la r\u00e9volte, les influences \u00e9trang\u00e8res, l&rsquo;indiff\u00e9rence religieuse, l&rsquo;\u00e9galit\u00e9 et qui progresse peu \u00e0 peu vers le r\u00e9gime r\u00e9publicain que nous connaissons : l&rsquo;histoire de la France qu&rsquo;on aime et que d\u00e9testent en fait ceux qui s&rsquo;en r\u00e9clament avec le plus de clameurs.\u00bb<br \/>\n<\/span><\/p>\n<p><span style=\"color: #777777;\"><span style=\"font-family: Arial;\">Quand on fait des recherches sur le roman de renart sur Internet, on trouve finalement beaucoup de pages qui l&rsquo;\u00e9voque. Par exemple\u00a0<\/span><span style=\"font-family: Tahoma;\"> <a href=\"http:\/\/www.cosmovisions.com\/textRenart.htm\"><span style=\"color: #0000ff;\">&lt;Cette page qui \u00e0 la fois l&rsquo;analyse et en cite des extraits<\/span>&gt;<\/a><br \/>\n<\/span><\/span><\/p>\n<p><a href=\"http:\/\/classes.bnf.fr\/renart\/index.htm\" target=\"_blank\" rel=\"noopener noreferrer\"><span style=\"font-family: Tahoma;\">&lt;<span style=\"color: #0000ff;\">Mais le site le plus savant et le plus beau est celui de la BNF, sur lequel vous pourrez feuilleter un livre magnifique faits d&rsquo;enluminure<\/span>&gt;<\/span><\/a><span style=\"color: #777777; font-family: Arial;\"><br \/>\n<\/span><\/p>\n<p><img loading=\"lazy\" decoding=\"async\" class=\"\" src=\"https:\/\/lemotdujour.fr\/wp-content\/uploads\/2017\/05\/052917_0816_Mercredi19o1.png\" alt=\"\" width=\"584\" height=\"475\" \/><\/p>\n<p><span style=\"color: #800000;\">&lt;772&gt;<\/span><\/p>\n","protected":false},"excerpt":{"rendered":"<p>\u00ab\u00a0Le roman de renart\u00a0\u00bb Ensemble m\u00e9di\u00e9val de r\u00e9cits animaliers \u00e9crits en ancien fran\u00e7ais et en vers La question qui semble premi\u00e8re en France, dans l&rsquo;esprit ou au moins dans les paroles de certains, est donc celle de l&rsquo;identit\u00e9 de la<\/p>\n","protected":false},"author":1,"featured_media":0,"comment_status":"open","ping_status":"closed","sticky":false,"template":"","format":"standard","meta":{"footnotes":""},"categories":[1],"tags":[15,17,9],"class_list":["post-2351","post","type-post","status-publish","format-standard","hentry","category-motdujour","tag-france","tag-histoire","tag-litterature"],"_links":{"self":[{"href":"https:\/\/lemotdujour.fr\/index.php?rest_route=\/wp\/v2\/posts\/2351","targetHints":{"allow":["GET"]}}],"collection":[{"href":"https:\/\/lemotdujour.fr\/index.php?rest_route=\/wp\/v2\/posts"}],"about":[{"href":"https:\/\/lemotdujour.fr\/index.php?rest_route=\/wp\/v2\/types\/post"}],"author":[{"embeddable":true,"href":"https:\/\/lemotdujour.fr\/index.php?rest_route=\/wp\/v2\/users\/1"}],"replies":[{"embeddable":true,"href":"https:\/\/lemotdujour.fr\/index.php?rest_route=%2Fwp%2Fv2%2Fcomments&post=2351"}],"version-history":[{"count":5,"href":"https:\/\/lemotdujour.fr\/index.php?rest_route=\/wp\/v2\/posts\/2351\/revisions"}],"predecessor-version":[{"id":9170,"href":"https:\/\/lemotdujour.fr\/index.php?rest_route=\/wp\/v2\/posts\/2351\/revisions\/9170"}],"wp:attachment":[{"href":"https:\/\/lemotdujour.fr\/index.php?rest_route=%2Fwp%2Fv2%2Fmedia&parent=2351"}],"wp:term":[{"taxonomy":"category","embeddable":true,"href":"https:\/\/lemotdujour.fr\/index.php?rest_route=%2Fwp%2Fv2%2Fcategories&post=2351"},{"taxonomy":"post_tag","embeddable":true,"href":"https:\/\/lemotdujour.fr\/index.php?rest_route=%2Fwp%2Fv2%2Ftags&post=2351"}],"curies":[{"name":"wp","href":"https:\/\/api.w.org\/{rel}","templated":true}]}}