{"id":2329,"date":"2016-12-06T04:00:23","date_gmt":"2016-12-06T03:00:23","guid":{"rendered":"http:\/\/lemotdujour.fr\/?p=2329"},"modified":"2020-06-12T14:32:52","modified_gmt":"2020-06-12T12:32:52","slug":"mardi-6-decembre-2016","status":"publish","type":"post","link":"https:\/\/lemotdujour.fr\/?p=2329","title":{"rendered":"Mardi 6 d\u00e9cembre 2016"},"content":{"rendered":"<div class=\"mdjTexte\">\u00ab&nbsp;Retour sur les mots du jour 701 \u00e0 800 (1)&nbsp;\u00bb<\/div>\n<div class=\"mdjAuteur\">R\u00e9trospective<\/div>\n<p><span style=\"color: #777777;\"><span style=\"font-family: Arial;\"><br \/>\nVoici donc une nouvelle s\u00e9rie de 100 mots du jour, du 701<sup>\u00e8me<\/sup> qui concernait les accords Sykes \u2013 Picot qui ont durablement conditionn\u00e9 les relations entre les arabes et les pays occidentaux au 800<sup>\u00e8me<\/sup> qui caract\u00e9risait l&rsquo;intelligence par son caract\u00e8re impr\u00e9visible et novateur.<\/span><span style=\"font-family: Times New Roman;\"><br \/>\n<\/span><\/span><\/p>\n<p><span style=\"color: #777777; font-family: Arial;\"><br \/>\nMais cette s\u00e9rie a surtout \u00e9t\u00e9 marqu\u00e9e par deux s\u00e9ries th\u00e9matiques&nbsp;:<br \/>\n<\/span><\/p>\n<p><span style=\"color: #777777;\"><span style=\"font-family: Arial;\">La<strong> premi\u00e8re,<\/strong> en mai, qui du mot N\u00b0 706 au N\u00b0718 avait pour objet unique un livre passionnant et \u00e9rudit que plusieurs d&rsquo;entre vous ont achet\u00e9 ou emprunt\u00e9, selon ce que vous m&rsquo;avez dit ou \u00e9crit&nbsp;: <strong>\u00ab&nbsp;Sapiens&nbsp;\u00bb <\/strong>de Yuval Noah Harari. <\/span><span style=\"font-family: Times New Roman;\"><br \/>\n<\/span><\/span><\/p>\n<p><span style=\"color: #777777;\"><span style=\"font-family: Arial;\">Cet ouvrage qui a pour sujet l&rsquo;histoire de notre esp\u00e8ce&nbsp;: \u00ab&nbsp;L&rsquo;homo sapiens&nbsp;\u00bb, comment sapiens s&rsquo;est impos\u00e9 par rapport aux autres esp\u00e8ces du genre \u00ab&nbsp;homo&nbsp;\u00bb, puis s&rsquo;est comport\u00e9 avec les autres esp\u00e8ces du r\u00e8gne animal. Comment il a colonis\u00e9 la terre, invent\u00e9 l&rsquo;agriculture, imagin\u00e9 les religions, cr\u00e9\u00e9 des villes puis les empires, d\u00e9velopp\u00e9 le capitalisme, enfin, boulevers\u00e9 la nature, la vie, la soci\u00e9t\u00e9 par la r\u00e9volution scientifique et industrielle.<\/span><span style=\"font-family: Times New Roman;\"><br \/>\n<\/span><\/span><\/p>\n<p><span style=\"color: #777777;\"><span style=\"font-family: Arial;\"><br \/>\nLa vision assez pessimiste de Harari nous conduit des premiers pas de sapiens qui colonise la terre \u00e0 la vision des transhumanistes de la silicon valley, o\u00f9 cet homme \u00e9trange et inqui\u00e9tant, Ray Kurzweil, un des hommes les plus influents de Google pr\u00e9dit la singularit\u00e9 technologique et r\u00eave d&rsquo;immortalit\u00e9. J&rsquo;ai pris pour premier exergue cette phrase proph\u00e9tique d&rsquo;Harari&nbsp;:\u00ab&nbsp;L&rsquo;Histoire commen\u00e7a quand les humains invent\u00e8rent les dieux et se terminera quand les humains deviendront des dieux.\u00bb<br \/>\nEt pour clore cette s\u00e9rie, j&rsquo;ai fait appel \u00e0 Kant&nbsp;: \u00ab&nbsp;\u00abSapere aude ! Ose savoir ! Aie le courage de te servir de ton propre entendement !\u00bb<\/span><span style=\"font-family: Times New Roman;\"><br \/>\n<\/span><\/span><\/p>\n<p><span style=\"color: #777777; font-family: Arial;\">La <strong>seconde<\/strong>, en septembre, N\u00b0 750 \u00e0 754, consacr\u00e9e \u00e0 5 conf\u00e9rences de<strong> R\u00e9gis Debray sur la croyance, le sacr\u00e9, la religion, Dieu, la La\u00efcit\u00e9,<\/strong> r\u00e9flexion d&rsquo;une rare consistance.<br \/>\n<\/span><\/p>\n<p><span style=\"color: #777777; font-family: Arial;\">Je rel\u00e8verai deux propos tenus par le philosophe&nbsp;: \u00ab&nbsp;quand on dit \u00e0 un croyant : c&rsquo;est idiot ce que vous croyez, d&rsquo;ailleurs ce que l&rsquo;on croit n&rsquo;est jamais vrai, c&rsquo;est Val\u00e9ry qui l&rsquo;a dit, il vous r\u00e9pondra peut \u00eatre : Je sais bien, mais quand m\u00eame, j&rsquo;ai un toit pour m&rsquo;abriter et des fr\u00e8res et des s\u0153urs pour me tenir chaud, j&rsquo;ai un parti, j&rsquo;ai une \u00e9glise, j&rsquo;ai une confr\u00e9rie [\u2026]. Votre v\u00e9rit\u00e9, elle est froide, elle ne me rapporte rien, alors que ma croyance m&rsquo;augmente. Elle me rend fier d&rsquo;\u00eatre ce que je suis, parce qu&rsquo;elle m&rsquo;assure une appartenance. Elle m&rsquo;ins\u00e8re dans un \u00ab&nbsp;nous&nbsp;\u00bb beaucoup plus grand et plus fort que moi, le \u00ab nous \u00bb de tous les croyants, \u00e0 la m\u00eame croyance que moi.&nbsp;\u00bb<br \/>\n<\/span><\/p>\n<p><span style=\"color: #777777;\"><span style=\"font-family: Arial;\">Et cette phrase o\u00f9, il donne ce conseil, plus exactement une injonction \u00e0 tous les h\u00e9rauts de la la\u00efcit\u00e9&nbsp;: \u00ab&nbsp;Il ne faut pas demander \u00e0 la la\u00efcit\u00e9, ce qu&rsquo;elle ne peut nous donner [\u2026] La la\u00efcit\u00e9 est une construction juridique et une l\u00e9gislation ne donne pas un sentiment d&rsquo;appartenance, d&rsquo;entraide mutuelle et de fiert\u00e9 collective. La la\u00efcit\u00e9 ne r\u00e9pond pas aux questions fondamentales : d&rsquo;o\u00f9 venons-nous, o\u00f9 allons-nous ? [\u2026] La la\u00efcit\u00e9 ne peut pas remplacer la religion sinon elle devrait devenir elle-m\u00eame une religion. Et si elle devenait une religion, elle ne serait plus ce qu&rsquo;elle est : elle serait la religion de certains contre d&rsquo;autres et non pas un cadre de coexistence de plusieurs valeurs, simplement une valeur parmi d&rsquo;autres. \u00bb <\/span><span style=\"font-family: Times New Roman;\"><br \/>\n<\/span><\/span><\/p>\n<p><span style=\"color: #777777; font-family: Arial;\">Il y eut encore deux autres th\u00e9matiques durant une semaine&nbsp;: Au retour des vacances d&rsquo;\u00e9t\u00e9, une semaine consacr\u00e9e \u00e0 <strong>Michel Rocard<\/strong> (N\u00b0740 \u00e0 744) qui venait de mourir au d\u00e9but de l&rsquo;\u00e9t\u00e9 et qui \u00e9tait l&rsquo;homme politique fran\u00e7ais dont je me sentais le plus proche depuis que j&rsquo;ai acc\u00e9d\u00e9 \u00e0 la r\u00e9flexion. Et enfin, il y eut 5 mots de jour (790 \u00e0 794) qui interrogeaient <strong>la m\u00e9ritocratie<\/strong>, ses limites et surtout ses d\u00e9rives.<br \/>\n<\/span><\/p>\n<p><span style=\"color: #777777;\"><span style=\"font-family: Arial;\">Mais il n&rsquo;y eut pas que des th\u00e9matiques, il y eut aussi des mots isol\u00e9s qui \u00e0 la relecture me semblent tr\u00e8s intelligents au sens de ce que Michel Serres expliquait dans le 800\u00e8me mot du jour.<\/span><span style=\"font-family: Times New Roman;\"><br \/>\n<\/span><\/span><\/p>\n<p><span style=\"color: #777777;\"><span style=\"font-family: Arial;\">Mais je vous en parlerai demain.<\/span><span style=\"font-family: Times New Roman;\"><br \/>\n<\/span><\/span><\/p>\n<p><span style=\"color: #800000;\">&lt;Message hors num\u00e9rotation&gt;<\/span><\/p>\n","protected":false},"excerpt":{"rendered":"<p>\u00ab&nbsp;Retour sur les mots du jour 701 \u00e0 800 (1)&nbsp;\u00bb R\u00e9trospective Voici donc une nouvelle s\u00e9rie de 100 mots du jour, du 701\u00e8me qui concernait les accords Sykes \u2013 Picot qui ont durablement conditionn\u00e9 les relations entre les arabes et<\/p>\n","protected":false},"author":1,"featured_media":0,"comment_status":"closed","ping_status":"closed","sticky":false,"template":"","format":"standard","meta":{"footnotes":""},"categories":[1],"tags":[26],"class_list":["post-2329","post","type-post","status-publish","format-standard","hentry","category-motdujour","tag-retrospective"],"_links":{"self":[{"href":"https:\/\/lemotdujour.fr\/index.php?rest_route=\/wp\/v2\/posts\/2329","targetHints":{"allow":["GET"]}}],"collection":[{"href":"https:\/\/lemotdujour.fr\/index.php?rest_route=\/wp\/v2\/posts"}],"about":[{"href":"https:\/\/lemotdujour.fr\/index.php?rest_route=\/wp\/v2\/types\/post"}],"author":[{"embeddable":true,"href":"https:\/\/lemotdujour.fr\/index.php?rest_route=\/wp\/v2\/users\/1"}],"replies":[{"embeddable":true,"href":"https:\/\/lemotdujour.fr\/index.php?rest_route=%2Fwp%2Fv2%2Fcomments&post=2329"}],"version-history":[{"count":5,"href":"https:\/\/lemotdujour.fr\/index.php?rest_route=\/wp\/v2\/posts\/2329\/revisions"}],"predecessor-version":[{"id":9168,"href":"https:\/\/lemotdujour.fr\/index.php?rest_route=\/wp\/v2\/posts\/2329\/revisions\/9168"}],"wp:attachment":[{"href":"https:\/\/lemotdujour.fr\/index.php?rest_route=%2Fwp%2Fv2%2Fmedia&parent=2329"}],"wp:term":[{"taxonomy":"category","embeddable":true,"href":"https:\/\/lemotdujour.fr\/index.php?rest_route=%2Fwp%2Fv2%2Fcategories&post=2329"},{"taxonomy":"post_tag","embeddable":true,"href":"https:\/\/lemotdujour.fr\/index.php?rest_route=%2Fwp%2Fv2%2Ftags&post=2329"}],"curies":[{"name":"wp","href":"https:\/\/api.w.org\/{rel}","templated":true}]}}