{"id":2323,"date":"2017-05-23T04:30:54","date_gmt":"2017-05-23T02:30:54","guid":{"rendered":"http:\/\/lemotdujour.fr\/?p=2323"},"modified":"2021-09-29T10:29:19","modified_gmt":"2021-09-29T08:29:19","slug":"mardi-23-mai-2017","status":"publish","type":"post","link":"https:\/\/lemotdujour.fr\/?p=2323","title":{"rendered":"Mardi 23 mai 2017"},"content":{"rendered":"<div class=\"mdjTexte\">\t\u00abIl nous faut de l\u2019audace, encore de l\u2019audace, toujours de l\u2019audace\u00bb<\/div>\n<div class=\"mdjAuteur\">\tDanton<\/div>\n<p><span style=\"color: #777777; font-family: Arial;\">C&rsquo;est le 2 septembre 1792 que Danton devant l&rsquo;Assembl\u00e9e L\u00e9gislative a prononc\u00e9 ces paroles devenus c\u00e9l\u00e8bres.<br \/>\n<\/span><\/p>\n<p><span style=\"color: #777777; font-family: Arial;\">La France r\u00e9volutionnaire \u00e9tait tr\u00e8s mal, attaqu\u00e9 de partout, Verdun \u00e9tait tomb\u00e9 aux mains des prussiens cette fois-l\u00e0 et Danton est mont\u00e9 \u00e0 la tribune pour se lancer dans un discours enflamm\u00e9 qui finit par ces mots : \u00abIl nous faut de l&rsquo;audace, encore de l&rsquo;audace, toujours de l&rsquo;audace&nbsp;\u00bb. Puis, le 20 septembre 1792, avec la bataille et la victoire de Valmy sur les Prussiens, l&rsquo;arm\u00e9e fran\u00e7aise, command\u00e9e par le g\u00e9n\u00e9ral Charles-Fran\u00e7ois Dumouriez, a arr\u00eat\u00e9 l&rsquo;invasion.<br \/>\n<\/span><\/p>\n<p><span style=\"color: #777777; font-family: Arial;\">Vous en lirez davantage sur cette page de l&rsquo;Assembl\u00e9e Nationale&nbsp;: <span style=\"color: #0000ff;\"><a style=\"color: #0000ff;\" href=\"http:\/\/www2.assemblee-nationale.fr\/decouvrir-l-assemblee\/histoire\/grands-moments-d-eloquence\/danton-2-septembre-1792\">&lt;Danton 2 septembre 1792&gt;<\/a><\/span><br \/>\n<\/span><\/p>\n<p><span style=\"color: #777777; font-family: Arial;\">Le Pr\u00e9sident de la R\u00e9publique nouvellement \u00e9lu, Emmanuel Macron s&rsquo;est exclam\u00e9 dans son discours au Louvre&nbsp;:<br \/>\n<\/span><\/p>\n<p style=\"margin-left: 28pt;\"><span style=\"color: #c00000; font-family: Arial;\">\u00ab&nbsp;Oui ce soir nous avons gagn\u00e9 un droit, un droit qui nous oblige. Vous avez choisi l&rsquo;audace. Et cette audace nous la poursuivrons. Et chaque jour qui vient nous continuerons \u00e0 la porter, parce que c&rsquo;est ce que les fran\u00e7aises et les fran\u00e7ais attendent. Parce que c&rsquo;est ce que l&rsquo;Europe et le Monde attendent de nous&nbsp;\u00bb<br \/>\n<\/span><\/p>\n<p><span style=\"color: #777777; font-family: Arial;\">Ce passage du discours, vous le retrouverez (\u00e0 14:23) dans l&rsquo;\u00e9mission de France 5 \u00ab&nbsp;C Pol\u00e9mique&nbsp;\u00bb, derri\u00e8re ce lien&nbsp;:<span style=\"color: #0000ff;\"> <a style=\"color: #0000ff;\" href=\"https:\/\/www.youtube.com\/watch?v=UvWvzLlx5WA\">&lt;ICI&gt;<\/a><\/span><br \/>\n<\/span><\/p>\n<p><span style=\"color: #777777; font-family: Arial;\">Le journaliste Bruce Toussaint se tourne alors vers Jacques Attali et lui pose cette question&nbsp;: \u00ab&nbsp;<span style=\"color: #c00000;\">Moi je dirais que c&rsquo;est du Attali non&nbsp;?&nbsp;<span style=\"color: #777777;\">\u00bb<br \/>\n<\/span><\/span><\/span><\/p>\n<p><span style=\"color: #777777; font-family: Arial;\">Jacques Attali se d\u00e9fend d&rsquo;abord en disant \u00ab&nbsp;<span style=\"color: #c00000;\">Je n&rsquo;y suis pour rien dans tout \u00e7a&nbsp;<span style=\"color: #777777;\">\u00bb, puis dit sa confiance en Emmanuel Macron qui appliquera enfin les r\u00e9formes dont la France a besoin et que lui-m\u00eame pr\u00e9conise depuis si longtemps. Il pense que Macron aura cette audace et raconte comment les pr\u00e9d\u00e9cesseurs d&rsquo;Emmanuel Macron r\u00e9agissaient lorsqu&rsquo;il leur demandait des r\u00e9formes audacieuses&nbsp;: \u00ab&nbsp;Si je fais ce que tu dis, ils vont venir me couper la t\u00eate&nbsp;\u00bb. Il rappelle de mani\u00e8re malicieuse que si aucun n&rsquo;a \u00e9t\u00e9 d\u00e9capit\u00e9, ils ont tous \u00e9t\u00e9 vir\u00e9s par les \u00e9lecteurs.<br \/>\n<\/span><\/span><\/span><\/p>\n<p><span style=\"color: #777777; font-family: Arial;\">En r\u00e9sum\u00e9 Jacques Attali pense que nous sommes enfin sur la bonne voie et qu&rsquo;Emmanuel Macron est l&rsquo;homme de la situation.<br \/>\n<\/span><\/p>\n<p><span style=\"color: #777777; font-family: Arial;\">Mais apr\u00e8s, Bruce Toussaint donne la parole \u00e0 Edgar Morin qui est \u00e9galement invit\u00e9 dans cette \u00e9mission. Et Edgar Morin tient un autre discours (17:00) dont je tente ci-apr\u00e8s de vous donner la substance&nbsp;:<br \/>\n<\/span><\/p>\n<p style=\"margin-left: 28pt;\"><span style=\"color: #c00000; font-family: Arial;\">\u00ab&nbsp;La question de l&rsquo;audace, c&rsquo;est l&rsquo;audace pour qui&nbsp;? Pour quoi&nbsp;?<br \/>\n<\/span><\/p>\n<p style=\"margin-left: 28pt;\"><span style=\"color: #c00000; font-family: Arial;\">Moi je crois que c&rsquo;est quelqu&rsquo;un qui est capable \u00e9videmment de faire des grandes choses. [\u2026]<br \/>\n<\/span><\/p>\n<p style=\"margin-left: 28pt;\"><span style=\"color: #c00000; font-family: Arial;\">Ce petit bonhomme tout seul, cette sorte de Tintin a fait sauter l&rsquo;\u00e9norme \u00e9difice. Il n&rsquo;y est pas arriv\u00e9 tout seul, d\u00e8s le d\u00e9but il a eu d&rsquo;\u00e9normes ralliements. Il est arriv\u00e9 \u00e0 rassembler ces ralliements h\u00e9t\u00e9roclites.<br \/>\nLa question aujourd&rsquo;hui est que ce c\u00f4t\u00e9 h\u00e9t\u00e9roclite va avoir une convergence&nbsp;?<br \/>\nEst-ce qu&rsquo;il va arriver \u00e0 donner une convergence \u00e0 \u00e7a&nbsp;?<br \/>\nIl sera oblig\u00e9 de donner une voie, un chemin qu&rsquo;il n&rsquo;a pas encore donn\u00e9.<br \/>\nIl reste dans le flou, peut-\u00eatre qu&rsquo;il aura int\u00e9r\u00eat \u00e0 rester dans le flou.<br \/>\nMais \u00e0 supposer qu&rsquo;il ait des v\u00e9ritables pouvoirs apr\u00e8s avoir pass\u00e9 l&rsquo;obstacle des l\u00e9gislatives\u2026<br \/>\nReste \u00e0 savoir, ce pays qui souffre, il a besoin d&rsquo;une nouvelle voie, ce qu&rsquo;il appelle la transformation.<br \/>\n<\/span><\/p>\n<p style=\"margin-left: 28pt;\"><span style=\"color: #c00000; font-family: Arial;\">Nous connaissons la direction qu&rsquo;il faudrait prendre. Nous savons qu&rsquo;il faut r\u00e9duire le pouvoir du calcul, de l&rsquo;argent. Nous savons qu&rsquo;il faut profiter de probl\u00e8mes \u00e9cologiques [\u00e0 surmonter] pour redonner de la sant\u00e9, de la vitalit\u00e9 \u00e0 notre soci\u00e9t\u00e9.<br \/>\n<\/span><\/p>\n<p style=\"margin-left: 28pt;\"><span style=\"color: #c00000; font-family: Arial;\">Nous savons qu&rsquo;il faut donner de la v\u00e9ritable solidarit\u00e9 qu&rsquo;il faut insuffler par tous les moyens possibles dans un monde o\u00f9 domine le pour soi et l&rsquo;\u00e9go\u00efsme.<br \/>\nNous savons que la France n&rsquo;est pas isol\u00e9e dans le monde.<br \/>\nIl a d&rsquo;ailleurs dit que le monde attend quelque chose de la France.<br \/>\nIl faudrait que la France renouvelle un message comme celui que Dominique de Villepin avait adress\u00e9 \u00e0 l&rsquo;ONU, lors du refus de participer \u00e0 la guerre en Irak.<br \/>\nQu&rsquo;on sente que la France existe autrement qu&rsquo;\u00e0 la remorque des Etats-Unis.&nbsp;\u00bb<br \/>\n<\/span><\/p>\n<p><span style=\"color: #777777; font-family: Arial;\">Voil\u00e0 ce que ce vieil homme de 95 ans dit avec passion au jeune Pr\u00e9sident de 39 ans&nbsp;:<br \/>\n<\/span><\/p>\n<p><span style=\"color: #777777; font-family: Arial;\">L&rsquo;audace pour qui, pour quoi&nbsp;?<br \/>\n<\/span><\/p>\n<p><span style=\"color: #777777; font-family: Arial;\">Dans quel sens allons-nous&nbsp;?<br \/>\n<\/span><\/p>\n<p><span style=\"color: #777777; font-family: Arial;\">Sommes-nous convaincus qu&rsquo;il faut faire reculer le calcul et l&rsquo;argent&nbsp;et redonner des lettres de noblesse \u00e0 la solidarit\u00e9 contre l&rsquo;\u00e9go\u00efsme et l&rsquo;individualisme forcen\u00e9&nbsp;?<br \/>\n<\/span><\/p>\n<p><span style=\"color: #777777; font-family: Arial;\">Bien s\u00fbr il faut des r\u00e9formes de fond, on ne peut continuer comme cela.<br \/>\n<\/span><\/p>\n<p><span style=\"color: #777777; font-family: Arial;\">Mais quelles sont les valeurs en \u0153uvre&nbsp;?<br \/>\n<\/span><\/p>\n<p><span style=\"color: #777777; font-family: Arial;\">Je partage les interrogations d&rsquo;Edgar Morin. <\/span><\/p>\n<p><span style=\"color: #777777; font-family: Arial;\">Je redonne le lien vers l&rsquo;\u00e9mission : <span style=\"color: #0000ff;\"><a style=\"color: #0000ff;\" href=\"https:\/\/www.youtube.com\/watch?v=UvWvzLlx5WA\">&lt;ICI&gt;<\/a><\/span><br \/>\n<\/span><\/p>\n<p><span style=\"color: #777777; font-family: Arial;\"><span style=\"color: #800000;\">&lt;898&gt;<\/span><br \/>\n<\/span><\/p>\n","protected":false},"excerpt":{"rendered":"<p>\u00abIl nous faut de l\u2019audace, encore de l\u2019audace, toujours de l\u2019audace\u00bb Danton C&rsquo;est le 2 septembre 1792 que Danton devant l&rsquo;Assembl\u00e9e L\u00e9gislative a prononc\u00e9 ces paroles devenus c\u00e9l\u00e8bres. La France r\u00e9volutionnaire \u00e9tait tr\u00e8s mal, attaqu\u00e9 de partout, Verdun \u00e9tait tomb\u00e9<\/p>\n","protected":false},"author":1,"featured_media":0,"comment_status":"open","ping_status":"closed","sticky":false,"template":"","format":"standard","meta":{"footnotes":""},"categories":[1],"tags":[6,3,4],"class_list":["post-2323","post","type-post","status-publish","format-standard","hentry","category-motdujour","tag-philosophie","tag-politique","tag-presidentielle-2017"],"_links":{"self":[{"href":"https:\/\/lemotdujour.fr\/index.php?rest_route=\/wp\/v2\/posts\/2323","targetHints":{"allow":["GET"]}}],"collection":[{"href":"https:\/\/lemotdujour.fr\/index.php?rest_route=\/wp\/v2\/posts"}],"about":[{"href":"https:\/\/lemotdujour.fr\/index.php?rest_route=\/wp\/v2\/types\/post"}],"author":[{"embeddable":true,"href":"https:\/\/lemotdujour.fr\/index.php?rest_route=\/wp\/v2\/users\/1"}],"replies":[{"embeddable":true,"href":"https:\/\/lemotdujour.fr\/index.php?rest_route=%2Fwp%2Fv2%2Fcomments&post=2323"}],"version-history":[{"count":6,"href":"https:\/\/lemotdujour.fr\/index.php?rest_route=\/wp\/v2\/posts\/2323\/revisions"}],"predecessor-version":[{"id":12205,"href":"https:\/\/lemotdujour.fr\/index.php?rest_route=\/wp\/v2\/posts\/2323\/revisions\/12205"}],"wp:attachment":[{"href":"https:\/\/lemotdujour.fr\/index.php?rest_route=%2Fwp%2Fv2%2Fmedia&parent=2323"}],"wp:term":[{"taxonomy":"category","embeddable":true,"href":"https:\/\/lemotdujour.fr\/index.php?rest_route=%2Fwp%2Fv2%2Fcategories&post=2323"},{"taxonomy":"post_tag","embeddable":true,"href":"https:\/\/lemotdujour.fr\/index.php?rest_route=%2Fwp%2Fv2%2Ftags&post=2323"}],"curies":[{"name":"wp","href":"https:\/\/api.w.org\/{rel}","templated":true}]}}