{"id":2319,"date":"2017-05-24T04:30:46","date_gmt":"2017-05-24T02:30:46","guid":{"rendered":"http:\/\/lemotdujour.fr\/?p=2319"},"modified":"2021-09-29T10:28:40","modified_gmt":"2021-09-29T08:28:40","slug":"maercredi-24-mai-2017","status":"publish","type":"post","link":"https:\/\/lemotdujour.fr\/?p=2319","title":{"rendered":"Mercredi 24 mai 2017"},"content":{"rendered":"<div class=\"mdjTexte\">\t\u00ab&nbsp;Maman, tu es simplement jeune, depuis plus longtemps&nbsp;!\u00bb<\/div>\n<div class=\"mdjAuteur\">\tLaurine S.<\/div>\n<p><span style=\"color: #777777; font-family: Arial;\">Mot du jour pour la f\u00eate des m\u00e8res qui tombe cette ann\u00e9e le dimanche 28 mai, au bout du pont de l&rsquo;ascension.<br \/>\n<\/span><\/p>\n<p><span style=\"color: #777777; font-family: Arial;\">Le plus souvent la relation d&rsquo;une m\u00e8re avec ses enfants est d&rsquo;une grande intensit\u00e9. C&rsquo;est dans la nature des choses. Le d\u00e9but de notre existence se passe dans le corps de la m\u00e8re. Pendant 9 mois il y a un partage absolu des sensations, des \u00e9motions, tout simplement de tout ce qui est v\u00e9cu. Cette relation intime ne peut que d\u00e9boucher sur un lien extr\u00eamement fort. C&rsquo;est au moins le cas, de loin, le plus fr\u00e9quent.<br \/>\n<\/span><\/p>\n<p><span style=\"color: #777777; font-family: Arial;\">Une m\u00e8re ne peut alors que regarder l&rsquo;\u00e9panouissement et la maturation de ses enfants avec un immense bonheur.<br \/>\n<\/span><\/p>\n<p><span style=\"color: #777777; font-family: Arial;\">Par-del\u00e0 cette exp\u00e9rience de la vie, il se peut de mani\u00e8re subtile et furtive que cette \u00e9volution puisse aussi amener la m\u00e8re \u00e0 sentir les ann\u00e9es qui passent dans sa propre vie.<br \/>\n<\/span><\/p>\n<p><span style=\"color: #777777; font-family: Arial;\">Andr\u00e9 et Lucie nous ont fait la joie de nous rendre visite lors du dernier \u00e9t\u00e9.<br \/>\n<\/span><\/p>\n<p><span style=\"color: #777777; font-family: Arial;\">Et Lucie en \u00e9voquant cette sensation a rapport\u00e9 cette magnifique parole de sa fille Laurine qui agit comme un baume, s&rsquo;il est n\u00e9cessaire : \u00ab&nbsp;Maman, tu es simplement jeune, depuis plus longtemps&nbsp;!\u00bb.<br \/>\n<\/span><\/p>\n<p><span style=\"color: #777777; font-family: Arial;\">Je me suis promis d&rsquo;utiliser cette belle pens\u00e9e pour la f\u00eate des m\u00e8res.<br \/>\n<\/span><\/p>\n<p><span style=\"color: #777777; font-family: Arial;\">Ce soir nous d\u00e9butons donc le pont de l&rsquo;ascension et avec Annie nous allons prendre quelques cong\u00e9s jusqu&rsquo;au lendemain du lundi de la Pentec\u00f4te.<br \/>\n<\/span><\/p>\n<p><span style=\"color: #777777; font-family: Arial;\">Le prochain mot du jour sera donc envoy\u00e9 mardi 6 juin 2017.<br \/>\n<\/span><\/p>\n<p><span style=\"color: #777777; font-family: Arial;\">Il s&rsquo;agira alors du 900<sup>\u00e8me<\/sup>.<br \/>\n<\/span><\/p>\n<p><span style=\"color: #777777; font-family: Arial;\">Le premier date du mardi 9 octobre 2012, quasi un quinquennat.<br \/>\n<\/span><\/p>\n<p><span style=\"color: #777777; font-family: Arial;\"><span style=\"color: #800000;\">&lt;899&gt;<\/span><br \/>\n<\/span><\/p>\n","protected":false},"excerpt":{"rendered":"<p>\u00ab&nbsp;Maman, tu es simplement jeune, depuis plus longtemps&nbsp;!\u00bb Laurine S. Mot du jour pour la f\u00eate des m\u00e8res qui tombe cette ann\u00e9e le dimanche 28 mai, au bout du pont de l&rsquo;ascension. Le plus souvent la relation d&rsquo;une m\u00e8re avec<\/p>\n","protected":false},"author":1,"featured_media":0,"comment_status":"open","ping_status":"closed","sticky":false,"template":"","format":"standard","meta":{"footnotes":""},"categories":[1],"tags":[19,6,7],"class_list":["post-2319","post","type-post","status-publish","format-standard","hentry","category-motdujour","tag-personnel","tag-philosophie","tag-societe"],"_links":{"self":[{"href":"https:\/\/lemotdujour.fr\/index.php?rest_route=\/wp\/v2\/posts\/2319","targetHints":{"allow":["GET"]}}],"collection":[{"href":"https:\/\/lemotdujour.fr\/index.php?rest_route=\/wp\/v2\/posts"}],"about":[{"href":"https:\/\/lemotdujour.fr\/index.php?rest_route=\/wp\/v2\/types\/post"}],"author":[{"embeddable":true,"href":"https:\/\/lemotdujour.fr\/index.php?rest_route=\/wp\/v2\/users\/1"}],"replies":[{"embeddable":true,"href":"https:\/\/lemotdujour.fr\/index.php?rest_route=%2Fwp%2Fv2%2Fcomments&post=2319"}],"version-history":[{"count":6,"href":"https:\/\/lemotdujour.fr\/index.php?rest_route=\/wp\/v2\/posts\/2319\/revisions"}],"predecessor-version":[{"id":12204,"href":"https:\/\/lemotdujour.fr\/index.php?rest_route=\/wp\/v2\/posts\/2319\/revisions\/12204"}],"wp:attachment":[{"href":"https:\/\/lemotdujour.fr\/index.php?rest_route=%2Fwp%2Fv2%2Fmedia&parent=2319"}],"wp:term":[{"taxonomy":"category","embeddable":true,"href":"https:\/\/lemotdujour.fr\/index.php?rest_route=%2Fwp%2Fv2%2Fcategories&post=2319"},{"taxonomy":"post_tag","embeddable":true,"href":"https:\/\/lemotdujour.fr\/index.php?rest_route=%2Fwp%2Fv2%2Ftags&post=2319"}],"curies":[{"name":"wp","href":"https:\/\/api.w.org\/{rel}","templated":true}]}}