{"id":2314,"date":"2017-05-22T04:30:11","date_gmt":"2017-05-22T02:30:11","guid":{"rendered":"http:\/\/lemotdujour.fr\/?p=2314"},"modified":"2021-09-29T10:30:16","modified_gmt":"2021-09-29T08:30:16","slug":"lundi-22-mai-2017","status":"publish","type":"post","link":"https:\/\/lemotdujour.fr\/?p=2314","title":{"rendered":"Lundi 22 mai 2017"},"content":{"rendered":"<div class=\"mdjTexte\">\t\u00ab&nbsp;Pour nous c\u2019est plus facile&nbsp;! Moi, je fais un film quand je sens la crise venir, et vous, vous \u00e9crivez un roman.&nbsp;\u00bb<\/div>\n<div class=\"mdjAuteur\">\tCharlie Chaplin (lors d\u2019un \u00e9change avec Georges Simenon<\/div>\n<p><span style=\"color: #777777; font-family: Arial;\">Nous sommes en plein festival de Cannes qui cette ann\u00e9e a ouvert le 17 mai et finira le 28 mai.<br \/>\n<\/span><\/p>\n<p><span style=\"color: #777777; font-family: Arial;\">Autour de mes 20 ans je lisais beaucoup Georges Simenon qui n&rsquo;est pas, comme on le croit, un auteur de roman policiers mais un \u00e9crivain de la psychologie et des tourments de l&rsquo;\u00e2me humaine. <span style=\"color: #0000ff;\"><a style=\"color: #0000ff;\" href=\"https:\/\/fr.wikipedia.org\/wiki\/Georges_Simenon\">Wikipedia<\/a><\/span> nous apprend qu&rsquo;en 1941, Gide avait dit \u00ab&nbsp;<span style=\"color: #c00000;\">Simenon est un romancier de g\u00e9nie&nbsp;<span style=\"color: #777777;\">\u00bb.<br \/>\n<\/span><\/span><\/span><\/p>\n<p><span style=\"color: #777777; font-family: Arial;\">J&rsquo;allais beaucoup au cin\u00e9ma aussi et j&rsquo;\u00e9tais grand admirateur du cin\u00e9ma italien et particuli\u00e8rement de Federico Fellini.<br \/>\n<\/span><\/p>\n<p><span style=\"color: #777777; font-family: Arial;\">En 1960, le Festival de Cannes avait r\u00e9uni ces deux g\u00e9nies, le premier comme pr\u00e9sident du jury et le second comme comp\u00e9titeur. Il semble que Georges Simenon a jou\u00e9 un r\u00f4le majeur dans l&rsquo;attribution de la Palme d&rsquo;or \u00e0 \u00ab&nbsp;<span style=\"color: #0000ff;\"><a style=\"color: #0000ff;\" href=\"https:\/\/fr.wikipedia.org\/wiki\/La_dolce_vita\">la dolce vita<\/a><\/span>&nbsp;\u00bb de Federico Fellini.<br \/>\n<\/span><\/p>\n<p><span style=\"color: #777777; font-family: Arial;\">Dans mes souvenirs, l&rsquo;exergue de ce mot du jour \u00e9tait de Federico Fellini au cours d&rsquo;un \u00e9change avec Simenon, lors de ce festival. Mais notre m\u00e9moire nous joue des tours. Je suis retourn\u00e9 \u00e0 la source, un livre que j&rsquo;avais achet\u00e9 il y a bien longtemps et qui reprenait les entretiens d&rsquo;une \u00e9mission de la t\u00e9l\u00e9vision fran\u00e7aise \u00ab&nbsp;Portrait Souvenir&nbsp;\u00bb diffus\u00e9s le 30 novembre et les 7,14 et 21 d\u00e9cembre 1963.<br \/>\n<\/span><\/p>\n<p><span style=\"color: #777777; font-family: Arial;\">Et si cette phrase a bien \u00e9t\u00e9 prononc\u00e9e, ce ne fut pas par Fellini mais par Charlie Chaplin. En toute hypoth\u00e8se, elle est bien d&rsquo;un immense cr\u00e9ateur. Je vous livre le paragraphe entier&nbsp;:<br \/>\n<\/span><\/p>\n<p style=\"margin-left: 28pt;\"><span style=\"color: #c00000; font-family: Arial;\">\u00ab&nbsp;Nous [Charlie Chaplin et Georges Simenon] bavardions et nous disions que nous \u00e9tions tous plus ou moins n\u00e9vros\u00e9s, que g\u00e9n\u00e9ralement les n\u00e9vros\u00e9s vont chez le psychanalyste, et Chaplin ajoutait&nbsp;: Pour nous c&rsquo;est plus facile&nbsp;! Moi, je fais un film quand je sens la crise venir, et vous, vous \u00e9crivez un roman. Alors en me tapant l&rsquo;\u00e9paule&nbsp;: Mais nous, on nous paie pour cela, on nous paie pour nous soigner&nbsp;! Au fond, c&rsquo;est un peu la m\u00eame chose. Je crois qu&rsquo;on ne serait ni romancier, ni peintre, ni d&rsquo;aucune profession si ce n&rsquo;\u00e9tait pas une sorte de n\u00e9cessit\u00e9 intime.&nbsp;\u00bb<br \/>\n<\/span><\/p>\n<p><span style=\"color: #777777; font-family: Arial;\">Georges Simenon (entretien avec Roger St\u00e9phane) page 141 publi\u00e9 en 1963.<br \/>\n<\/span><\/p>\n<p>&nbsp;<\/p>\n<p><span style=\"color: #777777; font-family: Arial;\">Le dernier mot du jour racontait ce que pouvait vivre celui qui recevait l&rsquo;\u0153uvre cr\u00e9ative, ici il est question de ce qui se passe chez le cr\u00e9ateur. Ceci nous dit que l&rsquo;art fait du bien \u00e0 celui qui cr\u00e9e et \u00e0 celui qui b\u00e9n\u00e9ficie de la cr\u00e9ation.<br \/>\n<\/span><\/p>\n<p><span style=\"color: #777777; font-family: Arial;\">Pour la sortie du <em>Casanova <\/em>de Fellini, en 1977, l&rsquo;Express avait demand\u00e9 \u00e0 Fellini de se pr\u00eater aux questions de celui qui \u00e9tait devenu son ami : Simenon. En 1993,<span style=\"color: #0000ff;\"> <a style=\"color: #0000ff;\" href=\"http:\/\/www.lexpress.fr\/culture\/cinema\/fellini-simenon-et-casanova_605915.html\">l&rsquo;Express a republi\u00e9 cet entretien et cet article<\/a><\/span> se trouve toujours sur leur site.<br \/>\n<\/span><\/p>\n<p><span style=\"color: #777777; font-family: Arial;\">La r\u00e9ponse de Fellini \u00e0 la derni\u00e8re question de Simenon \u00e9tait celle-ci&nbsp;:<br \/>\n<\/span><\/p>\n<p style=\"margin-left: 28pt;\"><span style=\"color: #c00000; font-family: Arial;\">\u00ab&nbsp;Vous et moi n&rsquo;avons jamais racont\u00e9 que des \u00e9checs. Tous les romans de Simenon sont l&rsquo;histoire d&rsquo;un \u00e9chec. Et les films de Fellini? Que sont-ils d&rsquo;autre? Mais, je veux vous le dire, il faut que j&rsquo;arrive \u00e0 vous le dire&#8230; Lorsqu&rsquo;on referme un de vos livres, m\u00eame s&rsquo;il finit mal, et, en g\u00e9n\u00e9ral, il finit mal, on y a puis\u00e9 une \u00e9nergie nouvelle. Je crois que l&rsquo;art, c&rsquo;est \u00e7a, la possibilit\u00e9 de transformer l&rsquo;\u00e9chec en victoire, la tristesse en bonheur. L&rsquo;art, c&rsquo;est le miracle&#8230; ?&nbsp;&nbsp;\u00bb<br \/>\n<\/span><\/p>\n<p><span style=\"color: #777777; font-family: Arial;\">\u00ab<strong>&nbsp;L&rsquo;art c&rsquo;est le miracle<\/strong>&nbsp;\u00bb, restons sur cette belle pens\u00e9e.<\/span><\/p>\n<p><span style=\"color: #800000;\">&lt;897&gt;<\/span><\/p>\n","protected":false},"excerpt":{"rendered":"<p>\u00ab&nbsp;Pour nous c\u2019est plus facile&nbsp;! Moi, je fais un film quand je sens la crise venir, et vous, vous \u00e9crivez un roman.&nbsp;\u00bb Charlie Chaplin (lors d\u2019un \u00e9change avec Georges Simenon Nous sommes en plein festival de Cannes qui cette ann\u00e9e<\/p>\n","protected":false},"author":1,"featured_media":0,"comment_status":"open","ping_status":"closed","sticky":false,"template":"","format":"standard","meta":{"footnotes":""},"categories":[1],"tags":[25,9,19],"class_list":["post-2314","post","type-post","status-publish","format-standard","hentry","category-motdujour","tag-cinema","tag-litterature","tag-personnel"],"_links":{"self":[{"href":"https:\/\/lemotdujour.fr\/index.php?rest_route=\/wp\/v2\/posts\/2314","targetHints":{"allow":["GET"]}}],"collection":[{"href":"https:\/\/lemotdujour.fr\/index.php?rest_route=\/wp\/v2\/posts"}],"about":[{"href":"https:\/\/lemotdujour.fr\/index.php?rest_route=\/wp\/v2\/types\/post"}],"author":[{"embeddable":true,"href":"https:\/\/lemotdujour.fr\/index.php?rest_route=\/wp\/v2\/users\/1"}],"replies":[{"embeddable":true,"href":"https:\/\/lemotdujour.fr\/index.php?rest_route=%2Fwp%2Fv2%2Fcomments&post=2314"}],"version-history":[{"count":4,"href":"https:\/\/lemotdujour.fr\/index.php?rest_route=\/wp\/v2\/posts\/2314\/revisions"}],"predecessor-version":[{"id":12206,"href":"https:\/\/lemotdujour.fr\/index.php?rest_route=\/wp\/v2\/posts\/2314\/revisions\/12206"}],"wp:attachment":[{"href":"https:\/\/lemotdujour.fr\/index.php?rest_route=%2Fwp%2Fv2%2Fmedia&parent=2314"}],"wp:term":[{"taxonomy":"category","embeddable":true,"href":"https:\/\/lemotdujour.fr\/index.php?rest_route=%2Fwp%2Fv2%2Fcategories&post=2314"},{"taxonomy":"post_tag","embeddable":true,"href":"https:\/\/lemotdujour.fr\/index.php?rest_route=%2Fwp%2Fv2%2Ftags&post=2314"}],"curies":[{"name":"wp","href":"https:\/\/api.w.org\/{rel}","templated":true}]}}