{"id":2279,"date":"2013-11-25T01:00:00","date_gmt":"2013-11-24T22:00:00","guid":{"rendered":"http:\/\/lemotdujour.fr\/?p=2279"},"modified":"2017-05-20T16:02:30","modified_gmt":"2017-05-20T14:02:30","slug":"lundi-25112013","status":"publish","type":"post","link":"https:\/\/lemotdujour.fr\/?p=2279","title":{"rendered":"Lundi 25\/11\/2013"},"content":{"rendered":"<div class=\"mdjDate\">Lundi 25\/11\/2013<\/div>\n<div class=\"mdjTexte\">\u00ab\u00a0L&rsquo;\u00e9go\u00efste, c&rsquo;est celui qui ne pense pas \u00e0 moi\u00a0\u00bb<\/div>\n<div class=\"mdjAuteur\">Labiche<\/div>\n<div class=\"mdjComplements\">C&rsquo;est une citation que j&rsquo;ai entendu plusieurs fois dans la bouche de Fabrice Lucchini<\/div>\n<div class=\"mdjComplements\">Ce mot du jour n&rsquo;a pas \u00e9t\u00e9 envoy\u00e9. Mais il n&rsquo;y a eu un loup\u00e9 entre le 197 et le 198 et alors le Nr 200 ne serait pas le Nr 200 et \u00e7a ce n&rsquo;est pas possible.<\/div>\n","protected":false},"excerpt":{"rendered":"<p>Lundi 25\/11\/2013 \u00ab\u00a0L&rsquo;\u00e9go\u00efste, c&rsquo;est celui qui ne pense pas \u00e0 moi\u00a0\u00bb Labiche C&rsquo;est une citation que j&rsquo;ai entendu plusieurs fois dans la bouche de Fabrice Lucchini Ce mot du jour n&rsquo;a pas \u00e9t\u00e9 envoy\u00e9. Mais il n&rsquo;y a eu un<\/p>\n","protected":false},"author":1,"featured_media":0,"comment_status":"closed","ping_status":"closed","sticky":false,"template":"","format":"standard","meta":{"footnotes":""},"categories":[1],"tags":[],"class_list":["post-2279","post","type-post","status-publish","format-standard","hentry","category-motdujour"],"_links":{"self":[{"href":"https:\/\/lemotdujour.fr\/index.php?rest_route=\/wp\/v2\/posts\/2279","targetHints":{"allow":["GET"]}}],"collection":[{"href":"https:\/\/lemotdujour.fr\/index.php?rest_route=\/wp\/v2\/posts"}],"about":[{"href":"https:\/\/lemotdujour.fr\/index.php?rest_route=\/wp\/v2\/types\/post"}],"author":[{"embeddable":true,"href":"https:\/\/lemotdujour.fr\/index.php?rest_route=\/wp\/v2\/users\/1"}],"replies":[{"embeddable":true,"href":"https:\/\/lemotdujour.fr\/index.php?rest_route=%2Fwp%2Fv2%2Fcomments&post=2279"}],"version-history":[{"count":1,"href":"https:\/\/lemotdujour.fr\/index.php?rest_route=\/wp\/v2\/posts\/2279\/revisions"}],"predecessor-version":[{"id":2280,"href":"https:\/\/lemotdujour.fr\/index.php?rest_route=\/wp\/v2\/posts\/2279\/revisions\/2280"}],"wp:attachment":[{"href":"https:\/\/lemotdujour.fr\/index.php?rest_route=%2Fwp%2Fv2%2Fmedia&parent=2279"}],"wp:term":[{"taxonomy":"category","embeddable":true,"href":"https:\/\/lemotdujour.fr\/index.php?rest_route=%2Fwp%2Fv2%2Fcategories&post=2279"},{"taxonomy":"post_tag","embeddable":true,"href":"https:\/\/lemotdujour.fr\/index.php?rest_route=%2Fwp%2Fv2%2Ftags&post=2279"}],"curies":[{"name":"wp","href":"https:\/\/api.w.org\/{rel}","templated":true}]}}