{"id":2269,"date":"2013-11-18T01:00:00","date_gmt":"2013-11-17T22:00:00","guid":{"rendered":"http:\/\/lemotdujour.fr\/?p=2269"},"modified":"2017-05-20T16:02:26","modified_gmt":"2017-05-20T14:02:26","slug":"lundi-18-novembre-2013","status":"publish","type":"post","link":"https:\/\/lemotdujour.fr\/?p=2269","title":{"rendered":"Lundi 18 novembre 2013"},"content":{"rendered":"<div class=\"mdjDate\">Lundi 18 novembre 2013<\/div>\n<div class=\"mdjTexte\">\u00ab\u00a0Tant que durera l\u2019automne, <br \/>je n\u2019aurai pas assez de mains, <br \/>de toile et de couleurs pour<br \/>peindre ce que je vois de beau.\u00a0\u00bb<\/div>\n<div class=\"mdjAuteur\">Vincent Van Gogh<\/div>\n<div class=\"mdjComplements\">J&rsquo;ai d\u00e9couvert ce po\u00e8me de Van Gogh, parce que Henri Dutilleux l&rsquo;a mis en musique dans son \u0153uvre \u00ab\u00a0Correspondances\u00a0\u00bb<\/div>\n<div class=\"mdjComplements\">Henri Dutilleux est mort le 22 mai 2013. (Il \u00e9tait n\u00e9 en 1916)<\/div>\n<div class=\"mdjComplements\">C&rsquo;\u00e9tait un des plus grands compositeurs vivants, connus et appr\u00e9ci\u00e9s dans le monde entier de la Culture.<\/div>\n<div class=\"mdjComplements\">La ministre de la Culture n&rsquo;a pas trouv\u00e9 le temps pour aller \u00e0 son enterrement ni l&rsquo;opportunit\u00e9 d&rsquo;envoyer un de ses proches collaborateurs.<\/div>\n<div class=\"mdjComplements\">Cette m\u00eame ministre qui a fait chevalier des arts et lettres Bruce Willis !!!<\/div>\n<div class=\"mdjComplements\">Moi j&rsquo;aime bien Bruce Willis quand je veux regarder un film d&rsquo;action pour me d\u00e9tendre.<\/div>\n<div class=\"mdjComplements\">On pourrait peut-\u00eatre le faire chevalier de la d\u00e9tente et des loisirs. Mais des Arts et lettres&#8230;<\/div>\n<div class=\"mdjComplements\">Quand je vous disais tant\u00f4t que nous vivions une \u00e9poque moderne&#8230;<\/div>\n<div class=\"mdjComplements\">Revenons plut\u00f4t au po\u00e8me de Van Gogh :<\/div>\n<div class=\"mdjCiter\">Tant que durera l\u2019automne, je n\u2019aurai pas<\/div>\n<div class=\"mdjCiter\">assez de mains, de toile et de couleurs pour<\/div>\n<div class=\"mdjCiter\">peindre ce que je vois de beau.<\/div>\n<div class=\"mdjCiter\">J\u2019ai un besoin terrible de religion. Alors, je<\/div>\n<div class=\"mdjCiter\">vais la nuit, dehors, pour peindre les \u00e9toiles.<\/div>\n<div class=\"mdjCiter\">Sentir les \u00e9toiles et l\u2019infini, en haut, clairement,<\/div>\n<div class=\"mdjCiter\">alors, la vie est tout de m\u00eame presque enchant\u00e9e.<\/div>\n<div class=\"mdjCiter\">Tout et partout, la coupole du ciel est d\u2019un bleu<\/div>\n<div class=\"mdjCiter\">admirable, le soleil a un rayonnement de soufre p\u00e2le et<\/div>\n<div class=\"mdjCiter\">c\u2019est doux et charmant comme la combinaison des<\/div>\n<div class=\"mdjCiter\">bleus c\u00e9lestes et des jaunes dans les Vermeer de Delft.<\/div>\n<div class=\"mdjCiter\">Malheureusement, \u00e0 c\u00f4t\u00e9 de soleil du Bon Dieu il y a,<\/div>\n<div class=\"mdjCiter\">trois quarts du temps, le Diable Mistral.<\/div>\n<div class=\"mdjCiter\">Dans mon tableau \u00ab caf\u00e9 de nuit \u00bb, j\u2019ai cherch\u00e9 \u00e0 exprimer<\/div>\n<div class=\"mdjCiter\">que le caf\u00e9 est un endroit o\u00f9 l\u2019on peut se ruiner, devenir fou,<\/div>\n<div class=\"mdjCiter\">commettre des crimes. Enfin, j\u2019ai cherch\u00e9 par des<\/div>\n<div class=\"mdjCiter\">contrastes de rose tendre et de rouge sang et lie de vin,<\/div>\n<div class=\"mdjCiter\">avec les verts-jaunes et les verts-bleus durs, tout cela dans<\/div>\n<div class=\"mdjCiter\">une atmosph\u00e8re de fournaise infernale, de soufre p\u00e2le, \u00e0<\/div>\n<div class=\"mdjCiter\">exprimer comme la puissance des t\u00e9n\u00e8bres d\u2019un assommoir.<\/div>\n<div class=\"mdjCiter\">Vincent Van Gogh<\/div>\n","protected":false},"excerpt":{"rendered":"<p>Lundi 18 novembre 2013 \u00ab\u00a0Tant que durera l\u2019automne, je n\u2019aurai pas assez de mains, de toile et de couleurs pourpeindre ce que je vois de beau.\u00a0\u00bb Vincent Van Gogh J&rsquo;ai d\u00e9couvert ce po\u00e8me de Van Gogh, parce que Henri Dutilleux<\/p>\n","protected":false},"author":1,"featured_media":0,"comment_status":"closed","ping_status":"closed","sticky":false,"template":"","format":"standard","meta":{"footnotes":""},"categories":[1],"tags":[],"class_list":["post-2269","post","type-post","status-publish","format-standard","hentry","category-motdujour"],"_links":{"self":[{"href":"https:\/\/lemotdujour.fr\/index.php?rest_route=\/wp\/v2\/posts\/2269","targetHints":{"allow":["GET"]}}],"collection":[{"href":"https:\/\/lemotdujour.fr\/index.php?rest_route=\/wp\/v2\/posts"}],"about":[{"href":"https:\/\/lemotdujour.fr\/index.php?rest_route=\/wp\/v2\/types\/post"}],"author":[{"embeddable":true,"href":"https:\/\/lemotdujour.fr\/index.php?rest_route=\/wp\/v2\/users\/1"}],"replies":[{"embeddable":true,"href":"https:\/\/lemotdujour.fr\/index.php?rest_route=%2Fwp%2Fv2%2Fcomments&post=2269"}],"version-history":[{"count":1,"href":"https:\/\/lemotdujour.fr\/index.php?rest_route=\/wp\/v2\/posts\/2269\/revisions"}],"predecessor-version":[{"id":2270,"href":"https:\/\/lemotdujour.fr\/index.php?rest_route=\/wp\/v2\/posts\/2269\/revisions\/2270"}],"wp:attachment":[{"href":"https:\/\/lemotdujour.fr\/index.php?rest_route=%2Fwp%2Fv2%2Fmedia&parent=2269"}],"wp:term":[{"taxonomy":"category","embeddable":true,"href":"https:\/\/lemotdujour.fr\/index.php?rest_route=%2Fwp%2Fv2%2Fcategories&post=2269"},{"taxonomy":"post_tag","embeddable":true,"href":"https:\/\/lemotdujour.fr\/index.php?rest_route=%2Fwp%2Fv2%2Ftags&post=2269"}],"curies":[{"name":"wp","href":"https:\/\/api.w.org\/{rel}","templated":true}]}}