{"id":2265,"date":"2013-11-13T01:00:00","date_gmt":"2013-11-12T22:00:00","guid":{"rendered":"http:\/\/lemotdujour.fr\/?p=2265"},"modified":"2017-05-20T16:02:24","modified_gmt":"2017-05-20T14:02:24","slug":"mercredi-13-novembre-2013","status":"publish","type":"post","link":"https:\/\/lemotdujour.fr\/?p=2265","title":{"rendered":"Mercredi 13 novembre 2013"},"content":{"rendered":"<div class=\"mdjDate\">Mercredi 13 novembre 2013<\/div>\n<div class=\"mdjTexte\">\u00abDans l&rsquo;Union, des pays comme la France ont r\u00e9solu leurs probl\u00e8mes comme s&rsquo;ils n&rsquo;avaient ni jeunesse, ni vieillesse.\u00bb<\/div>\n<div class=\"mdjAuteur\">Jacques Delors<\/div>\n<div class=\"mdjComplements\">Propos tenu lors de l&rsquo;\u00e9mission de France Inter \u00e0 Bruxelles le 11\/10\/2013<\/div>\n<div class=\"mdjComplements\">Et il a ajout\u00e9 :<\/div>\n<div class=\"mdjCiter\">\u00ab\u00a0Et ce sont les jeunes et les vieux qui ont trinqu\u00e9.<\/div>\n<div class=\"mdjCiter\">Et par cons\u00e9quent on s&rsquo;est endett\u00e9 pour r\u00e9soudre cela.<\/div>\n<div class=\"mdjCiter\">Je l&rsquo;avais dit dans un libre blanc en 1993 qui n&rsquo;avait pas plu au gouvernement :<\/div>\n<div class=\"mdjCiter\">Nous les classes adultes nous r\u00e9glons les probl\u00e8mes entre nous.<\/div>\n<div class=\"mdjCiter\">On ne s&rsquo;occupe pas de l&rsquo;avenir.\u00a0\u00bb<\/div>\n<div class=\"mdjComplements\">C&rsquo;est ici : <a href=\"http:\/\/www.franceinter.fr\/emission-linvite-jacques-delors\">http:\/\/www.franceinter.fr\/emission-linvite-jacques-delors<\/a><\/div>\n<div class=\"mdjComplements\">Nous savons cela. Mais il est int\u00e9ressant que ce soit Jacques Delors qui a \u00e9t\u00e9 le ministre des Finances de 1981 puis qui en tant que Pr\u00e9sident de la commission europ\u00e9enne a particip\u00e9 \u00e0 cela :<\/div>\n<div class=\"mdjComplements\">\u00e0 savoir :<\/div>\n<p>Pas d&rsquo;anticipation sur le vieillissement massif de la population europ\u00e9enne ;<\/p>\n<p>Une faible ouverture du march\u00e9 de travail r\u00e9mun\u00e9rateur aux jeunes ;<\/p>\n<p>le fantasme d&rsquo;une \u00e9conomie sans usine et sans industrie, c&rsquo;est \u00e0 dire d&rsquo;une \u00e9conomie de service alors que les services sont peu r\u00e9mun\u00e9rateurs ;<\/p>\n<p>un appel massif aux emprunts et en plus aux emprunts ext\u00e9rieurs \u00e0 la nation, emprunts aux march\u00e9s financiers.<\/p>\n<div class=\"mdjComplements\">Et voil\u00e0 pourquoi votre ni\u00e8ce est muette aurait ajout\u00e9 Moli\u00e8re&#8230;.<\/div>\n","protected":false},"excerpt":{"rendered":"<p>Mercredi 13 novembre 2013 \u00abDans l&rsquo;Union, des pays comme la France ont r\u00e9solu leurs probl\u00e8mes comme s&rsquo;ils n&rsquo;avaient ni jeunesse, ni vieillesse.\u00bb Jacques Delors Propos tenu lors de l&rsquo;\u00e9mission de France Inter \u00e0 Bruxelles le 11\/10\/2013 Et il a ajout\u00e9<\/p>\n","protected":false},"author":1,"featured_media":0,"comment_status":"closed","ping_status":"closed","sticky":false,"template":"","format":"standard","meta":{"footnotes":""},"categories":[1],"tags":[],"class_list":["post-2265","post","type-post","status-publish","format-standard","hentry","category-motdujour"],"_links":{"self":[{"href":"https:\/\/lemotdujour.fr\/index.php?rest_route=\/wp\/v2\/posts\/2265","targetHints":{"allow":["GET"]}}],"collection":[{"href":"https:\/\/lemotdujour.fr\/index.php?rest_route=\/wp\/v2\/posts"}],"about":[{"href":"https:\/\/lemotdujour.fr\/index.php?rest_route=\/wp\/v2\/types\/post"}],"author":[{"embeddable":true,"href":"https:\/\/lemotdujour.fr\/index.php?rest_route=\/wp\/v2\/users\/1"}],"replies":[{"embeddable":true,"href":"https:\/\/lemotdujour.fr\/index.php?rest_route=%2Fwp%2Fv2%2Fcomments&post=2265"}],"version-history":[{"count":1,"href":"https:\/\/lemotdujour.fr\/index.php?rest_route=\/wp\/v2\/posts\/2265\/revisions"}],"predecessor-version":[{"id":2266,"href":"https:\/\/lemotdujour.fr\/index.php?rest_route=\/wp\/v2\/posts\/2265\/revisions\/2266"}],"wp:attachment":[{"href":"https:\/\/lemotdujour.fr\/index.php?rest_route=%2Fwp%2Fv2%2Fmedia&parent=2265"}],"wp:term":[{"taxonomy":"category","embeddable":true,"href":"https:\/\/lemotdujour.fr\/index.php?rest_route=%2Fwp%2Fv2%2Fcategories&post=2265"},{"taxonomy":"post_tag","embeddable":true,"href":"https:\/\/lemotdujour.fr\/index.php?rest_route=%2Fwp%2Fv2%2Ftags&post=2265"}],"curies":[{"name":"wp","href":"https:\/\/api.w.org\/{rel}","templated":true}]}}