{"id":2263,"date":"2013-11-12T01:00:00","date_gmt":"2013-11-11T22:00:00","guid":{"rendered":"http:\/\/lemotdujour.fr\/?p=2263"},"modified":"2017-05-20T16:02:23","modified_gmt":"2017-05-20T14:02:23","slug":"mardi-12-novembre-2013","status":"publish","type":"post","link":"https:\/\/lemotdujour.fr\/?p=2263","title":{"rendered":"Mardi 12 novembre 2013"},"content":{"rendered":"<div class=\"mdjDate\">Mardi 12 novembre 2013<\/div>\n<div class=\"mdjTexte\">\u00ab\u00a0Si l&rsquo;aventure vous fait peur, <br \/>essayer la routine, <br \/>c&rsquo;est mortelle.\u00a0\u00bb<\/div>\n<div class=\"mdjAuteur\">Paulo Coelho<\/div>\n<div class=\"mdjComplements\">Samedi, un soleil d&rsquo;automne bas et chaleureux illuminait les rues de Lyon. Apr\u00e8s \u00eatre all\u00e9 dans la sympathique librairie \u00ab\u00a0La voie aux chapitres\u00a0\u00bb, rue saint J\u00e9r\u00f4me dans le septi\u00e8me, Annie et moi \u00e9tions \u00e0 la recherche d&rsquo;un caf\u00e9 accueillant pour nous asseoir.<\/div>\n<div class=\"mdjComplements\">Nous l&rsquo;avons trouv\u00e9 rue d&rsquo;Anvers. Sur le trottoir, une ardoise sur laquelle nous pensions trouver le menu propos\u00e9. De menu, il n&rsquo;y en avait pas, mais la pr\u00e9sence d&rsquo;une citation m&rsquo;a donn\u00e9 le mot du jour d&rsquo;aujourd&rsquo;hui. Sur internet, cette citation est attribu\u00e9e \u00e0 Paulo Coelho (Rio de Janeiro, 24 ao\u00fbt 1947) qui est un romancier br\u00e9silien.<\/div>\n<div class=\"mdjComplements\">En prenant notre caf\u00e9, nous avons pu voir le verso de l&rsquo;ardoise. Toujours pas de menu mais une suggestion de mise \u00e0 jour de la c\u00e9r\u00e9monie du mariage en mairie\u00a0: \u00ab\u00a0Vous \u00eates d\u00e9sormais mari et femme, vous pouvez mettre \u00e0 jour votre statut Facebook.\u00a0\u00bb<\/div>\n<div class=\"mdjComplements\">Nous vivons une \u00e9poque moderne&#8230;<\/div>\n","protected":false},"excerpt":{"rendered":"<p>Mardi 12 novembre 2013 \u00ab\u00a0Si l&rsquo;aventure vous fait peur, essayer la routine, c&rsquo;est mortelle.\u00a0\u00bb Paulo Coelho Samedi, un soleil d&rsquo;automne bas et chaleureux illuminait les rues de Lyon. Apr\u00e8s \u00eatre all\u00e9 dans la sympathique librairie \u00ab\u00a0La voie aux chapitres\u00a0\u00bb, rue<\/p>\n","protected":false},"author":1,"featured_media":0,"comment_status":"closed","ping_status":"closed","sticky":false,"template":"","format":"standard","meta":{"footnotes":""},"categories":[1],"tags":[],"class_list":["post-2263","post","type-post","status-publish","format-standard","hentry","category-motdujour"],"_links":{"self":[{"href":"https:\/\/lemotdujour.fr\/index.php?rest_route=\/wp\/v2\/posts\/2263","targetHints":{"allow":["GET"]}}],"collection":[{"href":"https:\/\/lemotdujour.fr\/index.php?rest_route=\/wp\/v2\/posts"}],"about":[{"href":"https:\/\/lemotdujour.fr\/index.php?rest_route=\/wp\/v2\/types\/post"}],"author":[{"embeddable":true,"href":"https:\/\/lemotdujour.fr\/index.php?rest_route=\/wp\/v2\/users\/1"}],"replies":[{"embeddable":true,"href":"https:\/\/lemotdujour.fr\/index.php?rest_route=%2Fwp%2Fv2%2Fcomments&post=2263"}],"version-history":[{"count":1,"href":"https:\/\/lemotdujour.fr\/index.php?rest_route=\/wp\/v2\/posts\/2263\/revisions"}],"predecessor-version":[{"id":2264,"href":"https:\/\/lemotdujour.fr\/index.php?rest_route=\/wp\/v2\/posts\/2263\/revisions\/2264"}],"wp:attachment":[{"href":"https:\/\/lemotdujour.fr\/index.php?rest_route=%2Fwp%2Fv2%2Fmedia&parent=2263"}],"wp:term":[{"taxonomy":"category","embeddable":true,"href":"https:\/\/lemotdujour.fr\/index.php?rest_route=%2Fwp%2Fv2%2Fcategories&post=2263"},{"taxonomy":"post_tag","embeddable":true,"href":"https:\/\/lemotdujour.fr\/index.php?rest_route=%2Fwp%2Fv2%2Ftags&post=2263"}],"curies":[{"name":"wp","href":"https:\/\/api.w.org\/{rel}","templated":true}]}}