{"id":2261,"date":"2013-11-07T01:00:00","date_gmt":"2013-11-06T22:00:00","guid":{"rendered":"http:\/\/lemotdujour.fr\/?p=2261"},"modified":"2017-05-20T16:02:22","modified_gmt":"2017-05-20T14:02:22","slug":"jeudi-07-novembre-2013","status":"publish","type":"post","link":"https:\/\/lemotdujour.fr\/?p=2261","title":{"rendered":"Jeudi 07 novembre 2013"},"content":{"rendered":"<div class=\"mdjDate\">Jeudi 07 novembre 2013<\/div>\n<div class=\"mdjTexte\">&lt;Le d\u00e9fi de l\u2019\u00e9galit\u00e9, c\u2019est l\u2019alt\u00e9rit\u00e9 qui conduit \u00e0 accepter l\u2019autre diff\u00e9rent comme \u00e9tant \u00e0 la fois soi et un autre.\u00bb<\/div>\n<div class=\"mdjAuteur\">Christiane Taubira<\/div>\n<div class=\"mdjComplements\">Christiane Taubira cristallise les haines comme l&rsquo;\u00e9crit \u00ab\u00a0Le Monde\u00a0\u00bb.<\/div>\n<div class=\"mdjComplements\">C&rsquo;est une femme politique, on peut \u00eatre en d\u00e9saccord avec elle, trouver que ses id\u00e9es ne sont pas pertinentes les critiquer, les r\u00e9futer.<\/div>\n<div class=\"mdjComplements\">Cela ne doit bien s\u00fbr jamais se traduire par des insultes et encore moins des insultes racistes, totalement indigne.<\/div>\n<div class=\"mdjComplements\">Et cela ne doit pas non plus cacher que cette femme est une femme d&rsquo;une grande culture, dont les discours bien \u00e9loign\u00e9s des technocrates sont empreints d&rsquo;humanisme et de hauteur de vue.<\/div>\n<div class=\"mdjComplements\">Elle cite d&rsquo;ailleurs fr\u00e9quemment les grands auteurs.<\/div>\n<div class=\"mdjComplements\">Le discours qu&rsquo;elle a tenu le 28 janvier \u00e0 l&rsquo;assembl\u00e9e nationale pour ouvrir le d\u00e9bat du mariage pour tous, sans note, est simplement remarquable.<\/div>\n<div class=\"mdjComplements\">M\u00eame si on n&rsquo;est pas d&rsquo;accord avec le fond, il est possible de le reconna\u00eetre.<\/div>\n<div class=\"mdjComplements\">Christiane Taubira \u00e9crit aussi un blog dont j&rsquo;ai extrait le mot du jour qui me parait \u00e0 la fois beau et profond.<\/div>\n<div class=\"mdjComplements\">Voici ce mot remis dans un contexte plus large :<\/div>\n<div class=\"mdjCiter\">\u00ab\u00a0La question de l\u2019\u00e9galit\u00e9 est majeure. La parit\u00e9 est plus facile \u00e0 atteindre, <br \/>elle se traduit par un plus une.<\/div>\n<div class=\"mdjCiter\">L\u2019\u00e9galit\u00e9, c\u2019est une \u00e9gale un. <br \/>Elle ram\u00e8ne chacun d\u2019entre nous \u00e0 la fois \u00e0 sa singularit\u00e9 et \u00e0 son int\u00e9grit\u00e9.<\/div>\n<div class=\"mdjCiter\">Le d\u00e9fi de l\u2019\u00e9galit\u00e9 c\u2019est l\u2019alt\u00e9rit\u00e9, qui conduit \u00e0 accepter l\u2019autre diff\u00e9rent comme \u00e9tant \u00e0 la fois soi et un autre.\u00a0\u00bb<\/div>\n<div class=\"mdjComplements\">Le blog de Christiane Taubira : <a href=\"http:\/\/chtaubira.tumblr.com\/page\/7\">http:\/\/chtaubira.tumblr.com\/page\/7<\/a><\/div>\n","protected":false},"excerpt":{"rendered":"<p>Jeudi 07 novembre 2013 &lt;Le d\u00e9fi de l\u2019\u00e9galit\u00e9, c\u2019est l\u2019alt\u00e9rit\u00e9 qui conduit \u00e0 accepter l\u2019autre diff\u00e9rent comme \u00e9tant \u00e0 la fois soi et un autre.\u00bb Christiane Taubira Christiane Taubira cristallise les haines comme l&rsquo;\u00e9crit \u00ab\u00a0Le Monde\u00a0\u00bb. C&rsquo;est une femme politique,<\/p>\n","protected":false},"author":1,"featured_media":0,"comment_status":"closed","ping_status":"closed","sticky":false,"template":"","format":"standard","meta":{"footnotes":""},"categories":[1],"tags":[],"class_list":["post-2261","post","type-post","status-publish","format-standard","hentry","category-motdujour"],"_links":{"self":[{"href":"https:\/\/lemotdujour.fr\/index.php?rest_route=\/wp\/v2\/posts\/2261","targetHints":{"allow":["GET"]}}],"collection":[{"href":"https:\/\/lemotdujour.fr\/index.php?rest_route=\/wp\/v2\/posts"}],"about":[{"href":"https:\/\/lemotdujour.fr\/index.php?rest_route=\/wp\/v2\/types\/post"}],"author":[{"embeddable":true,"href":"https:\/\/lemotdujour.fr\/index.php?rest_route=\/wp\/v2\/users\/1"}],"replies":[{"embeddable":true,"href":"https:\/\/lemotdujour.fr\/index.php?rest_route=%2Fwp%2Fv2%2Fcomments&post=2261"}],"version-history":[{"count":1,"href":"https:\/\/lemotdujour.fr\/index.php?rest_route=\/wp\/v2\/posts\/2261\/revisions"}],"predecessor-version":[{"id":2262,"href":"https:\/\/lemotdujour.fr\/index.php?rest_route=\/wp\/v2\/posts\/2261\/revisions\/2262"}],"wp:attachment":[{"href":"https:\/\/lemotdujour.fr\/index.php?rest_route=%2Fwp%2Fv2%2Fmedia&parent=2261"}],"wp:term":[{"taxonomy":"category","embeddable":true,"href":"https:\/\/lemotdujour.fr\/index.php?rest_route=%2Fwp%2Fv2%2Fcategories&post=2261"},{"taxonomy":"post_tag","embeddable":true,"href":"https:\/\/lemotdujour.fr\/index.php?rest_route=%2Fwp%2Fv2%2Ftags&post=2261"}],"curies":[{"name":"wp","href":"https:\/\/api.w.org\/{rel}","templated":true}]}}