{"id":2257,"date":"2013-11-05T01:00:00","date_gmt":"2013-11-04T22:00:00","guid":{"rendered":"http:\/\/lemotdujour.fr\/?p=2257"},"modified":"2020-07-01T23:06:32","modified_gmt":"2020-07-01T21:06:32","slug":"mardi-05-novembre-2013","status":"publish","type":"post","link":"https:\/\/lemotdujour.fr\/?p=2257","title":{"rendered":"Mardi 05 novembre 2013"},"content":{"rendered":"<div class=\"mdjTexte\">\u00abLe pr\u00e9sident \u00ab\u00a0normal\u00a0\u00bb est uruguayen.\u00bb<\/div>\n<div class=\"mdjAuteur\">Daniel Cohn Bendit<\/div>\n<p><span style=\"color: #777777; font-family: Arial;\">Ce propos a \u00e9t\u00e9 tenu par Daniel Cohn Bendit lors de son \u00e9mission sur Europe 1 du 04\/11\/2013.<br \/>\n<\/span><\/p>\n<p><span style=\"color: #777777; font-family: Arial;\">Il parle de <strong>Jos\u00e9 Mujica Cordano<\/strong>, surnomm\u00e9 \u00ab <strong>Pepe Mujica<\/strong> \u00bb qui est n\u00e9 \u00e0 Montevideo le 20 mai 1935 et a \u00e9t\u00e9 \u00e9lu pr\u00e9sident le 29 novembre 2009.<br \/>\n<\/span><\/p>\n<p><span style=\"color: #777777; font-family: Arial;\">Ex-gu\u00e9rillero des Tupamaros dans les ann\u00e9es 1960-1970, il a \u00e9t\u00e9 d\u00e9tenu en tant qu&rsquo;otage par la dictature (1973-1985).<br \/>\n<\/span><\/p>\n<p><span style=\"color: #777777; font-family: Arial;\">D\u00e8s son arriv\u00e9e au pouvoir il a d\u00e9cid\u00e9 de reverser 87 % des 250 000 pesos mensuels (9 400 euros) de son salaire de chef d&rsquo;\u00c9tat \u00e0 des organismes d&rsquo;aide au logement social.<br \/>\n<\/span><\/p>\n<p><span style=\"color: #777777; font-family: Arial;\">Son secr\u00e9taire, Julio Martinez, affirme\u00a0:<br \/>\n<\/span><\/p>\n<p style=\"margin-left: 28pt;\"><span style=\"color: #c00000; font-family: Arial;\">\u00abPour Mujica, la carri\u00e8re politique ne doit pas \u00eatre un moyen de se servir des ressources de l&rsquo;\u00c9tat, mais de rendre service au citoyen\u00bb,<br \/>\n<\/span><\/p>\n<p><span style=\"color: #777777; font-family: Arial;\">Depuis qu&rsquo;il est pr\u00e9sident, il a d\u00e9p\u00e9nalis\u00e9 l&rsquo;avortement, l\u00e9galiser la vente de cannabis, autoriser le mariage homo sexuel.<br \/>\n<\/span><\/p>\n<p><img decoding=\"async\" class=\"alignleft\" src=\"https:\/\/lemotdujour.fr\/wp-content\/uploads\/2020\/07\/070120_2059_LundiXXmai21.jpg\" alt=\"\" align=\"left\" \/><span style=\"color: #777777; font-family: Arial;\"><br \/>\n<\/span><\/p>\n<p><span style=\"color: #777777; font-family: Arial;\">Dans Courrier international : la presse d&rsquo;Am\u00e9rique du sud reste \u00e9bahie par le style de Pepe Mujica. Le pr\u00e9sident refuse d&rsquo;habiter le palais pr\u00e9sidentiel. Il pr\u00e9f\u00e8re vivre dans une ferme, avec son \u00e9pouse qui est s\u00e9natrice.<br \/>\n<\/span><\/p>\n<p><span style=\"color: #777777; font-family: Arial;\">La maison est sommaire : une seule chambre et un toit en zinc.<br \/>\n<\/span><\/p>\n<p><span style=\"color: #777777; font-family: Arial;\">Est-ce de la d\u00e9magogie ? Apparemment non. Le seul \u00ab\u00a0luxe\u00a0\u00bb du pr\u00e9sident est une Coccinelle bleue, achet\u00e9e en 1987. Pepe Mujica refuse la soci\u00e9t\u00e9 de consommation. Il cite les philosophes de l&rsquo;antiquit\u00e9 : \u00ab\u00a0le pauvre, c&rsquo;est celui qui a besoin de beaucoup\u00a0\u00bb.<br \/>\n<\/span><\/p>\n<p><span style=\"color: #777777; font-family: Arial;\">Le cin\u00e9aste et musicien d&rsquo;origine serbe, d\u00e9tenteur de deux palmes d&rsquo;or cannoises Emir Kusturica a d\u00e9cid\u00e9 de consacrer un documentaire \u00e0 cet homme \u00e9tonnant.<br \/>\n<\/span><\/p>\n<p><span style=\"color: #777777; font-family: Arial;\">Courrier international lui a consacr\u00e9 un num\u00e9ro en ao\u00fbt qu&rsquo;il a intitul\u00e9 d\u00e9j\u00e0 : \u00ab\u00a0<strong>Le vrai pr\u00e9sident normal<\/strong>\u00a0\u00bb<br \/>\n<\/span><\/p>\n<p><span style=\"color: #777777; font-family: Arial;\">Il a tenu un discours tr\u00e8s remarqu\u00e9 \u00e0 la tribune de l&rsquo;Assembl\u00e9e g\u00e9n\u00e9rale de l&rsquo;ONU, le 24 septembre 2013, en disant notamment :<br \/>\n<\/span><\/p>\n<p style=\"margin-left: 28pt;\"><span style=\"color: #c00000; font-family: Arial;\">\u00ab\u00a0Je suis du Sud, je viens du Sud\u00a0\u00bb [&#8230;] \u00ab\u00a0Si l&rsquo;humanit\u00e9 enti\u00e8re aspirait \u00e0 vivre comme un Am\u00e9ricain moyen, nous aurions besoin de trois plan\u00e8tes\u00a0\u00bb [c&rsquo;est ] \u00ab\u00a0une civilisation contre la simplicit\u00e9, contre la sobri\u00e9t\u00e9, contre tous les cycles naturels, et, ce qui est pire, une civilisation contre la libert\u00e9 de disposer du temps de vivre les relations humaines, l&rsquo;amour, l&rsquo;amiti\u00e9, l&rsquo;aventure, la solidarit\u00e9, la famille.\u00a0\u00bb<br \/>\n<\/span><\/p>\n<p><span style=\"color: #777777; font-family: Arial;\">Lien vers l&rsquo;\u00e9mission de Cohn Bendit : &lt;<span style=\"color: #0000ff;\"><a style=\"color: #0000ff;\" href=\"http:\/\/www.europe1.fr\/MediaCenter\/Emissions\/Daniel-Cohn-Bendit\/Sons\/Le-president-normal-est-uruguayen-1696411\/\">Le pr\u00e9sident normal est uruguayen<\/a><\/span>&gt; <\/span><\/p>\n<p><span style=\"color: #777777; font-family: Arial;\"><span style=\"color: #800000;\">&lt;188&gt;<\/span><\/span><\/p>\n","protected":false},"excerpt":{"rendered":"<p>\u00abLe pr\u00e9sident \u00ab\u00a0normal\u00a0\u00bb est uruguayen.\u00bb Daniel Cohn Bendit Ce propos a \u00e9t\u00e9 tenu par Daniel Cohn Bendit lors de son \u00e9mission sur Europe 1 du 04\/11\/2013. Il parle de Jos\u00e9 Mujica Cordano, surnomm\u00e9 \u00ab Pepe Mujica \u00bb qui est n\u00e9<\/p>\n","protected":false},"author":1,"featured_media":0,"comment_status":"closed","ping_status":"closed","sticky":false,"template":"","format":"standard","meta":{"footnotes":""},"categories":[1],"tags":[116,3,112],"class_list":["post-2257","post","type-post","status-publish","format-standard","hentry","category-motdujour","tag-amerique-du-sud","tag-politique","tag-socialisme"],"_links":{"self":[{"href":"https:\/\/lemotdujour.fr\/index.php?rest_route=\/wp\/v2\/posts\/2257","targetHints":{"allow":["GET"]}}],"collection":[{"href":"https:\/\/lemotdujour.fr\/index.php?rest_route=\/wp\/v2\/posts"}],"about":[{"href":"https:\/\/lemotdujour.fr\/index.php?rest_route=\/wp\/v2\/types\/post"}],"author":[{"embeddable":true,"href":"https:\/\/lemotdujour.fr\/index.php?rest_route=\/wp\/v2\/users\/1"}],"replies":[{"embeddable":true,"href":"https:\/\/lemotdujour.fr\/index.php?rest_route=%2Fwp%2Fv2%2Fcomments&post=2257"}],"version-history":[{"count":3,"href":"https:\/\/lemotdujour.fr\/index.php?rest_route=\/wp\/v2\/posts\/2257\/revisions"}],"predecessor-version":[{"id":9431,"href":"https:\/\/lemotdujour.fr\/index.php?rest_route=\/wp\/v2\/posts\/2257\/revisions\/9431"}],"wp:attachment":[{"href":"https:\/\/lemotdujour.fr\/index.php?rest_route=%2Fwp%2Fv2%2Fmedia&parent=2257"}],"wp:term":[{"taxonomy":"category","embeddable":true,"href":"https:\/\/lemotdujour.fr\/index.php?rest_route=%2Fwp%2Fv2%2Fcategories&post=2257"},{"taxonomy":"post_tag","embeddable":true,"href":"https:\/\/lemotdujour.fr\/index.php?rest_route=%2Fwp%2Fv2%2Ftags&post=2257"}],"curies":[{"name":"wp","href":"https:\/\/api.w.org\/{rel}","templated":true}]}}