{"id":2253,"date":"2013-10-30T01:00:00","date_gmt":"2013-10-29T22:00:00","guid":{"rendered":"http:\/\/lemotdujour.fr\/?p=2253"},"modified":"2020-10-10T21:29:14","modified_gmt":"2020-10-10T19:29:14","slug":"mercredi-30-octobre-2013","status":"publish","type":"post","link":"https:\/\/lemotdujour.fr\/?p=2253","title":{"rendered":"Mercredi 30 octobre 2013"},"content":{"rendered":"<div class=\"mdjDate\">Mercredi 30 octobre 2013<\/div>\n<div class=\"mdjTexte\">\u00abLa libert\u00e9 du consommateur et de l&rsquo;individu moderne,<br \/>\nc&rsquo;est la libert\u00e9 du cochon devant son auge. \u00bb<\/div>\n<div class=\"mdjAuteur\">Peter Sloterdijke<\/div>\n<p><span style=\"color: #777777; font-family: Arial;\">Peter Sloterdijke est un philosophe allemand n\u00e9 en 1947.<br \/>\n<\/span><\/p>\n<p><span style=\"color: #777777; font-family: Arial;\">Je ne le connaissais pas, mais il a \u00e9t\u00e9 cit\u00e9 par Herv\u00e9 Juvin pendant les matins de France Culture du 16\/10\/2013.<br \/>\n<\/span><\/p>\n<p><img decoding=\"async\" class=\"alignleft\" src=\"https:\/\/lemotdujour.fr\/wp-content\/uploads\/2020\/10\/101020_1925_LundiXXmai21.jpg\" alt=\"\" align=\"left\" \/><span style=\"color: #777777; font-family: Arial;\">Herv\u00e9 Juvin avait \u00e9t\u00e9 invit\u00e9 pour la sortie de son livre : \u00ab <strong>La grande s\u00e9paration. Pour une \u00e9cologie des civilisations<\/strong> \u00bb<br \/>\n<\/span><\/p>\n<p><span style=\"color: #777777; font-family: Arial;\">Intellectuellement tr\u00e8s fin, difficile \u00e0 classer sur l&rsquo;\u00e9chiquier politique, Herv\u00e9 Juvin a une hantise : l&rsquo;av\u00e8nement d&rsquo;un \u00ab\u00a0homme nouveau\u00a0\u00bb partout sur la plan\u00e8te, l&rsquo;homo economicus, r\u00e9duit \u00e0 son seul pouvoir \u00e9conomique.<br \/>\n<\/span><\/p>\n<p><span style=\"color: #777777; font-family: Arial;\">Il explique tr\u00e8s simplement que nul n&rsquo;a plus le droit de discriminer selon l&rsquo;origine, la religion, l&rsquo;orientation sexuelle, mais il reste un crit\u00e8re de discrimination unique et massif : la richesse.<br \/>\n<\/span><\/p>\n<p><span style=\"color: #777777; font-family: Arial;\">Cette discrimination est r\u00e9elle, elle s\u00e9pare, elle fait vivre les individus dans des mondes diff\u00e9rents, elle justifie des comportements et des traitements diff\u00e9rents.<br \/>\n<\/span><\/p>\n<p><span style=\"color: #777777; font-family: Arial;\">Et c&rsquo;est alors qu&rsquo;il d\u00e9nonce l&rsquo;illusion de la libert\u00e9 individuelle pouss\u00e9e \u00e0 son paroxysme qui n&rsquo;est devenu rien d&rsquo;autre qu&rsquo;une libert\u00e9 \u00e0 consommer. Consommer des biens, des id\u00e9es, des loisirs, des services, des droits (du type droit \u00e0 l&rsquo;enfant).<br \/>\n<\/span><\/p>\n<p><span style=\"color: #777777; font-family: Arial;\">Toutes choses dont on tient \u00e0 nous convaincre que sans ces biens de consommation nous ne sommes rien.<br \/>\n<\/span><\/p>\n<p><span style=\"color: #777777; font-family: Arial;\">Pour illustrer cette libert\u00e9 de consommer il cite Peter Sloterdijke<br \/>\n<\/span><\/p>\n<p><span style=\"color: #777777; font-family: Arial;\">A cela il oppose la libert\u00e9 collective, la libert\u00e9 de la nation et tout ce qui nous r\u00e9unit et nous d\u00e9passe et nous permet de conna\u00eetre nos racines et de sentir la solidarit\u00e9 de ceux qui partagent la m\u00eame culture.<br \/>\n<\/span><\/p>\n<p><span style=\"color: #777777; font-family: Arial;\">&lt;<a href=\"http:\/\/www.franceculture.fr\/emission-les-matins-faut-%E2%80%93-il-redecouvrir-le-vrai-sens-de-la-politique-afin-de-preserver-nos-diversi\"><span style=\"color: #0000ff;\">Faut\u2013il red\u00e9couvrir le vrai sens de la politique afin de pr\u00e9server nos diversit\u00e9s ?<\/span><\/a>&gt;<br \/>\n<\/span><\/p>\n<p><span style=\"color: #777777; font-family: Arial;\">Herv\u00e9 Juvin est tr\u00e8s clivant. Les r\u00e9actions des auditeurs de France Culture sur la page, dont je vous envoie le lien, sont aux deux extr\u00eames, les uns crient au g\u00e9nie les autres disent que France Culture se diabolise \u00e0 inviter cet intellectuel proche de Raymond Barre et de Marcel Gauchet.<\/span><\/p>\n<div><span style=\"color: #800000;\">&lt;186&gt;<\/span><\/div>\n","protected":false},"excerpt":{"rendered":"<p>Mercredi 30 octobre 2013 \u00abLa libert\u00e9 du consommateur et de l&rsquo;individu moderne, c&rsquo;est la libert\u00e9 du cochon devant son auge. \u00bb Peter Sloterdijke Peter Sloterdijke est un philosophe allemand n\u00e9 en 1947. Je ne le connaissais pas, mais il a<\/p>\n","protected":false},"author":1,"featured_media":0,"comment_status":"closed","ping_status":"closed","sticky":false,"template":"","format":"standard","meta":{"footnotes":""},"categories":[1],"tags":[74,10,7],"class_list":["post-2253","post","type-post","status-publish","format-standard","hentry","category-motdujour","tag-consumerisme","tag-economie","tag-societe"],"_links":{"self":[{"href":"https:\/\/lemotdujour.fr\/index.php?rest_route=\/wp\/v2\/posts\/2253","targetHints":{"allow":["GET"]}}],"collection":[{"href":"https:\/\/lemotdujour.fr\/index.php?rest_route=\/wp\/v2\/posts"}],"about":[{"href":"https:\/\/lemotdujour.fr\/index.php?rest_route=\/wp\/v2\/types\/post"}],"author":[{"embeddable":true,"href":"https:\/\/lemotdujour.fr\/index.php?rest_route=\/wp\/v2\/users\/1"}],"replies":[{"embeddable":true,"href":"https:\/\/lemotdujour.fr\/index.php?rest_route=%2Fwp%2Fv2%2Fcomments&post=2253"}],"version-history":[{"count":4,"href":"https:\/\/lemotdujour.fr\/index.php?rest_route=\/wp\/v2\/posts\/2253\/revisions"}],"predecessor-version":[{"id":9794,"href":"https:\/\/lemotdujour.fr\/index.php?rest_route=\/wp\/v2\/posts\/2253\/revisions\/9794"}],"wp:attachment":[{"href":"https:\/\/lemotdujour.fr\/index.php?rest_route=%2Fwp%2Fv2%2Fmedia&parent=2253"}],"wp:term":[{"taxonomy":"category","embeddable":true,"href":"https:\/\/lemotdujour.fr\/index.php?rest_route=%2Fwp%2Fv2%2Fcategories&post=2253"},{"taxonomy":"post_tag","embeddable":true,"href":"https:\/\/lemotdujour.fr\/index.php?rest_route=%2Fwp%2Fv2%2Ftags&post=2253"}],"curies":[{"name":"wp","href":"https:\/\/api.w.org\/{rel}","templated":true}]}}