{"id":2251,"date":"2013-10-29T01:00:00","date_gmt":"2013-10-28T22:00:00","guid":{"rendered":"http:\/\/lemotdujour.fr\/?p=2251"},"modified":"2017-05-20T16:02:18","modified_gmt":"2017-05-20T14:02:18","slug":"mardi-29-octobre-2013","status":"publish","type":"post","link":"https:\/\/lemotdujour.fr\/?p=2251","title":{"rendered":"Mardi 29 octobre 2013"},"content":{"rendered":"<div class=\"mdjDate\">Mardi 29 octobre 2013<\/div>\n<div class=\"mdjTexte\">Cela devient cher d&rsquo;\u00eatre pauvre<\/div>\n<div class=\"mdjAuteur\">Martin Hirsch<\/div>\n<div class=\"mdjComplements\">Titre du livre que Martin Hirsch vient de faire para\u00eetre. <\/div>\n<div class=\"mdjComplements\">Martin Hirsch tend \u00e0 d\u00e9montrer que les plus pr\u00e9caires payent, en proportion, plus cher que le reste de la population pour les m\u00eames produits et services.<\/div>\n<div class=\"mdjComplements\">Il multiplie les exemples en commen\u00e7ant par le logement o\u00f9 plus les surfaces sont petites, plus le prix au m\u00e8tre carr\u00e9 est on\u00e9reux : \u00ab\u00a0Quand le co\u00fbt de l\u2019abonnement pour l\u2019\u00e9lectricit\u00e9 et le gaz est un prix uniforme, sa r\u00e9percussion sur chaque kilowatt sera plus \u00e9lev\u00e9e pour ceux qui, parce qu\u2019ils ont un appartement plus petit ou moins d\u2019\u00e9quipement, consomment moins.\u00a0\u00bb<\/div>\n<div class=\"mdjComplements\">De la m\u00eame mani\u00e8re ils n&rsquo;ont pas acc\u00e8s aux forfaits t\u00e9l\u00e9phones, ils doivent acheter des cartes et dans ce cas le prix de la minute de conversation est plus cher. <\/div>\n<div class=\"mdjComplements\">L&rsquo;article du Nouvel Obs. qui est consacr\u00e9 \u00e0 ce livre rappelle Coluche : \u00ab\u00a0Chez nous, les fins de mois \u00e9taient difficiles, surtout les trente derniers jours.\u00a0\u00bb<\/div>\n<div class=\"mdjComplements\"><a href=\"http:\/\/tempsreel.nouvelobs.com\/economie\/20110510.OBS2812\/pourquoi-la-vie-est-plus-chere-pour-les-pauvres.html\">http:\/\/tempsreel.nouvelobs.com\/economie\/20110510.OBS2812\/pourquoi-la-vie-est-plus-chere-pour-les-pauvres.html<\/a><\/div>\n","protected":false},"excerpt":{"rendered":"<p>Mardi 29 octobre 2013 Cela devient cher d&rsquo;\u00eatre pauvre Martin Hirsch Titre du livre que Martin Hirsch vient de faire para\u00eetre. Martin Hirsch tend \u00e0 d\u00e9montrer que les plus pr\u00e9caires payent, en proportion, plus cher que le reste de la<\/p>\n","protected":false},"author":1,"featured_media":0,"comment_status":"closed","ping_status":"closed","sticky":false,"template":"","format":"standard","meta":{"footnotes":""},"categories":[1],"tags":[],"class_list":["post-2251","post","type-post","status-publish","format-standard","hentry","category-motdujour"],"_links":{"self":[{"href":"https:\/\/lemotdujour.fr\/index.php?rest_route=\/wp\/v2\/posts\/2251","targetHints":{"allow":["GET"]}}],"collection":[{"href":"https:\/\/lemotdujour.fr\/index.php?rest_route=\/wp\/v2\/posts"}],"about":[{"href":"https:\/\/lemotdujour.fr\/index.php?rest_route=\/wp\/v2\/types\/post"}],"author":[{"embeddable":true,"href":"https:\/\/lemotdujour.fr\/index.php?rest_route=\/wp\/v2\/users\/1"}],"replies":[{"embeddable":true,"href":"https:\/\/lemotdujour.fr\/index.php?rest_route=%2Fwp%2Fv2%2Fcomments&post=2251"}],"version-history":[{"count":1,"href":"https:\/\/lemotdujour.fr\/index.php?rest_route=\/wp\/v2\/posts\/2251\/revisions"}],"predecessor-version":[{"id":2252,"href":"https:\/\/lemotdujour.fr\/index.php?rest_route=\/wp\/v2\/posts\/2251\/revisions\/2252"}],"wp:attachment":[{"href":"https:\/\/lemotdujour.fr\/index.php?rest_route=%2Fwp%2Fv2%2Fmedia&parent=2251"}],"wp:term":[{"taxonomy":"category","embeddable":true,"href":"https:\/\/lemotdujour.fr\/index.php?rest_route=%2Fwp%2Fv2%2Fcategories&post=2251"},{"taxonomy":"post_tag","embeddable":true,"href":"https:\/\/lemotdujour.fr\/index.php?rest_route=%2Fwp%2Fv2%2Ftags&post=2251"}],"curies":[{"name":"wp","href":"https:\/\/api.w.org\/{rel}","templated":true}]}}