{"id":2249,"date":"2013-10-28T01:00:00","date_gmt":"2013-10-27T22:00:00","guid":{"rendered":"http:\/\/lemotdujour.fr\/?p=2249"},"modified":"2017-05-20T16:02:18","modified_gmt":"2017-05-20T14:02:18","slug":"lundi-28-octobre-2013","status":"publish","type":"post","link":"https:\/\/lemotdujour.fr\/?p=2249","title":{"rendered":"Lundi 28 octobre 2013"},"content":{"rendered":"<div class=\"mdjDate\">Lundi 28 octobre 2013<\/div>\n<div class=\"mdjTexte\">\u00abAujourd&rsquo;hui un enfant qui regarde un magazine pense que c&rsquo;est un ipad en panne.\u00bb<\/div>\n<div class=\"mdjAuteur\">Dominique Reyni\u00e9, pr\u00e9sident de la Fondapol<\/div>\n<div class=\"mdjComplements\">Intervention lors de l&rsquo;\u00e9mission questions critiques de Jean-Marie Colombani, lors de l&rsquo;\u00e9mission du Vendredi 18 octobre 2013 consacr\u00e9 \u00ab\u00a0au discours dominant sur l&rsquo;identit\u00e9 fran\u00e7aise \u00ab\u00a0<\/div>\n<div class=\"mdjComplements\">Cette intervention \u00e9tait cens\u00e9e donner une image \u00ab\u00a0choc\u00a0\u00bb montrant la r\u00e9volution dans le monde de la culture et de l&rsquo;acc\u00e8s \u00e0 l&rsquo;information<\/div>\n","protected":false},"excerpt":{"rendered":"<p>Lundi 28 octobre 2013 \u00abAujourd&rsquo;hui un enfant qui regarde un magazine pense que c&rsquo;est un ipad en panne.\u00bb Dominique Reyni\u00e9, pr\u00e9sident de la Fondapol Intervention lors de l&rsquo;\u00e9mission questions critiques de Jean-Marie Colombani, lors de l&rsquo;\u00e9mission du Vendredi 18 octobre<\/p>\n","protected":false},"author":1,"featured_media":0,"comment_status":"closed","ping_status":"closed","sticky":false,"template":"","format":"standard","meta":{"footnotes":""},"categories":[1],"tags":[],"class_list":["post-2249","post","type-post","status-publish","format-standard","hentry","category-motdujour"],"_links":{"self":[{"href":"https:\/\/lemotdujour.fr\/index.php?rest_route=\/wp\/v2\/posts\/2249","targetHints":{"allow":["GET"]}}],"collection":[{"href":"https:\/\/lemotdujour.fr\/index.php?rest_route=\/wp\/v2\/posts"}],"about":[{"href":"https:\/\/lemotdujour.fr\/index.php?rest_route=\/wp\/v2\/types\/post"}],"author":[{"embeddable":true,"href":"https:\/\/lemotdujour.fr\/index.php?rest_route=\/wp\/v2\/users\/1"}],"replies":[{"embeddable":true,"href":"https:\/\/lemotdujour.fr\/index.php?rest_route=%2Fwp%2Fv2%2Fcomments&post=2249"}],"version-history":[{"count":1,"href":"https:\/\/lemotdujour.fr\/index.php?rest_route=\/wp\/v2\/posts\/2249\/revisions"}],"predecessor-version":[{"id":2250,"href":"https:\/\/lemotdujour.fr\/index.php?rest_route=\/wp\/v2\/posts\/2249\/revisions\/2250"}],"wp:attachment":[{"href":"https:\/\/lemotdujour.fr\/index.php?rest_route=%2Fwp%2Fv2%2Fmedia&parent=2249"}],"wp:term":[{"taxonomy":"category","embeddable":true,"href":"https:\/\/lemotdujour.fr\/index.php?rest_route=%2Fwp%2Fv2%2Fcategories&post=2249"},{"taxonomy":"post_tag","embeddable":true,"href":"https:\/\/lemotdujour.fr\/index.php?rest_route=%2Fwp%2Fv2%2Ftags&post=2249"}],"curies":[{"name":"wp","href":"https:\/\/api.w.org\/{rel}","templated":true}]}}