{"id":2247,"date":"2013-10-25T02:00:00","date_gmt":"2013-10-24T22:00:00","guid":{"rendered":"http:\/\/lemotdujour.fr\/?p=2247"},"modified":"2017-05-20T16:02:17","modified_gmt":"2017-05-20T14:02:17","slug":"vendredi-25-octobre-2013","status":"publish","type":"post","link":"https:\/\/lemotdujour.fr\/?p=2247","title":{"rendered":"Vendredi 25 octobre 2013"},"content":{"rendered":"<div class=\"mdjDate\">Vendredi 25 octobre 2013<\/div>\n<div class=\"mdjTexte\">\u00ab Tout l\u2019espoir n\u2019est pas de trop pour regarder le si\u00e8cle en face \u00bb<\/div>\n<div class=\"mdjAuteur\">Aim\u00e9 C\u00e9saire Revue Tropiques Nr 1, 1941<\/div>\n<div class=\"mdjComplements\">La Revue Tropiques qu&rsquo;il avait fond\u00e9e avec sa femme Suzanne.<\/div>\n<div class=\"mdjComplements\">Je suis all\u00e9 voir le spectacle historiquement exact et humainement \u00e9mouvant au TNP de Villeurbanne, \u00ab\u00a0Une saison au Congo\u00a0\u00bb d&rsquo;Aim\u00e9 C\u00e9saire qui raconte les quelques mois o\u00f9 Patrice Lumumba a \u00e9t\u00e9 le premier ministre du Congo ind\u00e9pendant jusqu&rsquo;\u00e0 sa mort brutale devant la coalition des int\u00e9r\u00eats et des l\u00e2chet\u00e9s.<\/div>\n<div class=\"mdjComplements\">Ce mot d&rsquo;espoir, mais qui dit aussi les d\u00e9fis qu&rsquo;il nous faut affronter a \u00e9t\u00e9 cit\u00e9 par Christine Taubira mais je l&rsquo;ai trouv\u00e9 aussi dans l&rsquo;hommage que l&rsquo;Assembl\u00e9e Nationale avait rendu \u00e0 Aim\u00e9 C\u00e9saire le Lundi 24 juin 2013<\/div>\n<div class=\"mdjComplements\">M. Thomas Th\u00e9venoud. : [&#8230;] \u00a0\u00bb C\u2019est l\u2019appel de 1941 qui ouvre le premier num\u00e9ro de la revue Tropiques et qui marque l\u2019av\u00e8nement du discours chez le po\u00e8te.<\/div>\n<div class=\"mdjComplements\">Avant m\u00eame d\u2019\u00eatre \u00e9lu pour la premi\u00e8re fois en 1945, C\u00e9saire appelle \u00e0 la mobilisation collective :<\/div>\n<div class=\"mdjCiter\">\u00ab Nous sommes de ceux qui disent non \u00e0 l\u2019ombre. Nous savons que le salut du monde d\u00e9pend de nous aussi.<\/div>\n<div class=\"mdjCiter\">Que la terre a besoin de n\u2019importe lesquels d\u2019entre ses fils. Les plus humbles.<\/div>\n<div class=\"mdjCiter\">L\u2019Ombre gagne.<\/div>\n<div class=\"mdjCiter\">Ah ! tout l\u2019espoir n\u2019est pas de trop pour regarder [le si\u00e8cle] en face !<\/div>\n<div class=\"mdjCiter\">Les hommes de bonne volont\u00e9 feront au monde une nouvelle lumi\u00e8re, mais il n\u2019est plus temps de parasiter le monde, c\u2019est de le sauver plut\u00f4t qu\u2019il s\u2019agit.<\/div>\n<div class=\"mdjCiter\">Il est temps de se ceindre les reins comme un vaillant homme. \u00bb\u00a0\u00bb<\/div>\n<div class=\"mdjComplements\">Voici le lien vers l\u2019hommage de l\u2019Assembl\u00e9e Nationale\u00a0: <a href=\"http:\/\/www.assemblee-nationale.fr\/14\/cri\/2012-2013\/20130281.asp\">http:\/\/www.assemblee-nationale.fr\/14\/cri\/2012-2013\/20130281.asp<\/a><\/div>\n","protected":false},"excerpt":{"rendered":"<p>Vendredi 25 octobre 2013 \u00ab Tout l\u2019espoir n\u2019est pas de trop pour regarder le si\u00e8cle en face \u00bb Aim\u00e9 C\u00e9saire Revue Tropiques Nr 1, 1941 La Revue Tropiques qu&rsquo;il avait fond\u00e9e avec sa femme Suzanne. Je suis all\u00e9 voir le<\/p>\n","protected":false},"author":1,"featured_media":0,"comment_status":"closed","ping_status":"closed","sticky":false,"template":"","format":"standard","meta":{"footnotes":""},"categories":[1],"tags":[],"class_list":["post-2247","post","type-post","status-publish","format-standard","hentry","category-motdujour"],"_links":{"self":[{"href":"https:\/\/lemotdujour.fr\/index.php?rest_route=\/wp\/v2\/posts\/2247","targetHints":{"allow":["GET"]}}],"collection":[{"href":"https:\/\/lemotdujour.fr\/index.php?rest_route=\/wp\/v2\/posts"}],"about":[{"href":"https:\/\/lemotdujour.fr\/index.php?rest_route=\/wp\/v2\/types\/post"}],"author":[{"embeddable":true,"href":"https:\/\/lemotdujour.fr\/index.php?rest_route=\/wp\/v2\/users\/1"}],"replies":[{"embeddable":true,"href":"https:\/\/lemotdujour.fr\/index.php?rest_route=%2Fwp%2Fv2%2Fcomments&post=2247"}],"version-history":[{"count":1,"href":"https:\/\/lemotdujour.fr\/index.php?rest_route=\/wp\/v2\/posts\/2247\/revisions"}],"predecessor-version":[{"id":2248,"href":"https:\/\/lemotdujour.fr\/index.php?rest_route=\/wp\/v2\/posts\/2247\/revisions\/2248"}],"wp:attachment":[{"href":"https:\/\/lemotdujour.fr\/index.php?rest_route=%2Fwp%2Fv2%2Fmedia&parent=2247"}],"wp:term":[{"taxonomy":"category","embeddable":true,"href":"https:\/\/lemotdujour.fr\/index.php?rest_route=%2Fwp%2Fv2%2Fcategories&post=2247"},{"taxonomy":"post_tag","embeddable":true,"href":"https:\/\/lemotdujour.fr\/index.php?rest_route=%2Fwp%2Fv2%2Ftags&post=2247"}],"curies":[{"name":"wp","href":"https:\/\/api.w.org\/{rel}","templated":true}]}}