{"id":2241,"date":"2013-10-21T02:00:00","date_gmt":"2013-10-20T22:00:00","guid":{"rendered":"http:\/\/lemotdujour.fr\/?p=2241"},"modified":"2017-05-20T16:02:16","modified_gmt":"2017-05-20T14:02:16","slug":"lundi-21-octobre-2013","status":"publish","type":"post","link":"https:\/\/lemotdujour.fr\/?p=2241","title":{"rendered":"Lundi 21 octobre 2013"},"content":{"rendered":"<div class=\"mdjDate\">Lundi 21 octobre 2013<\/div>\n<div class=\"mdjTexte\">\u00abLorsque vous nommez une chose, <br \/>le mot vous distrait, vous \u00e9loigne de l&rsquo;observation\u00bb<\/div>\n<div class=\"mdjAuteur\">Krishnamurti Entretiens \u00e0 Morcelo (Porto Rico) <br \/>Dans son livre \u00ab\u00a0Aux Etudiants\u00a0\u00bb paru chez Stock<\/div>\n<div class=\"mdjComplements\">Il y eut une \u00e9poque o\u00f9 je lisais beaucoup ce philosophe d&rsquo;origine indienne.<\/div>\n<div class=\"mdjComplements\">L&rsquo;affaire L\u00e9onarda m&rsquo;a rappel\u00e9 cette parole de sagesse.<\/div>\n<div class=\"mdjComplements\">Je ne parle pas du fond de l&rsquo;affaire : \u00e9tait-il justifi\u00e9 d&rsquo;expulser cette famille, les policiers qui sont all\u00e9s chercher cette jeune fille ont-ils agit humainement ? Ni de l&rsquo;attitude des m\u00e9dias.<\/div>\n<div class=\"mdjComplements\">Ce dont je parle, c&rsquo;est l&rsquo;utilisation de \u00ab\u00a0mots\u00a0\u00bb qui classent, qui rangent dans la bonne case permettant d&rsquo;\u00e9viter d&rsquo;observer et de r\u00e9fl\u00e9chir \u00e0 la r\u00e9alit\u00e9.<\/div>\n<div class=\"mdjComplements\">Ainsi quand on nomme une chose \u00ab\u00a0l&rsquo;immigration\u00a0\u00bb, \u00ab\u00a0les roms\u00a0\u00bb, \u00ab\u00a0la reconduite \u00e0 la fronti\u00e8re\u00a0\u00bb, ce sont des concepts qui certes peuvent entra\u00eener des raisonnements. Mais qui ne repr\u00e9sentent pas la r\u00e9alit\u00e9.<\/div>\n<div class=\"mdjComplements\">Alors quand on parle de L\u00e9onarda qui est un pr\u00e9nom, on ne parle plus d&rsquo;un concept, ni d&rsquo;une case mais d&rsquo;une personne, qui a un visage, une histoire, qui parle, qui a une humanit\u00e9.<\/div>\n<div class=\"mdjComplements\">Et l\u00e0 on est interpell\u00e9 et tout devient plus compliqu\u00e9, les certitudes peuvent s&rsquo;amollir.<\/div>\n<div class=\"mdjComplements\">Krishnamurti continue son discours par cette explication :<\/div>\n<div class=\"mdjCiter\">\u00ab\u00a0Lorsque vous dites \u00ab\u00a0c&rsquo;est un cypr\u00e8s\u00a0\u00bb, vous regardez l&rsquo;arbre \u00e0 travers le mot, donc vous ne le regardez pas vraiment mais \u00e0 travers l&rsquo;image que vous avez construite et cette image vous emp\u00eache de voir.\u00a0\u00bb<\/div>\n","protected":false},"excerpt":{"rendered":"<p>Lundi 21 octobre 2013 \u00abLorsque vous nommez une chose, le mot vous distrait, vous \u00e9loigne de l&rsquo;observation\u00bb Krishnamurti Entretiens \u00e0 Morcelo (Porto Rico) Dans son livre \u00ab\u00a0Aux Etudiants\u00a0\u00bb paru chez Stock Il y eut une \u00e9poque o\u00f9 je lisais beaucoup<\/p>\n","protected":false},"author":1,"featured_media":0,"comment_status":"closed","ping_status":"closed","sticky":false,"template":"","format":"standard","meta":{"footnotes":""},"categories":[1],"tags":[],"class_list":["post-2241","post","type-post","status-publish","format-standard","hentry","category-motdujour"],"_links":{"self":[{"href":"https:\/\/lemotdujour.fr\/index.php?rest_route=\/wp\/v2\/posts\/2241","targetHints":{"allow":["GET"]}}],"collection":[{"href":"https:\/\/lemotdujour.fr\/index.php?rest_route=\/wp\/v2\/posts"}],"about":[{"href":"https:\/\/lemotdujour.fr\/index.php?rest_route=\/wp\/v2\/types\/post"}],"author":[{"embeddable":true,"href":"https:\/\/lemotdujour.fr\/index.php?rest_route=\/wp\/v2\/users\/1"}],"replies":[{"embeddable":true,"href":"https:\/\/lemotdujour.fr\/index.php?rest_route=%2Fwp%2Fv2%2Fcomments&post=2241"}],"version-history":[{"count":1,"href":"https:\/\/lemotdujour.fr\/index.php?rest_route=\/wp\/v2\/posts\/2241\/revisions"}],"predecessor-version":[{"id":2242,"href":"https:\/\/lemotdujour.fr\/index.php?rest_route=\/wp\/v2\/posts\/2241\/revisions\/2242"}],"wp:attachment":[{"href":"https:\/\/lemotdujour.fr\/index.php?rest_route=%2Fwp%2Fv2%2Fmedia&parent=2241"}],"wp:term":[{"taxonomy":"category","embeddable":true,"href":"https:\/\/lemotdujour.fr\/index.php?rest_route=%2Fwp%2Fv2%2Fcategories&post=2241"},{"taxonomy":"post_tag","embeddable":true,"href":"https:\/\/lemotdujour.fr\/index.php?rest_route=%2Fwp%2Fv2%2Ftags&post=2241"}],"curies":[{"name":"wp","href":"https:\/\/api.w.org\/{rel}","templated":true}]}}