{"id":2239,"date":"2013-10-18T02:00:00","date_gmt":"2013-10-17T22:00:00","guid":{"rendered":"http:\/\/lemotdujour.fr\/?p=2239"},"modified":"2017-05-20T16:02:15","modified_gmt":"2017-05-20T14:02:15","slug":"vendredi-18-octobre-2013","status":"publish","type":"post","link":"https:\/\/lemotdujour.fr\/?p=2239","title":{"rendered":"Vendredi 18 octobre 2013"},"content":{"rendered":"<div class=\"mdjDate\">Vendredi 18 octobre 2013<\/div>\n<div class=\"mdjTexte\">[contre les am\u00e9ricains]\u00a0\u00ab\u00a0Si nous nous battons \u00e0 la russe nous ne pouvons pas tenir deux heures.<br \/>Mais nous nous battrons \u00e0 la vietnamienne et nous vaincrons.\u00a0\u00bb<\/div>\n<div class=\"mdjAuteur\">G\u00e9n\u00e9ral Vo Nguyen Giap<\/div>\n<div class=\"mdjComplements\">R\u00e9ponse de Giap \u00e0 Kossyguine qui l&rsquo;interpellait : \u00ab\u00a0Camarade Giap, vous me parlez de vaincre les Am\u00e9ricains. Je me permets de vous demander combien d&rsquo;escadrilles d&rsquo;avions \u00e0 r\u00e9action avez-vous et combien, eux, en ont-ils ?\u00a0\u00bb<\/div>\n<div class=\"mdjComplements\">Et les vietnamiens ont bien fait ce que le g\u00e9n\u00e9ral Giap annon\u00e7ait.<\/div>\n<div class=\"mdjComplements\">Il a racont\u00e9 cela lors d&rsquo;une interview \u00e0 L&rsquo;humanit\u00e9 le 7 mai 2004, \u00e0 l&rsquo;\u00e9poque il n&rsquo;avait que 93 ans. Il est mort \u00e0 102 ans, il y a quelques jours.<\/div>\n<div class=\"mdjCiter\">G\u00e9n\u00e9ral Giap.[&#8230;] Les Am\u00e9ricains \u00e9taient naturellement s\u00fbrs de leur victoire et n&rsquo;ont pas voulu entendre les conseils des Fran\u00e7ais qui avaient fait l&rsquo;exp\u00e9rience de se battre contre les Vietnamiens.<\/div>\n<div class=\"mdjCiter\">Les \u00c9tats-Unis avaient effectivement engag\u00e9 des forces colossales et peu de gens, m\u00eame parmi nos amis, croyaient en notre capacit\u00e9 de les vaincre.<\/div>\n<div class=\"mdjCiter\">Mais les Am\u00e9ricains n&rsquo;avaient aucune connaissance de notre histoire, de notre culture, de nos coutumes, de la personnalit\u00e9 des Vietnamiens en g\u00e9n\u00e9ral et de leurs dirigeants en particulier.<\/div>\n<div class=\"mdjCiter\">\u00c0 MacNamara, ancien secr\u00e9taire \u00e0 la D\u00e9fense des \u00c9tats-Unis que j&rsquo;ai rencontr\u00e9 en 1995, j&rsquo;ai dit : \u00a0\u00bb Vous avez engag\u00e9 contre nous de formidables forces artilleries, aviation, gaz toxiques mais vous ne compreniez pas notre peuple, \u00e9pris d&rsquo;ind\u00e9pendance et de libert\u00e9 et qui veut \u00eatre ma\u00eetre de son pays. \u00a0\u00bb C&rsquo;est une v\u00e9rit\u00e9 que l&rsquo;histoire a de tout temps confirm\u00e9e. Pendant 1 000 ans de domination chinoise, (jusqu&rsquo;au Xe si\u00e8cle), nous n&rsquo;avons pas \u00e9t\u00e9 assimil\u00e9s. Contre les B52, ce fut la victoire de l&rsquo;intelligence vietnamienne sur la technologie et l&rsquo;argent. Le facteur humain a \u00e9t\u00e9 d\u00e9cisif. C&rsquo;est pourquoi lorsqu&rsquo;un conseiller am\u00e9ricain du service de renseignements m&rsquo;a demand\u00e9 qui \u00e9tait le plus grand g\u00e9n\u00e9ral sous mes ordres, je lui ai r\u00e9pondu qu&rsquo;il s&rsquo;agissait du peuple vietnamien. \u00a0\u00bb J&rsquo;ai apport\u00e9 une contribution bien modeste, lui ai-je dit. C&rsquo;est le peuple qui s&rsquo;est battu \u00ab\u00a0.<\/div>\n<div class=\"mdjCiter\">J&rsquo;ai aussi eu l&rsquo;occasion de recevoir des anciens combattants am\u00e9ricains venus visiter le Vietnam. Ils me posaient la question : nous ne comprenons pas pourquoi vous nous accueillez aujourd&rsquo;hui si bien ? \u00a0\u00bb Avant, vous veniez avec des armes en ennemis et vous \u00e9tiez re\u00e7us comme tels, vous venez maintenant en touristes et nous vous accueillons avec la tradition hospitali\u00e8re traditionnelle des Vietnamiens. \u00ab\u00a0.<\/div>\n<div class=\"mdjCiter\">[&#8230;]<\/div>\n<div class=\"mdjComplements\">Vous avez fait allusion au fait que peu de personnes croyaient en votre victoire finale sur les Am\u00e9ricains&#8230;<\/div>\n<div class=\"mdjCiter\">G\u00e9n\u00e9ral Giap. C&rsquo;est vrai. C&rsquo;est le pass\u00e9, [&#8230;]<\/div>\n<div class=\"mdjCiter\">Une autre fois, j&rsquo;\u00e9tais \u00e0 Moscou pour demander une aide renforc\u00e9e et j&rsquo;ai eu une r\u00e9union avec l&rsquo;ensemble du bureau politique. Kossyguine m&rsquo;a alors interpell\u00e9 : \u00a0\u00bb Camarade Giap, vous me parlez de vaincre les Am\u00e9ricains. Je me permets de vous demander combien d&rsquo;escadrilles d&rsquo;avions \u00e0 r\u00e9action avez-vous et combien, eux, en ont-ils ? \u00a0\u00bb \u00a0\u00bb Malgr\u00e9 le grand d\u00e9calage des forces militaires, ai-je r\u00e9pondu, je peux vous dire que si nous nous battons \u00e0 la russe nous ne pouvons pas tenir deux heures. Mais nous nous battrons \u00e0 la vietnamienne et nous vaincrons. \u00ab\u00a0<\/div>\n<div class=\"mdjComplements\"><a href=\"http:\/\/www.humanite.fr\/node\/345897\">http:\/\/www.humanite.fr\/node\/345897<\/a><\/div>\n","protected":false},"excerpt":{"rendered":"<p>Vendredi 18 octobre 2013 [contre les am\u00e9ricains]\u00a0\u00ab\u00a0Si nous nous battons \u00e0 la russe nous ne pouvons pas tenir deux heures.Mais nous nous battrons \u00e0 la vietnamienne et nous vaincrons.\u00a0\u00bb G\u00e9n\u00e9ral Vo Nguyen Giap R\u00e9ponse de Giap \u00e0 Kossyguine qui l&rsquo;interpellait<\/p>\n","protected":false},"author":1,"featured_media":0,"comment_status":"closed","ping_status":"closed","sticky":false,"template":"","format":"standard","meta":{"footnotes":""},"categories":[1],"tags":[],"class_list":["post-2239","post","type-post","status-publish","format-standard","hentry","category-motdujour"],"_links":{"self":[{"href":"https:\/\/lemotdujour.fr\/index.php?rest_route=\/wp\/v2\/posts\/2239","targetHints":{"allow":["GET"]}}],"collection":[{"href":"https:\/\/lemotdujour.fr\/index.php?rest_route=\/wp\/v2\/posts"}],"about":[{"href":"https:\/\/lemotdujour.fr\/index.php?rest_route=\/wp\/v2\/types\/post"}],"author":[{"embeddable":true,"href":"https:\/\/lemotdujour.fr\/index.php?rest_route=\/wp\/v2\/users\/1"}],"replies":[{"embeddable":true,"href":"https:\/\/lemotdujour.fr\/index.php?rest_route=%2Fwp%2Fv2%2Fcomments&post=2239"}],"version-history":[{"count":1,"href":"https:\/\/lemotdujour.fr\/index.php?rest_route=\/wp\/v2\/posts\/2239\/revisions"}],"predecessor-version":[{"id":2240,"href":"https:\/\/lemotdujour.fr\/index.php?rest_route=\/wp\/v2\/posts\/2239\/revisions\/2240"}],"wp:attachment":[{"href":"https:\/\/lemotdujour.fr\/index.php?rest_route=%2Fwp%2Fv2%2Fmedia&parent=2239"}],"wp:term":[{"taxonomy":"category","embeddable":true,"href":"https:\/\/lemotdujour.fr\/index.php?rest_route=%2Fwp%2Fv2%2Fcategories&post=2239"},{"taxonomy":"post_tag","embeddable":true,"href":"https:\/\/lemotdujour.fr\/index.php?rest_route=%2Fwp%2Fv2%2Ftags&post=2239"}],"curies":[{"name":"wp","href":"https:\/\/api.w.org\/{rel}","templated":true}]}}