{"id":2237,"date":"2013-10-16T02:00:00","date_gmt":"2013-10-15T22:00:00","guid":{"rendered":"http:\/\/lemotdujour.fr\/?p=2237"},"modified":"2017-05-20T16:02:15","modified_gmt":"2017-05-20T14:02:15","slug":"mercredi-16-octobre-2013","status":"publish","type":"post","link":"https:\/\/lemotdujour.fr\/?p=2237","title":{"rendered":"Mercredi 16 octobre 2013"},"content":{"rendered":"<div class=\"mdjDate\">Mercredi 16 octobre 2013<\/div>\n<div class=\"mdjTexte\">\u00ab\u00a0La force de la bienveillance\u00a0\u00bb<\/div>\n<div class=\"mdjAuteur\">Matthieu Ricard<\/div>\n<div class=\"mdjComplements\">Matthieu Ricard est le fils du philosophe Jean-Fran\u00e7ois Revel, avec qui il a \u00e9crit un livre \u00e0 double main : \u00ab\u00a0Le moine et le Philosophe\u00a0\u00bb, car lui est moine bouddhiste tib\u00e9tain<\/div>\n<div class=\"mdjComplements\">Il r\u00e9side habituellement au monast\u00e8re de Sh\u00e9ch\u00e8n au N\u00e9pal.<\/div>\n<div class=\"mdjComplements\">Avant de donner cette voie il avait fait des \u00e9tudes brillantes en m\u00e9decine.<\/div>\n<div class=\"mdjComplements\">Il a achev\u00e9 une th\u00e8se en g\u00e9n\u00e9tique cellulaire \u00e0 l&rsquo;Institut Pasteur, sous la direction du Pr Fran\u00e7ois Jacob (prix Nobel de m\u00e9decine).<\/div>\n<div class=\"mdjComplements\">C&rsquo;est apr\u00e8s qu&rsquo;il a d\u00e9cid\u00e9 de s&rsquo;\u00e9tablir dans l&rsquo;Himalaya o\u00f9 il vit depuis 1972, \u00e9tudiant et pratiquant le bouddhisme tib\u00e9tain aupr\u00e8s de grands ma\u00eetres spirituels<\/div>\n<div class=\"mdjComplements\">Il \u00e9tait l&rsquo;invit\u00e9 de de Jean-Jacques Bourdin sur RMC, il y a quelques jours (eh oui je n&rsquo;\u00e9coute pas que France Culture&#8230;), pour pr\u00e9senter son nouveau livre : \u00ab\u00a0Plaidoyer pour l&rsquo;altruisme\u00a0\u00bb dont le sous-titre est la force de la bienveillance.<\/div>\n<div class=\"mdjComplements\"><a href=\"http:\/\/www.rmc.fr\/info\/527338\/direct-suivez-linterview-matthieu-ricard-chez-bourdin\/\">http:\/\/www.rmc.fr\/info\/527338\/direct-suivez-linterview-matthieu-ricard-chez-bourdin\/<\/a><\/div>\n<div class=\"mdjComplements\">Il d\u00e9veloppe une th\u00e9orie bas\u00e9e sur des exp\u00e9riences concr\u00e8tes montrant que l&rsquo;altruisme et la bienveillance permettent de r\u00e9soudre bien des probl\u00e8mes.<\/div>\n<div class=\"mdjComplements\">Cette th\u00e9orie s&rsquo;inscrit dans un mouvement plus large qui tente de s&rsquo;appuyer sur le positif pour progresser.<\/div>\n<div class=\"mdjComplements\">Notons que cette approche est r\u00e9volutionnaire, surtout en France.<\/div>\n<div class=\"mdjComplements\">A l&rsquo;\u00e9cole comme dans notre travail quotidien, notre m\u00e9thode c&rsquo;est de voir ce qui va mal, pour le critiquer. Cette m\u00e9thode pense que si on am\u00e9liore ce qui va mal, ce sera mieux.<\/div>\n<div class=\"mdjComplements\">Ce n\u2019est pas faux, mais ce n&rsquo;est pas aussi simple que cela.<\/div>\n<div class=\"mdjComplements\">A l&rsquo;\u00e9cole, par exemple, si on regarde d&rsquo;abord les fautes, on mettra en exergue celui qui ne fait pas de faute. C&rsquo;est ainsi qu&rsquo;on cr\u00e9e une \u00e9lite et qu&rsquo;on laisse sur le c\u00f4t\u00e9 un tr\u00e8s grand nombre.<\/div>\n<div class=\"mdjComplements\">Si on s&rsquo;appuyait sur le positif pour progresser vers le plus positif, la d\u00e9marche serait bienveillante, souvent moins d\u00e9courageante et conviendrait au plus grand nombre.<\/div>\n<div class=\"mdjComplements\">M\u00eame celui qui ne fait pas de faute, aurait aussi l&rsquo;id\u00e9e de progresser puisque son positif peut aller encore plus loin.<\/div>\n<div class=\"mdjComplements\">Le Monde lui a aussi consacr\u00e9 un article le 10 octobre duquel je tire l&rsquo;extrait suivant :<\/div>\n<div class=\"mdjCiter\">\u00ab\u00a0L&rsquo;antidote au narcissisme individualiste, au \u00ab\u00a0moi moi moi\u00a0\u00bb du matin au soir, passe par la consid\u00e9ration d&rsquo;autrui, la bienveillance et l&rsquo;attention \u00e0 l&rsquo;autre. Comme le disait Martin Luther King, \u00ab\u00a0nous devons apprendre \u00e0 vivre ensemble comme des fr\u00e8res, sinon nous allons mourir ensemble comme des idiots\u00a0\u00bb. Il faut oser l&rsquo;altruisme, oser dire qu&rsquo;on peut le cultiver, oser enseigner l&rsquo;apprentissage coop\u00e9ratif dans l&rsquo;\u00e9ducation. Oser dire qu&rsquo;il peut y avoir une \u00e9conomie altruiste, et que la question de l&rsquo;environnement se ram\u00e8ne \u00e0 une question d&rsquo;altruisme.\u00a0\u00bb<\/div>\n<div class=\"mdjComplements\">Il dispose aussi d&rsquo;un site :<\/div>\n<div class=\"mdjComplements\"><a href=\"http:\/\/www.matthieuricard.org\/books\/categories\/livres-d-auteur%20\">http:\/\/www.matthieuricard.org\/books\/categories\/livres-d-auteur<\/a><\/div>\n","protected":false},"excerpt":{"rendered":"<p>Mercredi 16 octobre 2013 \u00ab\u00a0La force de la bienveillance\u00a0\u00bb Matthieu Ricard Matthieu Ricard est le fils du philosophe Jean-Fran\u00e7ois Revel, avec qui il a \u00e9crit un livre \u00e0 double main : \u00ab\u00a0Le moine et le Philosophe\u00a0\u00bb, car lui est moine<\/p>\n","protected":false},"author":1,"featured_media":0,"comment_status":"closed","ping_status":"closed","sticky":false,"template":"","format":"standard","meta":{"footnotes":""},"categories":[1],"tags":[],"class_list":["post-2237","post","type-post","status-publish","format-standard","hentry","category-motdujour"],"_links":{"self":[{"href":"https:\/\/lemotdujour.fr\/index.php?rest_route=\/wp\/v2\/posts\/2237","targetHints":{"allow":["GET"]}}],"collection":[{"href":"https:\/\/lemotdujour.fr\/index.php?rest_route=\/wp\/v2\/posts"}],"about":[{"href":"https:\/\/lemotdujour.fr\/index.php?rest_route=\/wp\/v2\/types\/post"}],"author":[{"embeddable":true,"href":"https:\/\/lemotdujour.fr\/index.php?rest_route=\/wp\/v2\/users\/1"}],"replies":[{"embeddable":true,"href":"https:\/\/lemotdujour.fr\/index.php?rest_route=%2Fwp%2Fv2%2Fcomments&post=2237"}],"version-history":[{"count":1,"href":"https:\/\/lemotdujour.fr\/index.php?rest_route=\/wp\/v2\/posts\/2237\/revisions"}],"predecessor-version":[{"id":2238,"href":"https:\/\/lemotdujour.fr\/index.php?rest_route=\/wp\/v2\/posts\/2237\/revisions\/2238"}],"wp:attachment":[{"href":"https:\/\/lemotdujour.fr\/index.php?rest_route=%2Fwp%2Fv2%2Fmedia&parent=2237"}],"wp:term":[{"taxonomy":"category","embeddable":true,"href":"https:\/\/lemotdujour.fr\/index.php?rest_route=%2Fwp%2Fv2%2Fcategories&post=2237"},{"taxonomy":"post_tag","embeddable":true,"href":"https:\/\/lemotdujour.fr\/index.php?rest_route=%2Fwp%2Fv2%2Ftags&post=2237"}],"curies":[{"name":"wp","href":"https:\/\/api.w.org\/{rel}","templated":true}]}}