{"id":2233,"date":"2013-10-14T02:00:00","date_gmt":"2013-10-13T22:00:00","guid":{"rendered":"http:\/\/lemotdujour.fr\/?p=2233"},"modified":"2017-05-20T16:02:12","modified_gmt":"2017-05-20T14:02:12","slug":"lundi-14-octobre-2013","status":"publish","type":"post","link":"https:\/\/lemotdujour.fr\/?p=2233","title":{"rendered":"Lundi 14 octobre 2013"},"content":{"rendered":"<div class=\"mdjDate\">Lundi 14 octobre 2013<\/div>\n<div class=\"mdjTexte\">\u00abApprendre ce que je ne sais pas, d\u2019une certaine fa\u00e7on \u00e0 devenir la personne que je ne suis pas encore\u00bb<\/div>\n<div class=\"mdjAuteur\">Patrice Ch\u00e9reau<\/div>\n<div class=\"mdjComplements\">Patrice Ch\u00e9reau est mort \u00e0 68 ans, c&rsquo;\u00e9tait un artiste qui, sans cesse, tentait de c\u00f4toyer la perfection.<\/div>\n<div class=\"mdjComplements\">En 2009, il a \u00e9crit un livre \u00ab\u00a0J&rsquo;y arriverai un jour\u00a0\u00bb. Il me semble qu&rsquo;il y ait arriv\u00e9.<\/div>\n<div class=\"mdjComplements\">J&rsquo;h\u00e9sitais entre ce mot du jour et celui-ci \u00ab\u00a087 minutes\u00a0\u00bb<\/div>\n<div class=\"mdjComplements\">En 1976, Wolfgang Wagner, petit-fils de Richard, a confi\u00e9 la T\u00e9tralogie du centenaire \u00e0 Pierre Boulez qui a fait appel \u00e0 Patrice Ch\u00e9reau pour la mise en sc\u00e8ne qui a fait appel \u00e0 Richard Peduzzi pour les d\u00e9cors.<\/div>\n<div class=\"mdjComplements\">Les milieux culturels allemands ont cri\u00e9 au crime de l\u00e8se-majest\u00e9 : comment confier la c\u00e9l\u00e9bration de ce monument de l&rsquo;art allemand (16 heures d&rsquo;op\u00e9ra divis\u00e9 en un prologue et 3 journ\u00e9es) \u00e0 des \u00ab\u00a0franzosen\u00a0\u00bb ?<\/div>\n<div class=\"mdjComplements\">A ce premier crime, Ch\u00e9reau a ajout\u00e9 un sacril\u00e8ge : Le Ring commence avec l&rsquo;or du Rhin. Le premier tableau fait appel au mythe germain : le Rhin sacr\u00e9 et des nymphes qui gardent son or : les filles du Rhin.<\/div>\n<div class=\"mdjComplements\">Et, lorsque le rideau s&rsquo;est lev\u00e9 Ch\u00e9reau a impos\u00e9 au spectateur un barrage hydro \u00e9lectrique avec, autour, des prostitu\u00e9es qui fol\u00e2traient. Scandale apr\u00e8s scandale, hurlement, menace de mort. On revivait le scandale d&rsquo;Hernani.<\/div>\n<div class=\"mdjComplements\">Un des rares d\u00e9fenseurs du projet dans la salle, Philippe Olivier, raconte comment sa voisine lui a ass\u00e9n\u00e9 des coups avec son sac \u00e0 main en criant : \u00ab\u00a0Terroriste\u00a0\u00bb (c&rsquo;\u00e9tait l&rsquo;\u00e9poque de la bande \u00e0 Baader).<\/div>\n<div class=\"mdjComplements\">87 minutes, c&rsquo;est la dur\u00e9e de la standing ovation qui a salu\u00e9 la derni\u00e8re journ\u00e9e de la toute derni\u00e8re repr\u00e9sentation de la t\u00e9tralogie Ch\u00e9reau- Boulez en 1980. Ch\u00e9reau avait impos\u00e9 sa vision de ce chef d\u2019\u0153uvre.<\/div>\n<div class=\"mdjComplements\">Il \u00e9tait inconnu au niveau mondial avant ces 5 ans de Bayreuth, il est devenu incontournable apr\u00e8s.<\/div>\n<div class=\"mdjComplements\">Avant lui, on parlait de la t\u00e9tralogie des chefs d&rsquo;orchestre : le Ring de Furtw\u00e4ngler, le ring de Keilberth, le ring de Karajan. Apr\u00e8s, on cite le Ring de Ch\u00e9reau-Boulez, voire le Ring de Ch\u00e9reau.<\/div>\n<div class=\"mdjComplements\">Bien s\u00fbr les spectateurs de 1980 n&rsquo;\u00e9taient peut \u00eatre plus tout \u00e0 fait les m\u00eames que ceux de 1976.<\/div>\n<div class=\"mdjComplements\">Toutefois parmi les opposants de 1976, il en est beaucoup qui avaient \u00e9volu\u00e9 car ils avaient compris que Ch\u00e9reau avait fait de Bayreuth ce que Wagner souhaitait \u00ab\u00a0un temple de la modernit\u00e9\u00a0\u00bb, alors qu&rsquo;il s&rsquo;\u00e9tait amolli dans le conservatisme.<\/div>\n<div class=\"mdjComplements\">Bon, il y a divergence entre 85, 87 et 90 minutes d&rsquo;ovation.<\/div>\n<div class=\"mdjComplements\"><a href=\"http:\/\/fresques.ina.fr\/en-scenes\/fiche-media\/Scenes01072\/le-ring-du-centenaire-a-bayreuth-an-5.html\">http:\/\/fresques.ina.fr\/en-scenes\/fiche-media\/Scenes01072\/le-ring-du-centenaire-a-bayreuth-an-5.html<\/a><\/div>\n<div class=\"mdjComplements\">Ch\u00e9reau a r\u00e9alis\u00e9 une derni\u00e8re mise en sc\u00e8ne d&rsquo;op\u00e9ra, absolument \u00e9poustouflante, en juillet, trois mois avant sa mort, Elektra de Richard Strauss.<\/div>\n<div class=\"mdjComplements\">Elektra est l&rsquo;op\u00e9ra de la haine, de la violence, de la mort qui nous vient de la trag\u00e9die grecque.<\/div>\n<div class=\"mdjComplements\">Elektra hait sa m\u00e8re Clytemnestre parce qu&rsquo;elle a tu\u00e9 son p\u00e8re Agamemnon.<\/div>\n<div class=\"mdjComplements\">Mais Clytemnestre ha\u00efssait son mari Agamemnon parce qu&rsquo;il avait sacrifi\u00e9 leur fille Iphig\u00e9nie pour obtenir les vents favorables pour les bateaux grecs qui devaient voguer vers Troie.<\/div>\n<div class=\"mdjComplements\">Et Ch\u00e9reau par sa mise en sc\u00e8ne tutoie la perfection et offre de l&rsquo;humanit\u00e9 \u00e0 ces monstres<\/div>\n<div class=\"mdjComplements\">Arte \u00e9tait pr\u00e9sent et son site liveweb permet encore de voir ce spectacle pendant 15 jours :<\/div>\n<div class=\"mdjComplements\"><a href=\"http:\/\/liveweb.arte.tv\/fr\/video\/Elektra_Richard_Strauss_Festival_d_Aix_en_Provence_Esa-Pekka_Salonen_Patrice_Chereau\/\">http:\/\/liveweb.arte.tv\/fr\/video\/Elektra_Richard_Strauss_Festival_d_Aix_en_Provence_Esa-Pekka_Salonen_Patrice_Chereau\/<\/a><\/div>\n<div class=\"mdjComplements\">Attention c&rsquo;est une \u0153uvre exigeante, on n&rsquo;y entre pas comme dans la fl\u00fbte enchant\u00e9e, dans Carmen ou dans Aida.<\/div>\n<div class=\"mdjComplements\">Dans l&rsquo;\u00e9mission la Grande Table, plusieurs des com\u00e9diens avec lesquels il a travaill\u00e9, ont parl\u00e9 pour ce spectacle comme de son apog\u00e9e.<\/div>\n<div class=\"mdjComplements\"><a href=\"http:\/\/www.franceculture.fr\/emission-la-grande-table-1ere-partie-hommage-a-patrice-chereau-2013-10-08\">http:\/\/www.franceculture.fr\/emission-la-grande-table-1ere-partie-hommage-a-patrice-chereau-2013-10-08<\/a><\/div>\n<div class=\"mdjComplements\">Patrice Ch\u00e9reau \u00e9tait homme de th\u00e9\u00e2tre, homme de cin\u00e9ma et homme d&rsquo;Op\u00e9ra, mais je ne sais parler savamment que de ce dernier don.<\/div>\n<div class=\"mdjComplements\">Il a couronn\u00e9 sa flamboyante carri\u00e8re avec un op\u00e9ra et il a ainsi suivi le conseil de son mentor Roger Planchon \u00ab\u00a0n&rsquo;arr\u00eate jamais de travailler\u00a0\u00bb, car avant d&rsquo;illuminer le Th\u00e9\u00e2tre des Amandiers de Nanterre, il avait second\u00e9 Roger Planchon dans le grand Th\u00e9\u00e2tre de notre ville voisine, \u00ab\u00a0le TNP de Villeurbanne\u00a0\u00bb<\/div>\n","protected":false},"excerpt":{"rendered":"<p>Lundi 14 octobre 2013 \u00abApprendre ce que je ne sais pas, d\u2019une certaine fa\u00e7on \u00e0 devenir la personne que je ne suis pas encore\u00bb Patrice Ch\u00e9reau Patrice Ch\u00e9reau est mort \u00e0 68 ans, c&rsquo;\u00e9tait un artiste qui, sans cesse, tentait<\/p>\n","protected":false},"author":1,"featured_media":0,"comment_status":"closed","ping_status":"closed","sticky":false,"template":"","format":"standard","meta":{"footnotes":""},"categories":[1],"tags":[],"class_list":["post-2233","post","type-post","status-publish","format-standard","hentry","category-motdujour"],"_links":{"self":[{"href":"https:\/\/lemotdujour.fr\/index.php?rest_route=\/wp\/v2\/posts\/2233","targetHints":{"allow":["GET"]}}],"collection":[{"href":"https:\/\/lemotdujour.fr\/index.php?rest_route=\/wp\/v2\/posts"}],"about":[{"href":"https:\/\/lemotdujour.fr\/index.php?rest_route=\/wp\/v2\/types\/post"}],"author":[{"embeddable":true,"href":"https:\/\/lemotdujour.fr\/index.php?rest_route=\/wp\/v2\/users\/1"}],"replies":[{"embeddable":true,"href":"https:\/\/lemotdujour.fr\/index.php?rest_route=%2Fwp%2Fv2%2Fcomments&post=2233"}],"version-history":[{"count":1,"href":"https:\/\/lemotdujour.fr\/index.php?rest_route=\/wp\/v2\/posts\/2233\/revisions"}],"predecessor-version":[{"id":2234,"href":"https:\/\/lemotdujour.fr\/index.php?rest_route=\/wp\/v2\/posts\/2233\/revisions\/2234"}],"wp:attachment":[{"href":"https:\/\/lemotdujour.fr\/index.php?rest_route=%2Fwp%2Fv2%2Fmedia&parent=2233"}],"wp:term":[{"taxonomy":"category","embeddable":true,"href":"https:\/\/lemotdujour.fr\/index.php?rest_route=%2Fwp%2Fv2%2Fcategories&post=2233"},{"taxonomy":"post_tag","embeddable":true,"href":"https:\/\/lemotdujour.fr\/index.php?rest_route=%2Fwp%2Fv2%2Ftags&post=2233"}],"curies":[{"name":"wp","href":"https:\/\/api.w.org\/{rel}","templated":true}]}}