{"id":2229,"date":"2013-10-10T02:00:00","date_gmt":"2013-10-09T22:00:00","guid":{"rendered":"http:\/\/lemotdujour.fr\/?p=2229"},"modified":"2017-05-20T16:02:10","modified_gmt":"2017-05-20T14:02:10","slug":"jeudi-10-octobre-2013","status":"publish","type":"post","link":"https:\/\/lemotdujour.fr\/?p=2229","title":{"rendered":"Jeudi 10 octobre 2013"},"content":{"rendered":"<div class=\"mdjDate\">Jeudi 10 octobre 2013<\/div>\n<div class=\"mdjTexte\">\u00abCe n&rsquo;est plus une guerre de conqu\u00eate, d&rsquo;ambition ;<br \/>c&rsquo;est une guerre de race, et elle durera tr\u00e8s longtemps [&#8230;]<br \/>c&rsquo;est la force de ces nouveaux Goths qui m&rsquo;\u00e9pouvante.\u00bb<\/div>\n<div class=\"mdjAuteur\">Giuseppe Verdi<\/div>\n<div class=\"mdjComplements\">En 1870, la France a \u00e9t\u00e9 vaincue par les allemands.<\/div>\n<div class=\"mdjComplements\">Et un italien a \u00e9crit alors de mani\u00e8re pr\u00e9monitoire quand on songe \u00e0 14-18 et surtout \u00e0 39-45 cet avertissement que j\u2019ai choisi comme mot du jour du 10 octobre pour une raison que vous comprendrez ci-apr\u00e8s. :<\/div>\n<div class=\"mdjComplements\">Giuseppe Verdi avait compos\u00e9 AIDA qui devait \u00eatre cr\u00e9\u00e9 pour l&rsquo;inauguration du Canal de Suez au Caire. Mais la guerre franco-allemande a retard\u00e9 cette cr\u00e9ation. A cette occasion il a \u00e9crit cela :<\/div>\n<div class=\"mdjCiter\">\u00ab Mon op\u00e9ra pour le Caire est fini mais ne peut \u00eatre donn\u00e9 car les costumes et d\u00e9cors sont rest\u00e9s enferm\u00e9s \u00e0 Paris.<\/div>\n<div class=\"mdjCiter\">Il n&rsquo;y a pas grand mal ! Mais un mal plus grave, c&rsquo;est cette horrible guerre et la pr\u00e9pond\u00e9rance qu&rsquo;ont prise ces Prussiens ; pr\u00e9pond\u00e9rance qui nous sera fatale plus tard, y compris pour nous.<\/div>\n<div class=\"mdjCiter\">Ce n&rsquo;est plus une guerre de conqu\u00eate, d&rsquo;ambition ; c&rsquo;est une guerre de race, et elle durera tr\u00e8s longtemps [&#8230;] c&rsquo;est la force de ces nouveaux Goths qui m&rsquo;\u00e9pouvante.\u00a0\u00bb<\/div>\n<div class=\"mdjCiter\">Lettre de Verdi \u00e0 Luccaroni cit\u00e9e par Sylviane Falcinelli dans Guide des op\u00e9ras de Verdi, op. cit., p. 1042 (cf. Wikipedia)<\/div>\n<div class=\"mdjComplements\">Les deux plus grands compositeurs d&rsquo;op\u00e9ras romantiques sont tous deux n\u00e9s en 1813. Wagner le 22 mai \u00e0 Leipzig <strong>et le 10 octobre 1813<\/strong> Giuseppe Verdi \u00e0 Roncole, il y a deux cents ans.<\/div>\n<div class=\"mdjComplements\">Les deux \u00e9taient des g\u00e9nies.<\/div>\n<div class=\"mdjComplements\">Humainement Verdi \u00e9tait beaucoup plus sympathique que Wagner<\/div>\n<div class=\"mdjComplements\">Il m&rsquo;avait \u00e9t\u00e9 fait reproche lorsque j&rsquo;ai parl\u00e9 de la mort de S\u00e9n\u00e8que de Monteverdi de ne pas avoir donn\u00e9 de liens Youtube.<\/div>\n<div class=\"mdjComplements\">Alors pour Verdi je voudrais me rattraper :<\/div>\n<div class=\"mdjComplements\">Un extrait sublime du REQUIEM \u00e0 la Scala de Milan dirig\u00e9 par Karajan avec un quatuor de solistes de qualit\u00e9 superlative &gt;&gt;  <a href=\"http:\/\/www.youtube.com\/watch?v=z5_dwWfe97g\">http:\/\/www.youtube.com\/watch?v=z5_dwWfe97g<\/a><\/div>\n<div class=\"mdjComplements\">Le second Acte d&rsquo;AIDA (avec les fameuses trompettes) au Metropolitan Op\u00e9ra de New York en HD &gt;&gt; <a href=\"http:\/\/www.youtube.com\/watch?v=CWnKtzgdNmk\">http:\/\/www.youtube.com\/watch?v=CWnKtzgdNmk<\/a><\/div>\n<div class=\"mdjComplements\">Et aussi la TRAVIATA en int\u00e9grale au Festival de Salzbourg dans une mise en sc\u00e8ne qui a \u00e9t\u00e9 beaucoup appr\u00e9ci\u00e9e et des artistes remarquables. &gt;&gt; <a href=\"http:\/\/www.youtube.com\/watch?v=M57PfVGRR78\">http:\/\/www.youtube.com\/watch?v=M57PfVGRR78<\/a><\/div>\n","protected":false},"excerpt":{"rendered":"<p>Jeudi 10 octobre 2013 \u00abCe n&rsquo;est plus une guerre de conqu\u00eate, d&rsquo;ambition ;c&rsquo;est une guerre de race, et elle durera tr\u00e8s longtemps [&#8230;]c&rsquo;est la force de ces nouveaux Goths qui m&rsquo;\u00e9pouvante.\u00bb Giuseppe Verdi En 1870, la France a \u00e9t\u00e9 vaincue<\/p>\n","protected":false},"author":1,"featured_media":0,"comment_status":"closed","ping_status":"closed","sticky":false,"template":"","format":"standard","meta":{"footnotes":""},"categories":[1],"tags":[],"class_list":["post-2229","post","type-post","status-publish","format-standard","hentry","category-motdujour"],"_links":{"self":[{"href":"https:\/\/lemotdujour.fr\/index.php?rest_route=\/wp\/v2\/posts\/2229","targetHints":{"allow":["GET"]}}],"collection":[{"href":"https:\/\/lemotdujour.fr\/index.php?rest_route=\/wp\/v2\/posts"}],"about":[{"href":"https:\/\/lemotdujour.fr\/index.php?rest_route=\/wp\/v2\/types\/post"}],"author":[{"embeddable":true,"href":"https:\/\/lemotdujour.fr\/index.php?rest_route=\/wp\/v2\/users\/1"}],"replies":[{"embeddable":true,"href":"https:\/\/lemotdujour.fr\/index.php?rest_route=%2Fwp%2Fv2%2Fcomments&post=2229"}],"version-history":[{"count":1,"href":"https:\/\/lemotdujour.fr\/index.php?rest_route=\/wp\/v2\/posts\/2229\/revisions"}],"predecessor-version":[{"id":2230,"href":"https:\/\/lemotdujour.fr\/index.php?rest_route=\/wp\/v2\/posts\/2229\/revisions\/2230"}],"wp:attachment":[{"href":"https:\/\/lemotdujour.fr\/index.php?rest_route=%2Fwp%2Fv2%2Fmedia&parent=2229"}],"wp:term":[{"taxonomy":"category","embeddable":true,"href":"https:\/\/lemotdujour.fr\/index.php?rest_route=%2Fwp%2Fv2%2Fcategories&post=2229"},{"taxonomy":"post_tag","embeddable":true,"href":"https:\/\/lemotdujour.fr\/index.php?rest_route=%2Fwp%2Fv2%2Ftags&post=2229"}],"curies":[{"name":"wp","href":"https:\/\/api.w.org\/{rel}","templated":true}]}}