{"id":2227,"date":"2013-10-09T02:00:00","date_gmt":"2013-10-08T22:00:00","guid":{"rendered":"http:\/\/lemotdujour.fr\/?p=2227"},"modified":"2017-05-20T16:02:07","modified_gmt":"2017-05-20T14:02:07","slug":"mercredi-09-octobre-2013","status":"publish","type":"post","link":"https:\/\/lemotdujour.fr\/?p=2227","title":{"rendered":"Mercredi 09 octobre 2013"},"content":{"rendered":"<div class=\"mdjDate\">Mercredi 09 octobre 2013<\/div>\n<div class=\"mdjTexte\">\u00ab\u00a0Nous devons nous placer dans la longue dur\u00e9e, mais notre vie est courte\u00a0\u00bb<\/div>\n<div class=\"mdjAuteur\">Fabien Piccirilli<\/div>\n<div class=\"mdjComplements\">Une fois n&rsquo;est pas coutume, demain le 9 je ne serais pas dans mon bureau.<\/div>\n<div class=\"mdjComplements\">Mais je ne pouvais pas ne pas \u00e9crire un mot du jour le 9 octobre, car il s&rsquo;agit du premier anniversaire du mot du jour, dont le premier exemplaire a \u00e9t\u00e9 livr\u00e9 le 9 octobre 2012. \ud83d\ude09<\/div>\n<div class=\"mdjComplements\">Pour comm\u00e9morer ce moment qui dure, je vous propose ce mot.<\/div>\n<div class=\"mdjComplements\">Notre ami Fabien, \u00e9m\u00e9rite responsable du Service de la Publicit\u00e9 Fonci\u00e8re de Tr\u00e9voux, avait prononc\u00e9 cette parole de sagesse le 11 octobre 2011 et je l&rsquo;avais imm\u00e9diatement not\u00e9e.<\/div>\n<div class=\"mdjComplements\">Par un curieux effet du hasard ce mot avait \u00e9t\u00e9 prononc\u00e9 quasi 1 an avant le d\u00e9marrage du mot du jour.<\/div>\n<div class=\"mdjComplements\">Tous ceux qui re\u00e7oivent aujourd&rsquo;hui le mot du jour, n&rsquo;\u00e9tait pas destinataire du premier.<\/div>\n<div class=\"mdjComplements\">J&rsquo;avais commenc\u00e9, modestement, par un mot essentiellement d&rsquo;humour :<\/div>\n<div class=\"mdjCiter\">\u00ab\u00a0Il vaut mieux mobiliser son intelligence sur des conneries<\/div>\n<div class=\"mdjCiter\">que mobiliser sa connerie sur des choses intelligentes\u00a0\u00bb<\/div>\n<div class=\"mdjCiter\">devise shadok.<\/div>\n<div class=\"mdjComplements\">Par la suite je me suis, le plus souvent, efforc\u00e9 de mobiliser notre intelligence sur des choses qui ont du sens ou posent des questions de notre quotidien ou de notre avenir.<\/div>\n<div class=\"mdjComplements\">Etes-vous d&rsquo;accord avec cette opinion ?<\/div>\n","protected":false},"excerpt":{"rendered":"<p>Mercredi 09 octobre 2013 \u00ab\u00a0Nous devons nous placer dans la longue dur\u00e9e, mais notre vie est courte\u00a0\u00bb Fabien Piccirilli Une fois n&rsquo;est pas coutume, demain le 9 je ne serais pas dans mon bureau. Mais je ne pouvais pas ne<\/p>\n","protected":false},"author":1,"featured_media":0,"comment_status":"closed","ping_status":"closed","sticky":false,"template":"","format":"standard","meta":{"footnotes":""},"categories":[1],"tags":[],"class_list":["post-2227","post","type-post","status-publish","format-standard","hentry","category-motdujour"],"_links":{"self":[{"href":"https:\/\/lemotdujour.fr\/index.php?rest_route=\/wp\/v2\/posts\/2227","targetHints":{"allow":["GET"]}}],"collection":[{"href":"https:\/\/lemotdujour.fr\/index.php?rest_route=\/wp\/v2\/posts"}],"about":[{"href":"https:\/\/lemotdujour.fr\/index.php?rest_route=\/wp\/v2\/types\/post"}],"author":[{"embeddable":true,"href":"https:\/\/lemotdujour.fr\/index.php?rest_route=\/wp\/v2\/users\/1"}],"replies":[{"embeddable":true,"href":"https:\/\/lemotdujour.fr\/index.php?rest_route=%2Fwp%2Fv2%2Fcomments&post=2227"}],"version-history":[{"count":1,"href":"https:\/\/lemotdujour.fr\/index.php?rest_route=\/wp\/v2\/posts\/2227\/revisions"}],"predecessor-version":[{"id":2228,"href":"https:\/\/lemotdujour.fr\/index.php?rest_route=\/wp\/v2\/posts\/2227\/revisions\/2228"}],"wp:attachment":[{"href":"https:\/\/lemotdujour.fr\/index.php?rest_route=%2Fwp%2Fv2%2Fmedia&parent=2227"}],"wp:term":[{"taxonomy":"category","embeddable":true,"href":"https:\/\/lemotdujour.fr\/index.php?rest_route=%2Fwp%2Fv2%2Fcategories&post=2227"},{"taxonomy":"post_tag","embeddable":true,"href":"https:\/\/lemotdujour.fr\/index.php?rest_route=%2Fwp%2Fv2%2Ftags&post=2227"}],"curies":[{"name":"wp","href":"https:\/\/api.w.org\/{rel}","templated":true}]}}