{"id":2225,"date":"2013-10-08T02:00:00","date_gmt":"2013-10-07T22:00:00","guid":{"rendered":"http:\/\/lemotdujour.fr\/?p=2225"},"modified":"2018-02-04T21:57:08","modified_gmt":"2018-02-04T20:57:08","slug":"mardi-08-octobre-2013","status":"publish","type":"post","link":"https:\/\/lemotdujour.fr\/?p=2225","title":{"rendered":"Mardi 08 octobre 2013"},"content":{"rendered":"<div class=\"mdjDate\">Mardi 08 octobre 2013<\/div>\n<div class=\"mdjTexte\">\u00ab Qu\u2019ai-je fait ?&#8230;<br \/>\nJ\u2019ai seulement \u00e9crit ce dont j\u2019\u00e9tais t\u00e9moin.\u00bb<\/div>\n<div class=\"mdjAuteur\">Anna Politkovska\u00efa<\/div>\n<div class=\"mdjComplements\">Anna Politkovska\u00efa a \u00e9t\u00e9 assassin\u00e9e \u00e0 Moscou le 7 octobre 2006 \u00e0 48 ans.<\/div>\n<div><img loading=\"lazy\" decoding=\"async\" class=\"size-medium wp-image-4138 alignleft\" src=\"https:\/\/lemotdujour.fr\/wp-content\/uploads\/2013\/10\/Anna-Politkovskaia-300x246.jpg\" alt=\"\" width=\"300\" height=\"246\" \/><\/div>\n<div class=\"mdjComplements\">On a retrouv\u00e9 son corps cribl\u00e9 de balles dans le hall de son immeuble le matin \u00e0 Moscou.<\/div>\n<div class=\"mdjComplements\">Un pistolet Makarov 9mm, arme pr\u00e9f\u00e9r\u00e9e des ex\u00e9cuteurs russes, a \u00e9t\u00e9 retrouv\u00e9 pr\u00e8s de son immeuble.<\/div>\n<div class=\"mdjComplements\">C&rsquo;\u00e9tait une journaliste russe et une militante des droits de l&rsquo;homme connue pour son opposition \u00e0 la politique du pr\u00e9sident Vladimir Poutine, sa couverture du conflit tch\u00e9tch\u00e8ne et ses critiques virulentes envers les autorit\u00e9s de la r\u00e9publique caucasienne.<\/div>\n<div class=\"mdjComplements\">Qu&rsquo;ai-je fait ?\u00a0\u00bb se demandait-elle, dans un texte retrouv\u00e9 sur son ordinateur apr\u00e8s sa mort, en rappelant que son exigence de v\u00e9rit\u00e9 la condamnait \u00e0 travailler comme \u00ab\u00a0clandestine\u00a0\u00bb et elle avait ajout\u00e9<\/div>\n<div class=\"mdjComplements\">\u00ab\u00a0J\u2019ai seulement \u00e9crit ce dont j\u2019\u00e9tais t\u00e9moin\u00a0\u00bb.<\/div>\n<div class=\"mdjComplements\"><a href=\"http:\/\/www.franceculture.fr\/oeuvre-qu-ai-je-fait-de-anna-politkovska%C3%AFa.html\"><span style=\"color: #0000ff;\">http:\/\/www.franceculture.fr\/oeuvre-qu-ai-je-fait-de-anna-politkovska%C3%AFa.html<\/span><\/a><\/div>\n<div class=\"mdjComplements\"><span style=\"color: #0000ff;\"><a style=\"color: #0000ff;\" href=\"http:\/\/fr.wikipedia.org\/wiki\/Anna_Politkovska%C3%AFa\">http:\/\/fr.wikipedia.org\/wiki\/Anna_Politkovska%C3%AFa<\/a><\/span><\/div>\n<div class=\"mdjComplements\">\n<p>Hier constituait le 7\u00e8me anniversaire de cet acte dont on ne conna\u00eetra probablement jamais le(s) vrai(s) commanditaire(s)<\/p>\n<p><span style=\"color: #800000;\">&lt;172&gt;<\/span><\/p>\n<\/div>\n","protected":false},"excerpt":{"rendered":"<p>Mardi 08 octobre 2013 \u00ab Qu\u2019ai-je fait ?&#8230; J\u2019ai seulement \u00e9crit ce dont j\u2019\u00e9tais t\u00e9moin.\u00bb Anna Politkovska\u00efa Anna Politkovska\u00efa a \u00e9t\u00e9 assassin\u00e9e \u00e0 Moscou le 7 octobre 2006 \u00e0 48 ans. On a retrouv\u00e9 son corps cribl\u00e9 de balles dans<\/p>\n","protected":false},"author":1,"featured_media":0,"comment_status":"closed","ping_status":"closed","sticky":false,"template":"","format":"standard","meta":{"footnotes":""},"categories":[1],"tags":[77,41,78],"class_list":["post-2225","post","type-post","status-publish","format-standard","hentry","category-motdujour","tag-democratie","tag-liberte","tag-russie"],"_links":{"self":[{"href":"https:\/\/lemotdujour.fr\/index.php?rest_route=\/wp\/v2\/posts\/2225","targetHints":{"allow":["GET"]}}],"collection":[{"href":"https:\/\/lemotdujour.fr\/index.php?rest_route=\/wp\/v2\/posts"}],"about":[{"href":"https:\/\/lemotdujour.fr\/index.php?rest_route=\/wp\/v2\/types\/post"}],"author":[{"embeddable":true,"href":"https:\/\/lemotdujour.fr\/index.php?rest_route=\/wp\/v2\/users\/1"}],"replies":[{"embeddable":true,"href":"https:\/\/lemotdujour.fr\/index.php?rest_route=%2Fwp%2Fv2%2Fcomments&post=2225"}],"version-history":[{"count":3,"href":"https:\/\/lemotdujour.fr\/index.php?rest_route=\/wp\/v2\/posts\/2225\/revisions"}],"predecessor-version":[{"id":4139,"href":"https:\/\/lemotdujour.fr\/index.php?rest_route=\/wp\/v2\/posts\/2225\/revisions\/4139"}],"wp:attachment":[{"href":"https:\/\/lemotdujour.fr\/index.php?rest_route=%2Fwp%2Fv2%2Fmedia&parent=2225"}],"wp:term":[{"taxonomy":"category","embeddable":true,"href":"https:\/\/lemotdujour.fr\/index.php?rest_route=%2Fwp%2Fv2%2Fcategories&post=2225"},{"taxonomy":"post_tag","embeddable":true,"href":"https:\/\/lemotdujour.fr\/index.php?rest_route=%2Fwp%2Fv2%2Ftags&post=2225"}],"curies":[{"name":"wp","href":"https:\/\/api.w.org\/{rel}","templated":true}]}}