{"id":2223,"date":"2013-10-04T02:00:00","date_gmt":"2013-10-03T22:00:00","guid":{"rendered":"http:\/\/lemotdujour.fr\/?p=2223"},"modified":"2017-05-20T16:02:05","modified_gmt":"2017-05-20T14:02:05","slug":"vendredi-04-octobre-2013","status":"publish","type":"post","link":"https:\/\/lemotdujour.fr\/?p=2223","title":{"rendered":"Vendredi 04 octobre 2013"},"content":{"rendered":"<div class=\"mdjDate\">Vendredi 04 octobre 2013<\/div>\n<div class=\"mdjTexte\">\u00abCe n&rsquo;est que de nos jours que les richesses ont engendr\u00e9 l&rsquo;avarice, le d\u00e9bordement des plaisirs, et je ne sais quelle fureur de se perdre et d&rsquo;ab\u00eemer l&rsquo;\u00e9tat avec soi dans le luxe et la d\u00e9bauche.\u00bb<\/div>\n<div class=\"mdjAuteur\">Tite-Live, Extrait de la pr\u00e9face de l\u2019histoire romaine<\/div>\n<div class=\"mdjComplements\">Dans l&rsquo;\u00e9mission de France Culture la \u00ab\u00a0Concordance des Temps\u00a0\u00bb du 21\/09\/2013, Jean-No\u00ebl Jeanneney a invit\u00e9 David Engels, professeur d\u2019histoire romaine \u00e0 l\u2019Universit\u00e9 libre de Bruxelles.<\/div>\n<div class=\"mdjComplements\">&lt;<a href=\"http:\/\/www.franceculture.fr\/emission-concordance-des-temps-chute-de-la-rome-republicaine-et-crise-de-l-europe-des-traits-communs\">http:\/\/www.franceculture.fr\/emission-concordance-des-temps-chute-de-la-rome-republicaine-et-crise-de-l-europe-des-traits-communs<\/a>&gt;<\/div>\n<div class=\"mdjComplements\">Ce jeune professeur vient de commettre un livre &lt;&lt; Le D\u00e9clin : La crise de l&rsquo;Union europ\u00e9enne et la chute de la R\u00e9publique romaine &#8211; analogies historiques&gt;&gt;, dans lequel il essaie une r\u00e9flexion globale sur un rapprochement in\u00e9dit \u00e0 deux milles ans de distance.<\/div>\n<div class=\"mdjComplements\">La concordance des temps qu\u2019il d\u00e9veloppe concerne l\u2019Union europ\u00e9enne en crise. Il la rapproche, dans un livre intitul\u00e9 significativement \u00ab le D\u00e9clin \u00bb, avec celui de la R\u00e9publique romaine tardive, \u00e9puisant son \u00e9nergie au profit de l\u2019\u00e9mergence de l\u2019Empire cr\u00e9\u00e9 par Auguste et consolid\u00e9 par ses successeurs.<\/div>\n<div class=\"mdjComplements\">Dans les deux cas, David Engels discerne une crise identitaire qui lui semble de plus grande cons\u00e9quence que les difficult\u00e9s \u00e9conomiques et m\u00eame les d\u00e9s\u00e9quilibres institutionnels.<\/div>\n<div class=\"mdjComplements\">Et il va jusqu\u2019\u00e0 tirer les cons\u00e9quences de ce parall\u00e8le pour se faire le proph\u00e8te des temps \u00e0 venir, en pr\u00e9voyant, en esp\u00e9rant peut-\u00eatre, une \u00e9volution de notre continent qui pourrait, selon lui, s\u2019organiser comme Rome, dans les premiers si\u00e8cles de notre \u00e8re, sous la forme de ce qu\u2019il appelle une Europe imp\u00e9riale mod\u00e9r\u00e9e.<\/div>\n<div class=\"mdjComplements\">Dans cette \u00e9mission et pour marquer ce rapprochement, il a cit\u00e9 le grand Historien romain Tite Live, dont voici un extrait plus large :<\/div>\n<div class=\"mdjCiter\">\u00ab\u00a0Mais ce qui importe, et doit occuper surtout l&rsquo;attention de chacun, c&rsquo;est de conna\u00eetre la vie et les m\u0153urs des premiers Romains, de savoir quels sont les hommes, quels sont les arts qui, dans la paix comme dans la guerre, ont fond\u00e9 notre puissance et l&rsquo;ont agrandie; de suivre enfin, par la pens\u00e9e, l&rsquo;affaiblissement insensible de la discipline et ce premier rel\u00e2chement dans les m\u0153urs qui, bient\u00f4t entra\u00een\u00e9es sur une pente tous les jours plus rapide, pr\u00e9cipit\u00e8rent leur chute jusqu&rsquo;\u00e0 ces derniers temps, o\u00f9 le rem\u00e8de est devenu aussi insupportable que le mal. Le principal et le plus salutaire avantage de l&rsquo;histoire, c&rsquo;est d&rsquo;exposer \u00e0 vos regards, dans un cadre lumineux, des enseignements de toute nature qui semblent vous dire : Voici ce que tu dois faire dans ton int\u00e9r\u00eat, dans celui de la r\u00e9publique; ce que tu dois \u00e9viter, car il y a honte \u00e0 le concevoir, honte \u00e0 l&rsquo;accomplir. Au reste, ou je m&rsquo;abuse sur mon ouvrage, ou jamais r\u00e9publique ne fut plus grande, plus sainte, plus f\u00e9conde en bons exemple : aucune n&rsquo;est rest\u00e9e plus longtemps ferm\u00e9e au luxe et \u00e0 la soif des richesses, plus longtemps fid\u00e8le au culte de la temp\u00e9rance et de la pauvret\u00e9, tant elle savait mesurer ses d\u00e9sirs \u00e0 sa fortune. Ce n&rsquo;est que de nos jours que les richesses ont engendr\u00e9 l&rsquo;avarice, le d\u00e9bordement des plaisirs, et je ne sais quelle fureur de se perdre et d&rsquo;ab\u00eemer l&rsquo;\u00e9tat avec soi dans le luxe et la d\u00e9bauche.\u00a0\u00bb<\/div>\n<div class=\"mdjComplements\">L\u00e0 encore Internet nous permet d\u2019acc\u00e9der \u00e0 cette \u0153uvre historique int\u00e9grale traduite en Fran\u00e7ais &gt;&gt;&gt; <a href=\"http:\/\/bcs.fltr.ucl.ac.be\/LIV\/I.html\">http:\/\/bcs.fltr.ucl.ac.be\/LIV\/I.html<\/a><\/div>\n<div class=\"mdjComplements\">Quand je pense que certains comme Alain Finkielkraut pense qu&rsquo;Internet constitue la fin de la culture..<\/div>\n","protected":false},"excerpt":{"rendered":"<p>Vendredi 04 octobre 2013 \u00abCe n&rsquo;est que de nos jours que les richesses ont engendr\u00e9 l&rsquo;avarice, le d\u00e9bordement des plaisirs, et je ne sais quelle fureur de se perdre et d&rsquo;ab\u00eemer l&rsquo;\u00e9tat avec soi dans le luxe et la d\u00e9bauche.\u00bb<\/p>\n","protected":false},"author":1,"featured_media":0,"comment_status":"closed","ping_status":"closed","sticky":false,"template":"","format":"standard","meta":{"footnotes":""},"categories":[1],"tags":[],"class_list":["post-2223","post","type-post","status-publish","format-standard","hentry","category-motdujour"],"_links":{"self":[{"href":"https:\/\/lemotdujour.fr\/index.php?rest_route=\/wp\/v2\/posts\/2223","targetHints":{"allow":["GET"]}}],"collection":[{"href":"https:\/\/lemotdujour.fr\/index.php?rest_route=\/wp\/v2\/posts"}],"about":[{"href":"https:\/\/lemotdujour.fr\/index.php?rest_route=\/wp\/v2\/types\/post"}],"author":[{"embeddable":true,"href":"https:\/\/lemotdujour.fr\/index.php?rest_route=\/wp\/v2\/users\/1"}],"replies":[{"embeddable":true,"href":"https:\/\/lemotdujour.fr\/index.php?rest_route=%2Fwp%2Fv2%2Fcomments&post=2223"}],"version-history":[{"count":1,"href":"https:\/\/lemotdujour.fr\/index.php?rest_route=\/wp\/v2\/posts\/2223\/revisions"}],"predecessor-version":[{"id":2224,"href":"https:\/\/lemotdujour.fr\/index.php?rest_route=\/wp\/v2\/posts\/2223\/revisions\/2224"}],"wp:attachment":[{"href":"https:\/\/lemotdujour.fr\/index.php?rest_route=%2Fwp%2Fv2%2Fmedia&parent=2223"}],"wp:term":[{"taxonomy":"category","embeddable":true,"href":"https:\/\/lemotdujour.fr\/index.php?rest_route=%2Fwp%2Fv2%2Fcategories&post=2223"},{"taxonomy":"post_tag","embeddable":true,"href":"https:\/\/lemotdujour.fr\/index.php?rest_route=%2Fwp%2Fv2%2Ftags&post=2223"}],"curies":[{"name":"wp","href":"https:\/\/api.w.org\/{rel}","templated":true}]}}