{"id":2219,"date":"2013-10-01T02:00:00","date_gmt":"2013-09-30T22:00:00","guid":{"rendered":"http:\/\/lemotdujour.fr\/?p=2219"},"modified":"2017-05-20T16:02:04","modified_gmt":"2017-05-20T14:02:04","slug":"mardi-01-octobre-2013","status":"publish","type":"post","link":"https:\/\/lemotdujour.fr\/?p=2219","title":{"rendered":"Mardi 01 octobre 2013"},"content":{"rendered":"<div class=\"mdjDate\">Mardi 01 octobre 2013<\/div>\n<div class=\"mdjTexte\">\u00abGAFA\u00bb<\/div>\n<div class=\"mdjAuteur\">Acronyme<\/div>\n<div class=\"mdjComplements\">C&rsquo;est encore l&rsquo;\u00e9mission de de l&rsquo;Eco du jour de France Inter (du 24\/09) qui me donne mati\u00e8re \u00e0 ce mot du jour.<\/div>\n<div class=\"mdjComplements\">Philippe Lef\u00e9bure : \u00ab\u00a0Quand il parle de Google, J\u00e9r\u00f4me Paris compare le moteur de recherche \u00e0 un \u00ab\u00a0ogre\u00a0\u00bb. Un \u00ab\u00a0ogre qui r\u00e8gne sur la plan\u00e8te enti\u00e8re\u00a0\u00bb et \u00ab\u00a0qui impose sa Loi\u00a0\u00bb.<\/div>\n<div class=\"mdjComplements\">J\u00e9r\u00f4me Paris se d\u00e9crit, lui, tout simplement comme un petit commer\u00e7ant. Il est install\u00e9 pr\u00e8s de Grenoble, patron d&rsquo;un magasin de chaussures et de mat\u00e9riel de sport, sp\u00e9cialis\u00e9 dans le hand, le volley, le badminton ou le squash.<\/div>\n<div class=\"mdjComplements\">Un march\u00e9 cibl\u00e9, \u00ab\u00a0de niche\u00a0\u00bb comme on dit, et qui passe, forc\u00e9ment aujourd&rsquo;hui, par internet. 2 tiers de son chiffre d&rsquo;affaires se r\u00e9alisent \u00ab\u00a0en ligne\u00a0\u00bb, et c&rsquo;est l\u00e0, \u00e9videmment, que son chemin croise celui du g\u00e9ant Google.<\/div>\n<div class=\"mdjComplements\">Pour capter de nouveaux clients, il doit, \u00e9videmment, se doter d&rsquo;un site internet accrocheur, s\u00e9curis\u00e9.<\/div>\n<div class=\"mdjComplements\">Mais il doit aussi veiller \u00e0 son \u00ab\u00a0r\u00e9f\u00e9rencement\u00a0\u00bb, autrement dit, sa visibilit\u00e9 sur la toile.<\/div>\n<div class=\"mdjComplements\">Google \u00e9tant devenu le standard mondial, il n&rsquo;y a donc que 2 solutions pour appara\u00eetre en bonne place dans les r\u00e9sultats d&rsquo;une recherche.<\/div>\n<div class=\"mdjComplements\">La premi\u00e8re c&rsquo;est payer Google, pour appara\u00eetre dans les toutes premi\u00e8res lignes. Ce commer\u00e7ant dit y consacrer mille euros par mois. Ce qui ne lui garantit pas, pour autant, d&rsquo;\u00eatre bien plac\u00e9, toute la journ\u00e9e, pour une recherche toute simple du style \u00ab\u00a0chaussure handball\u00a0\u00bb.<\/div>\n<div class=\"mdjComplements\">L&rsquo;autre solution, c&rsquo;est payer encore. Mais cette fois-ci un sp\u00e9cialiste du r\u00e9f\u00e9rencement, charg\u00e9 de deviner comment Google classe les sites. Une crainte domine, du coup: que Google d\u00e9cide de mani\u00e8re unilat\u00e9rale de changer sa fa\u00e7on de faire. \u00ab\u00a0Google, que je ne connais pas, dont je ne croise jamais un commercial, ni aucun repr\u00e9sentant, a le droit de vie et de mort sur mon activit\u00e9\u00a0\u00bb conclut le commer\u00e7ant.<\/div>\n<div class=\"mdjComplements\">C&rsquo;est la douloureuse exp\u00e9rience v\u00e9cue r\u00e9cemment par le site internet Twenga, un comparateur de prix. De jour au lendemain, il a perdu 30 \u00e0 40% de son audience, parce que Google venait de changer son algorithme. Dans un autre registre, r\u00e9cemment encore, c&rsquo;est l&rsquo;application fran\u00e7aise AppGratis, vir\u00e9e, d&rsquo;un clic, du magasin en ligne d&rsquo;Apple.<\/div>\n<div class=\"mdjComplements\">Toutes ces histoires montrent \u00e0 quel point, aujourd&rsquo;hui, une partie de notre \u00e9conomie d\u00e9pend, directement, des g\u00e9ants d&rsquo;internet. Tous am\u00e9ricains ou presque. C&rsquo;est la cons\u00e9quence d&rsquo;une bataille perdue, celle de l&rsquo;internet 2.0, et qui a engendr\u00e9 des \u00ab\u00a0monstres\u00a0\u00bb, les GAFA, acronyme de Google Apple Facebook Amazon&#8230; des g\u00e9ants qui \u00e9chappent aux imp\u00f4ts, manipulent nos donn\u00e9es personnelles, et g\u00e8re une partie notre \u00e9conomie.<\/div>\n<div class=\"mdjComplements\">Aujourd&rsquo;hui, \u00e0 Bercy, Fleur Pellerin, la ministre charg\u00e9 du secteur au sein du Minist\u00e8re du redressement productif, organise une r\u00e9union avec ses homologues europ\u00e9ens pour envisager une riposte. Qu&rsquo;on imagine compliqu\u00e9e. Sur la fiscalit\u00e9, ou l&rsquo;id\u00e9e d&rsquo;une r\u00e9gulation du secteur au niveau europ\u00e9en, le consensus va \u00eatre difficile \u00e0 trouver. Reste cette 3\u00e8me piste: travailler \u00e0 ne pas rater la 3\u00e8me r\u00e9volution d&rsquo;internet \u00e0 venir: le \u00ab\u00a0bigdata\u00a0\u00bb, le \u00ab\u00a0cloud\u00a0\u00bb, les objets connect\u00e9s. En favorisant l&rsquo;\u00e9mergence de champions europ\u00e9ens. Le contr\u00f4le de l&rsquo;internet 3.0 commence maintenant.<\/div>\n<div class=\"mdjComplements\"><a href=\"file:\/\/\/C:\\Users\\K-Alain\\Documents\\Priv\u00e9\\10-Le%20mot%20du%20jour\\Compilation\\%3e%3e%20http:\\www.franceinter.fr\\emission-leco-du-jour-la-chasse-aux-gafa\">&gt;&gt; http:\/\/www.franceinter.fr\/emission-leco-du-jour-la-chasse-aux-gafa<\/a><\/div>\n","protected":false},"excerpt":{"rendered":"<p>Mardi 01 octobre 2013 \u00abGAFA\u00bb Acronyme C&rsquo;est encore l&rsquo;\u00e9mission de de l&rsquo;Eco du jour de France Inter (du 24\/09) qui me donne mati\u00e8re \u00e0 ce mot du jour. Philippe Lef\u00e9bure : \u00ab\u00a0Quand il parle de Google, J\u00e9r\u00f4me Paris compare le<\/p>\n","protected":false},"author":1,"featured_media":0,"comment_status":"closed","ping_status":"closed","sticky":false,"template":"","format":"standard","meta":{"footnotes":""},"categories":[1],"tags":[],"class_list":["post-2219","post","type-post","status-publish","format-standard","hentry","category-motdujour"],"_links":{"self":[{"href":"https:\/\/lemotdujour.fr\/index.php?rest_route=\/wp\/v2\/posts\/2219","targetHints":{"allow":["GET"]}}],"collection":[{"href":"https:\/\/lemotdujour.fr\/index.php?rest_route=\/wp\/v2\/posts"}],"about":[{"href":"https:\/\/lemotdujour.fr\/index.php?rest_route=\/wp\/v2\/types\/post"}],"author":[{"embeddable":true,"href":"https:\/\/lemotdujour.fr\/index.php?rest_route=\/wp\/v2\/users\/1"}],"replies":[{"embeddable":true,"href":"https:\/\/lemotdujour.fr\/index.php?rest_route=%2Fwp%2Fv2%2Fcomments&post=2219"}],"version-history":[{"count":1,"href":"https:\/\/lemotdujour.fr\/index.php?rest_route=\/wp\/v2\/posts\/2219\/revisions"}],"predecessor-version":[{"id":2220,"href":"https:\/\/lemotdujour.fr\/index.php?rest_route=\/wp\/v2\/posts\/2219\/revisions\/2220"}],"wp:attachment":[{"href":"https:\/\/lemotdujour.fr\/index.php?rest_route=%2Fwp%2Fv2%2Fmedia&parent=2219"}],"wp:term":[{"taxonomy":"category","embeddable":true,"href":"https:\/\/lemotdujour.fr\/index.php?rest_route=%2Fwp%2Fv2%2Fcategories&post=2219"},{"taxonomy":"post_tag","embeddable":true,"href":"https:\/\/lemotdujour.fr\/index.php?rest_route=%2Fwp%2Fv2%2Ftags&post=2219"}],"curies":[{"name":"wp","href":"https:\/\/api.w.org\/{rel}","templated":true}]}}