{"id":2217,"date":"2013-09-30T02:00:00","date_gmt":"2013-09-29T22:00:00","guid":{"rendered":"http:\/\/lemotdujour.fr\/?p=2217"},"modified":"2017-05-20T16:02:03","modified_gmt":"2017-05-20T14:02:03","slug":"lundi-30-septembre-2013","status":"publish","type":"post","link":"https:\/\/lemotdujour.fr\/?p=2217","title":{"rendered":"Lundi 30 septembre 2013"},"content":{"rendered":"<div class=\"mdjDate\">Lundi 30 septembre 2013<\/div>\n<div class=\"mdjTexte\">\u00abLes manipulations id\u00e9ologiques et les escroqueries linguistiques de tous les instants font que les classes moyennes et les classes populaires sont dans un esp\u00e8ce de fatalisme, un endormissement g\u00e9n\u00e9ralis\u00e9.\u00bb<\/div>\n<div class=\"mdjAuteur\">Monique Pin\u00e7on-Charlot<\/div>\n<div class=\"mdjComplements\">Monique Pin\u00e7on-Charlot a tenu ces propos lors de l&rsquo;\u00e9mission de France Culture du 10\/09\/2013 &#8211; La grande table 2\u00e8me partie<\/div>\n<div class=\"mdjComplements\">Elle \u00e9tait invit\u00e9e avec son mari Michel Pin\u00e7on (pr\u00e8s de 140 ans \u00e0 deux) \u00e0 l\u2019occasion de la publication de leur livre \u00ab\u00a0La violence des riches\u00a0\u00bb (La D\u00e9couverte)<\/div>\n<div class=\"mdjComplements\">Michel Pin\u00e7on a ajout\u00e9 : \u00abPourquoi cette absence de r\u00e9action ? L&rsquo;id\u00e9ologie n\u00e9o lib\u00e9rale dominante pousse \u00e0 la recherche de solutions individuelles, la solidarit\u00e9 qui autrefois \u00e9tait une caract\u00e9ristique de la classe ouvri\u00e8re se d\u00e9lite, se d\u00e9grade.\u00bb<\/div>\n<div class=\"mdjComplements\"><a href=\"http:\/\/www.franceculture.fr\/emission-la-grande-table-2eme-partie-la-guerre-des-classes-aura-bien-lieu-2013-09-10\">http:\/\/www.franceculture.fr\/emission-la-grande-table-2eme-partie-la-guerre-des-classes-aura-bien-lieu-2013-09-10<\/a><\/div>\n<div class=\"mdjComplements\">L&rsquo;\u00e9mission Infra Rouge sur France 2 du 01\/10\/2013 (22h50) sera aussi consacr\u00e9e \u00e0 ce livre.<\/div>\n<div class=\"mdjComplements\">Les sociologues Michel et Monique Pin\u00e7on-Charlot d\u00e9cortiquent le monde des riches, leurs r\u00e9seaux, leurs h\u00e9ritiers, leur monde ferm\u00e9, leur cooptation et plus que tout leur compr\u00e9hension des rapports de classe et leur certitude au-del\u00e0 des conflits qui peuvent exister entre eux, d&rsquo;appartenir \u00e0 une classe sociale sp\u00e9cifique qui doit s&rsquo;imposer dans le combat intellectuel mais surtout dans le combat d&rsquo;int\u00e9r\u00eat par rapport aux autres classes.<\/div>\n<div class=\"mdjComplements\">C&rsquo;est ce qu&rsquo;ils expliquent dans leur livre \u00ab\u00a0la violence des riches, chronique d&rsquo;une immense casse sociale\u00a0\u00bb qui vient de para\u00eetre<\/div>\n","protected":false},"excerpt":{"rendered":"<p>Lundi 30 septembre 2013 \u00abLes manipulations id\u00e9ologiques et les escroqueries linguistiques de tous les instants font que les classes moyennes et les classes populaires sont dans un esp\u00e8ce de fatalisme, un endormissement g\u00e9n\u00e9ralis\u00e9.\u00bb Monique Pin\u00e7on-Charlot Monique Pin\u00e7on-Charlot a tenu ces<\/p>\n","protected":false},"author":1,"featured_media":0,"comment_status":"closed","ping_status":"closed","sticky":false,"template":"","format":"standard","meta":{"footnotes":""},"categories":[1],"tags":[],"class_list":["post-2217","post","type-post","status-publish","format-standard","hentry","category-motdujour"],"_links":{"self":[{"href":"https:\/\/lemotdujour.fr\/index.php?rest_route=\/wp\/v2\/posts\/2217","targetHints":{"allow":["GET"]}}],"collection":[{"href":"https:\/\/lemotdujour.fr\/index.php?rest_route=\/wp\/v2\/posts"}],"about":[{"href":"https:\/\/lemotdujour.fr\/index.php?rest_route=\/wp\/v2\/types\/post"}],"author":[{"embeddable":true,"href":"https:\/\/lemotdujour.fr\/index.php?rest_route=\/wp\/v2\/users\/1"}],"replies":[{"embeddable":true,"href":"https:\/\/lemotdujour.fr\/index.php?rest_route=%2Fwp%2Fv2%2Fcomments&post=2217"}],"version-history":[{"count":1,"href":"https:\/\/lemotdujour.fr\/index.php?rest_route=\/wp\/v2\/posts\/2217\/revisions"}],"predecessor-version":[{"id":2218,"href":"https:\/\/lemotdujour.fr\/index.php?rest_route=\/wp\/v2\/posts\/2217\/revisions\/2218"}],"wp:attachment":[{"href":"https:\/\/lemotdujour.fr\/index.php?rest_route=%2Fwp%2Fv2%2Fmedia&parent=2217"}],"wp:term":[{"taxonomy":"category","embeddable":true,"href":"https:\/\/lemotdujour.fr\/index.php?rest_route=%2Fwp%2Fv2%2Fcategories&post=2217"},{"taxonomy":"post_tag","embeddable":true,"href":"https:\/\/lemotdujour.fr\/index.php?rest_route=%2Fwp%2Fv2%2Ftags&post=2217"}],"curies":[{"name":"wp","href":"https:\/\/api.w.org\/{rel}","templated":true}]}}