{"id":2215,"date":"2013-09-27T02:00:00","date_gmt":"2013-09-26T22:00:00","guid":{"rendered":"http:\/\/lemotdujour.fr\/?p=2215"},"modified":"2017-07-14T19:12:31","modified_gmt":"2017-07-14T17:12:31","slug":"vendredi-27-septembre-2013","status":"publish","type":"post","link":"https:\/\/lemotdujour.fr\/?p=2215","title":{"rendered":"Vendredi 27 septembre 2013"},"content":{"rendered":"<div class=\"mdjDate\">Vendredi 27 septembre 2013<\/div>\n<div class=\"mdjTexte\">\u00abC\u2019est de l\u2019enfer des pauvres qu\u2019est fait le paradis des riches.\u00bb<\/div>\n<div class=\"mdjAuteur\">Victor Hugo &#8211; L&rsquo;homme qui rit &#8211; Livre deuxi\u00e8me, chapitre 11<\/div>\n<p>Le paragraphe dans son entier\u00a0:<\/p>\n<div class=\"mdjCiter\">\u00abOui, murmura Gwynplaine pensif,<\/div>\n<div class=\"mdjCiter\">c\u2019est de l\u2019enfer des pauvres<\/div>\n<div class=\"mdjCiter\">qu\u2019est fait le paradis des riches.\u00bb<\/div>\n<p>Je pense qu&rsquo;aujourd&rsquo;hui ce mot de Victor Hugo reprend tout son sens&#8230;<\/p>\n<p>Lors de l&rsquo;\u00e9mission du 23\/09\/2013 de L&rsquo;Eco du Jour de France Inter, Philippe Lef\u00e9bure a montr\u00e9 une des faces du mod\u00e8le allemand, ce mod\u00e8le tant vant\u00e9, en racontant une histoire de l&rsquo;\u00e9conomie quotidienne :<\/p>\n<div class=\"mdjCiter\" style=\"padding-left: 30px;\"><span style=\"color: #800000;\">\u00ab\u00a0Il y a quelques mois, cette jeune Fran\u00e7aise, install\u00e9e \u00e0 Berlin, depuis 2 ans, a racont\u00e9 sur le site Rue89, ses d\u00e9convenues sur le march\u00e9 du travail berlinois. Par la m\u00eame, elle a d\u00e9crit l&rsquo;envers du d\u00e9cor d&rsquo;une r\u00e9ussite allemande, beaucoup envi\u00e9e \u00e0 l&rsquo;\u00e9tranger (et, notamment, en France), le \u00ab\u00a0boom\u00a0\u00bb, ici, des start-ups internet.<\/span><\/div>\n<div class=\"mdjCiter\" style=\"padding-left: 30px;\"><span style=\"color: #800000;\">A tel point qu&rsquo;on surnomme Berlin, la \u00ab\u00a0Silicon Allee\u00a0\u00bb, dans une r\u00e9f\u00e9rence facile \u00e0 la Silicon Valley californienne. [&#8230;]C&rsquo;est l&rsquo;exp\u00e9rience malheureuse de Mathilde, qui ignorait, en arrivant ici, qu&rsquo;il n&rsquo;existe pas de salaire minimum en Allemagne: c&rsquo;\u00e9tait un des th\u00e8mes de la campagne, on le sait. Mathilde, du coup, en a fait la douloureuse exp\u00e9rience: \u00e0 son premier entretien d&#8217;embauche, elle a pens\u00e9 qu&rsquo;on lui proposait un mi-temps pour 650 euros par mois. Non, il s&rsquo;agissait bien d&rsquo;un contrat de 40 heures par semaine.<\/span><\/div>\n<div class=\"mdjCiter\" style=\"padding-left: 30px;\"><span style=\"color: #800000;\">Dans les start-ups qu&rsquo;elle a fr\u00e9quent\u00e9 par la suite, c&rsquo;est la \u00ab\u00a0pr\u00e9carit\u00e9 qui domine\u00a0\u00bb raconte-t-elle. Quand ce n&rsquo;est pas un statut de stagiaire, on y pousse, souvent, les jeunes dans le statut \u00ab\u00a0ind\u00e9pendant\u00a0\u00bb.<\/span><\/div>\n<div class=\"mdjCiter\" style=\"padding-left: 30px;\"><span style=\"color: #800000;\">Des \u00ab\u00a0free lance\u00a0\u00bb, qui, du coup, remplissent les caf\u00e9s de la ville \u00e0 la recherche d&rsquo;une connexion internet pour travailler. Certains y trouvent leur compte. Pas Mathilde, une Fran\u00e7aise de Berlin qui se classe, sans h\u00e9siter, parmi les \u00ab\u00a0d\u00e9\u00e7us\u00a0\u00bb du mod\u00e8le allemand.\u00a0\u00bb<\/span><\/div>\n<div class=\"mdjComplements\">Par ailleurs, saviez-vous que vous pouviez lire en ligne et t\u00e9l\u00e9charger \u00ab\u00a0L&rsquo;homme qui rit\u00a0\u00bb et bien d&rsquo;autres livres sur Wikisource ?<\/div>\n<div class=\"mdjComplements\">ici&gt;&gt;&gt; <span style=\"color: #0000ff;\"><a href=\"http:\/\/fr.wikisource.org\/wiki\/L%E2%80%99Homme_qui_rit\"><span style=\"color: #0000ff;\">L&rsquo;Homme_qui_rit<\/span><\/a><\/span><\/div>\n<div><span style=\"color: #800000;\">&lt;167&gt;<\/span><\/div>\n","protected":false},"excerpt":{"rendered":"<p>Vendredi 27 septembre 2013 \u00abC\u2019est de l\u2019enfer des pauvres qu\u2019est fait le paradis des riches.\u00bb Victor Hugo &#8211; L&rsquo;homme qui rit &#8211; Livre deuxi\u00e8me, chapitre 11 Le paragraphe dans son entier\u00a0: \u00abOui, murmura Gwynplaine pensif, c\u2019est de l\u2019enfer des pauvres<\/p>\n","protected":false},"author":1,"featured_media":0,"comment_status":"closed","ping_status":"closed","sticky":false,"template":"","format":"standard","meta":{"footnotes":""},"categories":[1],"tags":[47,10,14],"class_list":["post-2215","post","type-post","status-publish","format-standard","hentry","category-motdujour","tag-allemagne","tag-economie","tag-recit"],"_links":{"self":[{"href":"https:\/\/lemotdujour.fr\/index.php?rest_route=\/wp\/v2\/posts\/2215","targetHints":{"allow":["GET"]}}],"collection":[{"href":"https:\/\/lemotdujour.fr\/index.php?rest_route=\/wp\/v2\/posts"}],"about":[{"href":"https:\/\/lemotdujour.fr\/index.php?rest_route=\/wp\/v2\/types\/post"}],"author":[{"embeddable":true,"href":"https:\/\/lemotdujour.fr\/index.php?rest_route=\/wp\/v2\/users\/1"}],"replies":[{"embeddable":true,"href":"https:\/\/lemotdujour.fr\/index.php?rest_route=%2Fwp%2Fv2%2Fcomments&post=2215"}],"version-history":[{"count":4,"href":"https:\/\/lemotdujour.fr\/index.php?rest_route=\/wp\/v2\/posts\/2215\/revisions"}],"predecessor-version":[{"id":2786,"href":"https:\/\/lemotdujour.fr\/index.php?rest_route=\/wp\/v2\/posts\/2215\/revisions\/2786"}],"wp:attachment":[{"href":"https:\/\/lemotdujour.fr\/index.php?rest_route=%2Fwp%2Fv2%2Fmedia&parent=2215"}],"wp:term":[{"taxonomy":"category","embeddable":true,"href":"https:\/\/lemotdujour.fr\/index.php?rest_route=%2Fwp%2Fv2%2Fcategories&post=2215"},{"taxonomy":"post_tag","embeddable":true,"href":"https:\/\/lemotdujour.fr\/index.php?rest_route=%2Fwp%2Fv2%2Ftags&post=2215"}],"curies":[{"name":"wp","href":"https:\/\/api.w.org\/{rel}","templated":true}]}}