{"id":2211,"date":"2013-09-25T02:00:00","date_gmt":"2013-09-24T22:00:00","guid":{"rendered":"http:\/\/lemotdujour.fr\/?p=2211"},"modified":"2017-05-20T16:01:59","modified_gmt":"2017-05-20T14:01:59","slug":"mercredi-25-septembre-2013","status":"publish","type":"post","link":"https:\/\/lemotdujour.fr\/?p=2211","title":{"rendered":"Mercredi 25 septembre 2013"},"content":{"rendered":"<div class=\"mdjDate\">Mercredi 25 septembre 2013<\/div>\n<div class=\"mdjTexte\">\u00ab\u00a0Quand tu n&rsquo;as que deux solutions, <br \/>choisis toujours la troisi\u00e8me\u00a0\u00bb<\/div>\n<div class=\"mdjAuteur\">Humour juif<\/div>\n<div class=\"mdjComplements\">Cit\u00e9 par Daniel Cohn-Bendit le 24\/09 lors de son billet d&rsquo;humeur sur Europe 1\u00a0:<\/div>\n<div class=\"mdjComplements\"><a href=\"http:\/\/www.europe1.fr\/MediaCenter\/Emissions\/Daniel-Cohn-Bendit\/\">http:\/\/www.europe1.fr\/MediaCenter\/Emissions\/Daniel-Cohn-Bendit\/<\/a><\/div>\n<div class=\"mdjComplements\">C&rsquo;est manifestement de l&rsquo;humour, mais pas que&#8230;<\/div>\n<div class=\"mdjComplements\">C&rsquo;est aussi un conseil \u00e0 ne pas se laisser enfermer dans le conformisme.<\/div>\n<div class=\"mdjComplements\">C&rsquo;est encore une invitation \u00e0 l&rsquo;innovation et \u00e0 la cr\u00e9ativit\u00e9.<\/div>\n<div class=\"mdjComplements\">Revenons une nouvelle fois vers Einstein qui justement \u00e9tait juif.<\/div>\n<div class=\"mdjComplements\">La voie universitaire lui avait \u00e9t\u00e9 ferm\u00e9e, il a d\u00fb se r\u00e9soudre \u00e0 travailler dans l&rsquo;office des brevets de Berne.<\/div>\n<div class=\"mdjComplements\">Les historiens des sciences montrent qu&rsquo;\u00e0 l&rsquo;\u00e9poque de grands scientifiques, ins\u00e9r\u00e9s dans l&rsquo;institution universitaire, tel Poincar\u00e9 \u00e9tait tout pr\u00e8s de d\u00e9couvrir la th\u00e9orie de la relativit\u00e9.<\/div>\n<div class=\"mdjComplements\">Mais enferm\u00e9s dans la tradition et les dogmes, ils n&rsquo;y sont pas parvenus.<\/div>\n<div class=\"mdjComplements\">C&rsquo;est Einstein qui a trouv\u00e9 la troisi\u00e8me solution.<\/div>\n","protected":false},"excerpt":{"rendered":"<p>Mercredi 25 septembre 2013 \u00ab\u00a0Quand tu n&rsquo;as que deux solutions, choisis toujours la troisi\u00e8me\u00a0\u00bb Humour juif Cit\u00e9 par Daniel Cohn-Bendit le 24\/09 lors de son billet d&rsquo;humeur sur Europe 1\u00a0: http:\/\/www.europe1.fr\/MediaCenter\/Emissions\/Daniel-Cohn-Bendit\/ C&rsquo;est manifestement de l&rsquo;humour, mais pas que&#8230; C&rsquo;est aussi<\/p>\n","protected":false},"author":1,"featured_media":0,"comment_status":"closed","ping_status":"closed","sticky":false,"template":"","format":"standard","meta":{"footnotes":""},"categories":[1],"tags":[],"class_list":["post-2211","post","type-post","status-publish","format-standard","hentry","category-motdujour"],"_links":{"self":[{"href":"https:\/\/lemotdujour.fr\/index.php?rest_route=\/wp\/v2\/posts\/2211","targetHints":{"allow":["GET"]}}],"collection":[{"href":"https:\/\/lemotdujour.fr\/index.php?rest_route=\/wp\/v2\/posts"}],"about":[{"href":"https:\/\/lemotdujour.fr\/index.php?rest_route=\/wp\/v2\/types\/post"}],"author":[{"embeddable":true,"href":"https:\/\/lemotdujour.fr\/index.php?rest_route=\/wp\/v2\/users\/1"}],"replies":[{"embeddable":true,"href":"https:\/\/lemotdujour.fr\/index.php?rest_route=%2Fwp%2Fv2%2Fcomments&post=2211"}],"version-history":[{"count":1,"href":"https:\/\/lemotdujour.fr\/index.php?rest_route=\/wp\/v2\/posts\/2211\/revisions"}],"predecessor-version":[{"id":2212,"href":"https:\/\/lemotdujour.fr\/index.php?rest_route=\/wp\/v2\/posts\/2211\/revisions\/2212"}],"wp:attachment":[{"href":"https:\/\/lemotdujour.fr\/index.php?rest_route=%2Fwp%2Fv2%2Fmedia&parent=2211"}],"wp:term":[{"taxonomy":"category","embeddable":true,"href":"https:\/\/lemotdujour.fr\/index.php?rest_route=%2Fwp%2Fv2%2Fcategories&post=2211"},{"taxonomy":"post_tag","embeddable":true,"href":"https:\/\/lemotdujour.fr\/index.php?rest_route=%2Fwp%2Fv2%2Ftags&post=2211"}],"curies":[{"name":"wp","href":"https:\/\/api.w.org\/{rel}","templated":true}]}}