{"id":2209,"date":"2013-09-24T02:00:00","date_gmt":"2013-09-23T22:00:00","guid":{"rendered":"http:\/\/lemotdujour.fr\/?p=2209"},"modified":"2017-05-20T16:01:57","modified_gmt":"2017-05-20T14:01:57","slug":"mardi-24-septembre-2013","status":"publish","type":"post","link":"https:\/\/lemotdujour.fr\/?p=2209","title":{"rendered":"Mardi 24 septembre 2013"},"content":{"rendered":"<div class=\"mdjDate\">Mardi 24 septembre 2013<\/div>\n<div class=\"mdjTexte\">Les enfants de la guerre Ne sont pas des enfants<br \/>Ils ont [&#8230;] pris des cimeti\u00e8res Pour des jardins d&rsquo;enfants.\u00bb<\/div>\n<div class=\"mdjAuteur\">Charles Aznavour<\/div>\n<div class=\"mdjComplements\">Polina Jerebtsova, auteur du \u00ab\u00a0Journal de Polina, Une adolescente tch\u00e9tch\u00e8ne\u00a0\u00bb \u00e9tait l&rsquo;invit\u00e9e des Matins de France Culture de ce Mardi 24 septembre 2014.<\/div>\n<div class=\"mdjComplements\">Elle raconte comment l&rsquo;arm\u00e9e russe a op\u00e9r\u00e9 dans ce pays avec Vladimir Poutine dans le r\u00f4le de Bachar el-Assad.<\/div>\n<div class=\"mdjComplements\">Jusqu&rsquo;en 1945, nous autres europ\u00e9ens, \u00e9tions les champions du monde de la guerre, de la violence, des massacres.<\/div>\n<div class=\"mdjComplements\">Depuis nous nous sommes calm\u00e9s et apais\u00e9s. Et nous oublions qu&rsquo;ailleurs, en Syrie, en Tch\u00e9tch\u00e9nie en Somalie et dans d&rsquo;autres pays africains, des guerres civiles d&rsquo;une violence extr\u00eame ont lieu de notre vivant.<\/div>\n<div class=\"mdjComplements\">Comme je l&rsquo;ai d\u00e9j\u00e0 racont\u00e9 ce ne sont pas des bons qui affrontent des m\u00e9chants, mais des chefs de guerre criminels qui s&rsquo;affrontent entre eux.<\/div>\n<div class=\"mdjComplements\">Mais au milieu de ces combats se trouvent des familles, des enfants comme Polina Jerebtsova qui n&rsquo;en peuvent rien et qui se trouvent au milieu des bombes et des massacres.<\/div>\n<div class=\"mdjComplements\">Brice Couturier, lors de l&rsquo;\u00e9mission a \u00e9voqu\u00e9 cette chanson d&rsquo;Aznavour qui raconte \u00ab\u00a0les choses de la vie\u00a0\u00bb pendant la guerre : La chanson \u00ab Les enfants de la guerre \u00bb a \u00e9t\u00e9 interpr\u00e9t\u00e9e par Charles Aznavour et appara\u00eet sur l&rsquo;album De t&rsquo;avoir aim\u00e9e (1966)<\/div>\n<div class=\"mdjComplements\"><em>Paroles de la chanson :<\/em><\/div>\n<table>\n<tr>\n<td>\n<div class=\"mdjCiter\">Les enfants de la guerre<\/div>\n<div class=\"mdjCiter\">Ne sont pas des enfants<\/div>\n<div class=\"mdjCiter\">Ils ont l&rsquo;\u00e2ge de pierre<\/div>\n<div class=\"mdjCiter\">Du fer et du sang<\/div>\n<div class=\"mdjCiter\">Sur les larmes de m\u00e8res<\/div>\n<div class=\"mdjCiter\">Ils ont ouvert les yeux<\/div>\n<div class=\"mdjCiter\">Par des jours sans myst\u00e8re<\/div>\n<div class=\"mdjCiter\">Et sur un monde en feu<\/div>\n<div class=\"mdjCiter\">Les enfants de la guerre<\/div>\n<div class=\"mdjCiter\">Ne sont pas des enfants<\/div>\n<div class=\"mdjCiter\">Ils ont connu la terre<\/div>\n<div class=\"mdjCiter\">\u00c0 feu et \u00e0 sang<\/div>\n<div class=\"mdjCiter\">Ils ont eu des chim\u00e8res<\/div>\n<div class=\"mdjCiter\">Pour aiguiser leurs dents<\/div>\n<div class=\"mdjCiter\">Et pris des cimeti\u00e8res<\/div>\n<div class=\"mdjCiter\">Pour des jardins d&rsquo;enfants<\/div>\n<div class=\"mdjCiter\">Ces enfants de l&rsquo;orage<\/div>\n<div class=\"mdjCiter\">Et des jours incertains<\/div>\n<div class=\"mdjCiter\">Qui avaient le visage<\/div>\n<div class=\"mdjCiter\">Creus\u00e9 par la faim<\/div>\n<div class=\"mdjCiter\">Ont vieilli avant l&rsquo;\u00e2ge<\/div>\n<div class=\"mdjCiter\">Et grandi sans secours<\/div>\n<div class=\"mdjCiter\">Sans toucher l&rsquo;h\u00e9ritage<\/div>\n<div class=\"mdjCiter\">Que doit l\u00e9guer l&rsquo;amour<\/div>\n<\/td>\n<td>\n<div class=\"mdjCiter\">Les enfants de la guerre<\/div>\n<div class=\"mdjCiter\">Ne sont pas des enfants<\/div>\n<div class=\"mdjCiter\">Ils ont vu la col\u00e8re<\/div>\n<div class=\"mdjCiter\">\u00c9touffer leurs chants<\/div>\n<div class=\"mdjCiter\">Ont appris \u00e0 se taire<\/div>\n<div class=\"mdjCiter\">Et \u00e0 serrer les poings<\/div>\n<div class=\"mdjCiter\">Quand les voix mensong\u00e8res<\/div>\n<div class=\"mdjCiter\">Leur dictaient leur destin<\/div>\n<div class=\"mdjCiter\">Les enfants de la guerre<\/div>\n<div class=\"mdjCiter\">Ne sont pas des enfants<\/div>\n<div class=\"mdjCiter\">Avec leur mine fi\u00e8re<\/div>\n<div class=\"mdjCiter\">Et leurs yeux trop grands<\/div>\n<div class=\"mdjCiter\">Ils ont vu la mis\u00e8re<\/div>\n<div class=\"mdjCiter\">Recouvrir leurs \u00e9lans<\/div>\n<div class=\"mdjCiter\">Et des mains \u00e9trang\u00e8res<\/div>\n<div class=\"mdjCiter\">\u00c9gorger leurs printemps<\/div>\n<\/td>\n<td>\n<div class=\"mdjCiter\">Ces enfants sans enfance<\/div>\n<div class=\"mdjCiter\">Sans jeunesse et sans joie<\/div>\n<div class=\"mdjCiter\">Qui tremblaient sans d\u00e9fense<\/div>\n<div class=\"mdjCiter\">De peine et de froid<\/div>\n<div class=\"mdjCiter\">Qui d\u00e9fiaient la souffrance<\/div>\n<div class=\"mdjCiter\">Et taisaient leurs \u00e9mois<\/div>\n<div class=\"mdjCiter\">Mais vivaient d&rsquo;esp\u00e9rance<\/div>\n<div class=\"mdjCiter\">Sont comme toi et moi<\/div>\n<div class=\"mdjCiter\">Des amants de mis\u00e8re<\/div>\n<div class=\"mdjCiter\">De malheureux amants<\/div>\n<div class=\"mdjCiter\">Aux amours singuli\u00e8res<\/div>\n<div class=\"mdjCiter\">Aux r\u00eaves changeants<\/div>\n<div class=\"mdjCiter\">Qui cherchent la lumi\u00e8re<\/div>\n<div class=\"mdjCiter\">Mais la craignent pourtant<\/div>\n<div class=\"mdjCiter\">Car les amants de la guerre<\/div>\n<div class=\"mdjCiter\">Sont rest\u00e9s des enfants<\/div>\n<\/td>\n<\/tr>\n<\/table>\n","protected":false},"excerpt":{"rendered":"<p>Mardi 24 septembre 2013 Les enfants de la guerre Ne sont pas des enfantsIls ont [&#8230;] pris des cimeti\u00e8res Pour des jardins d&rsquo;enfants.\u00bb Charles Aznavour Polina Jerebtsova, auteur du \u00ab\u00a0Journal de Polina, Une adolescente tch\u00e9tch\u00e8ne\u00a0\u00bb \u00e9tait l&rsquo;invit\u00e9e des Matins de<\/p>\n","protected":false},"author":1,"featured_media":0,"comment_status":"closed","ping_status":"closed","sticky":false,"template":"","format":"standard","meta":{"footnotes":""},"categories":[1],"tags":[],"class_list":["post-2209","post","type-post","status-publish","format-standard","hentry","category-motdujour"],"_links":{"self":[{"href":"https:\/\/lemotdujour.fr\/index.php?rest_route=\/wp\/v2\/posts\/2209","targetHints":{"allow":["GET"]}}],"collection":[{"href":"https:\/\/lemotdujour.fr\/index.php?rest_route=\/wp\/v2\/posts"}],"about":[{"href":"https:\/\/lemotdujour.fr\/index.php?rest_route=\/wp\/v2\/types\/post"}],"author":[{"embeddable":true,"href":"https:\/\/lemotdujour.fr\/index.php?rest_route=\/wp\/v2\/users\/1"}],"replies":[{"embeddable":true,"href":"https:\/\/lemotdujour.fr\/index.php?rest_route=%2Fwp%2Fv2%2Fcomments&post=2209"}],"version-history":[{"count":1,"href":"https:\/\/lemotdujour.fr\/index.php?rest_route=\/wp\/v2\/posts\/2209\/revisions"}],"predecessor-version":[{"id":2210,"href":"https:\/\/lemotdujour.fr\/index.php?rest_route=\/wp\/v2\/posts\/2209\/revisions\/2210"}],"wp:attachment":[{"href":"https:\/\/lemotdujour.fr\/index.php?rest_route=%2Fwp%2Fv2%2Fmedia&parent=2209"}],"wp:term":[{"taxonomy":"category","embeddable":true,"href":"https:\/\/lemotdujour.fr\/index.php?rest_route=%2Fwp%2Fv2%2Fcategories&post=2209"},{"taxonomy":"post_tag","embeddable":true,"href":"https:\/\/lemotdujour.fr\/index.php?rest_route=%2Fwp%2Fv2%2Ftags&post=2209"}],"curies":[{"name":"wp","href":"https:\/\/api.w.org\/{rel}","templated":true}]}}