{"id":2207,"date":"2013-09-23T02:00:00","date_gmt":"2013-09-22T22:00:00","guid":{"rendered":"http:\/\/lemotdujour.fr\/?p=2207"},"modified":"2017-05-20T16:01:55","modified_gmt":"2017-05-20T14:01:55","slug":"lundi-23-septembre-2013","status":"publish","type":"post","link":"https:\/\/lemotdujour.fr\/?p=2207","title":{"rendered":"Lundi 23 septembre 2013"},"content":{"rendered":"<div class=\"mdjDate\">Lundi 23 septembre 2013<\/div>\n<div class=\"mdjTexte\">\u00abRoland Garros\u00bb<\/div>\n<div class=\"mdjAuteur\">Roland Garros<\/div>\n<div class=\"mdjComplements\">Il y a 100 ans, Roland Garros qui \u00e9tait aviateur et non un joueur de tennis a effectu\u00e9 la premi\u00e8re travers\u00e9e a\u00e9rienne de la m\u00e9diterran\u00e9e.<\/div>\n<div class=\"mdjComplements\">C&rsquo;est gr\u00e2ce \u00e0 Google et \u00e0 son Doodle du jour que cet anniversaire nous est rappel\u00e9<\/div>\n<div class=\"mdjComplements\">Roland Adrien Georges Garros, est n\u00e9 le 6 octobre 1888 \u00e0 Saint-Denis de La R\u00e9union. C&rsquo;est un aviateur fran\u00e7ais, lieutenant pilote lors de la Premi\u00e8re Guerre mondiale, mort dans un combat a\u00e9rien le 5 octobre 1918 \u00e0 Saint-Morel (Ardennes), la veille de ses 30 ans. Sa c\u00e9l\u00e9brit\u00e9 est d&rsquo;abord venue de ses exploits sportifs en aviation, et surtout de la toute premi\u00e8re travers\u00e9e a\u00e9rienne de la M\u00e9diterran\u00e9e, qu&rsquo;il effectue le 23 septembre 1913. Aujourd&rsquo;hui, son nom reste associ\u00e9 au tournoi des Internationaux de France de tennis, car il se d\u00e9roule dans le stade qui porte son nom depuis sa construction en 1928.<\/div>\n<div class=\"mdjComplements\">J&rsquo;ai cherch\u00e9, en vain,  un mot du jour associ\u00e9 \u00e0 Angela Merkel qu&rsquo;un journal de Berlin a nomm\u00e9 \u00ab\u00a0la ch\u00e9rie de l&rsquo;Allemagne\u00a0\u00bb, mais je n&rsquo;ai rien trouv\u00e9 ni de s\u00e9rieux, ni de dr\u00f4le \u00e0 raconter. Il para\u00eet que la France cherche un leader charismatique et l&rsquo;Allemagne pl\u00e9biscite Merkel.<\/div>\n<div class=\"mdjComplements\">Finalement je pense que Roland Garros est un bon choix pour le mot du jour.<\/div>\n","protected":false},"excerpt":{"rendered":"<p>Lundi 23 septembre 2013 \u00abRoland Garros\u00bb Roland Garros Il y a 100 ans, Roland Garros qui \u00e9tait aviateur et non un joueur de tennis a effectu\u00e9 la premi\u00e8re travers\u00e9e a\u00e9rienne de la m\u00e9diterran\u00e9e. C&rsquo;est gr\u00e2ce \u00e0 Google et \u00e0 son<\/p>\n","protected":false},"author":1,"featured_media":0,"comment_status":"closed","ping_status":"closed","sticky":false,"template":"","format":"standard","meta":{"footnotes":""},"categories":[1],"tags":[],"class_list":["post-2207","post","type-post","status-publish","format-standard","hentry","category-motdujour"],"_links":{"self":[{"href":"https:\/\/lemotdujour.fr\/index.php?rest_route=\/wp\/v2\/posts\/2207","targetHints":{"allow":["GET"]}}],"collection":[{"href":"https:\/\/lemotdujour.fr\/index.php?rest_route=\/wp\/v2\/posts"}],"about":[{"href":"https:\/\/lemotdujour.fr\/index.php?rest_route=\/wp\/v2\/types\/post"}],"author":[{"embeddable":true,"href":"https:\/\/lemotdujour.fr\/index.php?rest_route=\/wp\/v2\/users\/1"}],"replies":[{"embeddable":true,"href":"https:\/\/lemotdujour.fr\/index.php?rest_route=%2Fwp%2Fv2%2Fcomments&post=2207"}],"version-history":[{"count":1,"href":"https:\/\/lemotdujour.fr\/index.php?rest_route=\/wp\/v2\/posts\/2207\/revisions"}],"predecessor-version":[{"id":2208,"href":"https:\/\/lemotdujour.fr\/index.php?rest_route=\/wp\/v2\/posts\/2207\/revisions\/2208"}],"wp:attachment":[{"href":"https:\/\/lemotdujour.fr\/index.php?rest_route=%2Fwp%2Fv2%2Fmedia&parent=2207"}],"wp:term":[{"taxonomy":"category","embeddable":true,"href":"https:\/\/lemotdujour.fr\/index.php?rest_route=%2Fwp%2Fv2%2Fcategories&post=2207"},{"taxonomy":"post_tag","embeddable":true,"href":"https:\/\/lemotdujour.fr\/index.php?rest_route=%2Fwp%2Fv2%2Ftags&post=2207"}],"curies":[{"name":"wp","href":"https:\/\/api.w.org\/{rel}","templated":true}]}}