{"id":2205,"date":"2013-09-20T02:00:00","date_gmt":"2013-09-19T22:00:00","guid":{"rendered":"http:\/\/lemotdujour.fr\/?p=2205"},"modified":"2017-05-20T16:01:55","modified_gmt":"2017-05-20T14:01:55","slug":"vendredi-20-septembre-2013","status":"publish","type":"post","link":"https:\/\/lemotdujour.fr\/?p=2205","title":{"rendered":"Vendredi 20 septembre 2013"},"content":{"rendered":"<div class=\"mdjDate\">Vendredi 20 septembre 2013<\/div>\n<div class=\"mdjTexte\">\u00abIl n&rsquo;est pas de vent favorable pour qui ne conna\u00eet pas son port d&rsquo;attache.\u00bb<\/div>\n<div class=\"mdjAuteur\">S\u00e9n\u00e8que<\/div>\n<div class=\"mdjComplements\">\u00c9loignons nous un peu de l&rsquo;actualit\u00e9 pour revenir aux vieux sages :<\/div>\n<div class=\"mdjComplements\">S\u00e9n\u00e8que est un philosophe de l&rsquo;\u00e9cole sto\u00efcienne.<\/div>\n<div class=\"mdjComplements\">Conseiller \u00e0 la cour imp\u00e9riale sous Caligula et il fut le pr\u00e9cepteur de N\u00e9ron<\/div>\n<div class=\"mdjComplements\">N\u00e9ron lui demandera de mourir et il se suicida en s&rsquo;ouvrant les veines en l&rsquo;an 65 de notre \u00e8re.<\/div>\n<div class=\"mdjComplements\">Pour l&rsquo;amateur d&rsquo;op\u00e9ra que je suis, la mort de S\u00e9n\u00e8que est un moment magique du premier chef d\u2019\u0153uvre que l&rsquo;op\u00e9ra occidental a donn\u00e9 \u00e0 l&rsquo;humanit\u00e9 : \u00ab\u00a0Le couronnement de Popp\u00e9e\u00a0\u00bb de Monteverdi\u00a0: <a href=\"https:\/\/www.youtube.com\/watch?v=PJELKH9kl_s\">https:\/\/www.youtube.com\/watch?v=PJELKH9kl_s<\/a><\/div>\n<div class=\"mdjComplements\">On ne chante plus l\u2019op\u00e9r\u00e9 baroque ainsi, mais si vous voulez entendre dans cet air, une des plus grandes basses de l\u2019Histoire de l\u2019op\u00e9ra\u00a0: Boris Christoff, c\u2019est ici\u00a0: <a href=\"https:\/\/www.youtube.com\/watch?v=2HC0rvqmejk\">https:\/\/www.youtube.com\/watch?v=2HC0rvqmejk<\/a><\/div>\n","protected":false},"excerpt":{"rendered":"<p>Vendredi 20 septembre 2013 \u00abIl n&rsquo;est pas de vent favorable pour qui ne conna\u00eet pas son port d&rsquo;attache.\u00bb S\u00e9n\u00e8que \u00c9loignons nous un peu de l&rsquo;actualit\u00e9 pour revenir aux vieux sages : S\u00e9n\u00e8que est un philosophe de l&rsquo;\u00e9cole sto\u00efcienne. Conseiller \u00e0<\/p>\n","protected":false},"author":1,"featured_media":0,"comment_status":"closed","ping_status":"closed","sticky":false,"template":"","format":"standard","meta":{"footnotes":""},"categories":[1],"tags":[],"class_list":["post-2205","post","type-post","status-publish","format-standard","hentry","category-motdujour"],"_links":{"self":[{"href":"https:\/\/lemotdujour.fr\/index.php?rest_route=\/wp\/v2\/posts\/2205","targetHints":{"allow":["GET"]}}],"collection":[{"href":"https:\/\/lemotdujour.fr\/index.php?rest_route=\/wp\/v2\/posts"}],"about":[{"href":"https:\/\/lemotdujour.fr\/index.php?rest_route=\/wp\/v2\/types\/post"}],"author":[{"embeddable":true,"href":"https:\/\/lemotdujour.fr\/index.php?rest_route=\/wp\/v2\/users\/1"}],"replies":[{"embeddable":true,"href":"https:\/\/lemotdujour.fr\/index.php?rest_route=%2Fwp%2Fv2%2Fcomments&post=2205"}],"version-history":[{"count":1,"href":"https:\/\/lemotdujour.fr\/index.php?rest_route=\/wp\/v2\/posts\/2205\/revisions"}],"predecessor-version":[{"id":2206,"href":"https:\/\/lemotdujour.fr\/index.php?rest_route=\/wp\/v2\/posts\/2205\/revisions\/2206"}],"wp:attachment":[{"href":"https:\/\/lemotdujour.fr\/index.php?rest_route=%2Fwp%2Fv2%2Fmedia&parent=2205"}],"wp:term":[{"taxonomy":"category","embeddable":true,"href":"https:\/\/lemotdujour.fr\/index.php?rest_route=%2Fwp%2Fv2%2Fcategories&post=2205"},{"taxonomy":"post_tag","embeddable":true,"href":"https:\/\/lemotdujour.fr\/index.php?rest_route=%2Fwp%2Fv2%2Ftags&post=2205"}],"curies":[{"name":"wp","href":"https:\/\/api.w.org\/{rel}","templated":true}]}}