{"id":2203,"date":"2013-09-19T02:00:00","date_gmt":"2013-09-18T22:00:00","guid":{"rendered":"http:\/\/lemotdujour.fr\/?p=2203"},"modified":"2017-05-20T16:01:54","modified_gmt":"2017-05-20T14:01:54","slug":"jeudi-19-septembre-2013","status":"publish","type":"post","link":"https:\/\/lemotdujour.fr\/?p=2203","title":{"rendered":"Jeudi 19 septembre 2013"},"content":{"rendered":"<div class=\"mdjDate\">Jeudi 19 septembre 2013<\/div>\n<div class=\"mdjTexte\">\u00abEntre le pessimisme d\u00e9sesp\u00e9r\u00e9 et l&rsquo;optimisme satisfait, <br \/>la seule certitude raisonnable est le volontarisme.\u00bb<\/div>\n<div class=\"mdjAuteur\">Albert Jacquard, lors d&rsquo;une interview, \u00e0 l&rsquo;occasion de la sortie de son livre \u00ab\u00a0Utopie raisonnable\u00a0\u00bb<\/div>\n<div class=\"mdjComplements\">Ce propos est tr\u00e8s proche du fondateur du PC italien Antonio Gramsci : \u00ab Il faut allier le pessimisme de l&rsquo;intelligence \u00e0 l&rsquo;optimisme de la volont\u00e9 \u00bb.<\/div>\n<div class=\"mdjComplements\">La citation exacte, traduit litt\u00e9ralement de l&rsquo;italien, (selon Wikipedia) est : \u00ab Je suis pessimiste avec l&rsquo;intelligence, mais optimiste par la volont\u00e9 \u00bb ; elle est extraite d&rsquo;une lettre \u00e0 son fr\u00e8re Carlo \u00e9crite en prison, le 19 d\u00e9cembre 1929 (Cahiers de prison, Gallimard, Paris, 1978-92). On parle souvent, \u00e0 propos de cette citation, d&#8217;emprunt \u00e0 Romain Rolland, sans citer de source ; on notera en revanche l&rsquo;\u00e9cho \u00e0 l&rsquo;aphorisme d&rsquo;Alain, tir\u00e9 de ses Propos: \u00ab Le pessimisme est d&rsquo;humeur, l&rsquo;optimisme est de volont\u00e9. \u00bb (Toujours selon Wikipedia.)<\/div>\n","protected":false},"excerpt":{"rendered":"<p>Jeudi 19 septembre 2013 \u00abEntre le pessimisme d\u00e9sesp\u00e9r\u00e9 et l&rsquo;optimisme satisfait, la seule certitude raisonnable est le volontarisme.\u00bb Albert Jacquard, lors d&rsquo;une interview, \u00e0 l&rsquo;occasion de la sortie de son livre \u00ab\u00a0Utopie raisonnable\u00a0\u00bb Ce propos est tr\u00e8s proche du fondateur<\/p>\n","protected":false},"author":1,"featured_media":0,"comment_status":"closed","ping_status":"closed","sticky":false,"template":"","format":"standard","meta":{"footnotes":""},"categories":[1],"tags":[],"class_list":["post-2203","post","type-post","status-publish","format-standard","hentry","category-motdujour"],"_links":{"self":[{"href":"https:\/\/lemotdujour.fr\/index.php?rest_route=\/wp\/v2\/posts\/2203","targetHints":{"allow":["GET"]}}],"collection":[{"href":"https:\/\/lemotdujour.fr\/index.php?rest_route=\/wp\/v2\/posts"}],"about":[{"href":"https:\/\/lemotdujour.fr\/index.php?rest_route=\/wp\/v2\/types\/post"}],"author":[{"embeddable":true,"href":"https:\/\/lemotdujour.fr\/index.php?rest_route=\/wp\/v2\/users\/1"}],"replies":[{"embeddable":true,"href":"https:\/\/lemotdujour.fr\/index.php?rest_route=%2Fwp%2Fv2%2Fcomments&post=2203"}],"version-history":[{"count":1,"href":"https:\/\/lemotdujour.fr\/index.php?rest_route=\/wp\/v2\/posts\/2203\/revisions"}],"predecessor-version":[{"id":2204,"href":"https:\/\/lemotdujour.fr\/index.php?rest_route=\/wp\/v2\/posts\/2203\/revisions\/2204"}],"wp:attachment":[{"href":"https:\/\/lemotdujour.fr\/index.php?rest_route=%2Fwp%2Fv2%2Fmedia&parent=2203"}],"wp:term":[{"taxonomy":"category","embeddable":true,"href":"https:\/\/lemotdujour.fr\/index.php?rest_route=%2Fwp%2Fv2%2Fcategories&post=2203"},{"taxonomy":"post_tag","embeddable":true,"href":"https:\/\/lemotdujour.fr\/index.php?rest_route=%2Fwp%2Fv2%2Ftags&post=2203"}],"curies":[{"name":"wp","href":"https:\/\/api.w.org\/{rel}","templated":true}]}}