{"id":2201,"date":"2013-09-18T02:00:00","date_gmt":"2013-09-17T22:00:00","guid":{"rendered":"http:\/\/lemotdujour.fr\/?p=2201"},"modified":"2024-07-21T23:57:57","modified_gmt":"2024-07-21T21:57:57","slug":"mercredi-18-septembre-2013","status":"publish","type":"post","link":"https:\/\/lemotdujour.fr\/?p=2201","title":{"rendered":"Mercredi 18 septembre 2013"},"content":{"rendered":"<div class=\"mdjDate\">Mercredi 18 septembre 2013<\/div>\n<div class=\"mdjTexte\">\u00abLe Droit ne fait pas Justice.\u00bb<\/div>\n<div class=\"mdjAuteur\">Fran\u00e7ois Sureau<\/div>\n<div class=\"mdjComplements\">Ce propos, qui me para\u00eet plein de sens, a \u00e9t\u00e9 tenu le 14\/09\/2013 dans l&rsquo;\u00e9mission \u00ab\u00a0les Matins de France Culture\u00a0\u00bb par Fran\u00e7ois Sureau.<\/div>\n<div class=\"mdjComplements\">Fran\u00e7ois Sureau est avocat, il s&rsquo;occupe notamment des r\u00e9fugi\u00e9s politiques pour les d\u00e9fendre devant l&rsquo;Administration et les Tribunaux fran\u00e7ais.<\/div>\n<div class=\"mdjComplements\">Mais avant, il a \u00e9t\u00e9 ma\u00eetre de requ\u00eates au Conseil d&rsquo;Etat.<\/div>\n<div class=\"mdjComplements\">Il a alors v\u00e9cu un \u00e9pisode qui l&rsquo;a marqu\u00e9 \u00e0 jamais et avec lequel il doit vivre.<\/div>\n<div class=\"mdjComplements\">Nous \u00e9tions au d\u00e9but des ann\u00e9es 1980. Fra\u00eechement sorti de l\u2019ENA, le jeune juriste d\u00e9barque au Palais-Royal, \u00e9merveill\u00e9 de si\u00e9ger au milieu des ma\u00eetres du droit qui ont enthousiasm\u00e9 ses \u00e9tudes.<\/div>\n<div class=\"mdjComplements\">Le bonheur se teintant toujours de d\u00e9senchantement chez Sureau, il se voit affect\u00e9 dans une obscure section, o\u00f9 il traite de d\u00e9membrement rural et de l\u2019indemnisation compliqu\u00e9e des rapatri\u00e9s d\u2019Alg\u00e9rie.<\/div>\n<div class=\"mdjComplements\">Puis avec enthousiasme, il accepte de rejoindre la commission qui statue sur le sort des demandeurs d\u2019asile ayant essuy\u00e9 un refus de l\u2019Office fran\u00e7ais de protection des r\u00e9fugi\u00e9s et apatrides (Ofpra).<\/div>\n<div class=\"mdjComplements\">Et c&rsquo;est l\u00e0 que sa vie va croiser celle de Javier Ibarrategui, militant basque exil\u00e9 en France. Ce dernier demande l&rsquo;asile politique \u00e0 la France, car il se dit menac\u00e9 de mort dans son pays.<\/div>\n<div class=\"mdjComplements\">Pour la justice fran\u00e7aise, l&rsquo;affaire est d\u00e9licate. Acc\u00e9der \u00e0 cette demande, c&rsquo;est nier le retour de l&rsquo;Espagne \u00e0 la d\u00e9mocratie et \u00e0 l&rsquo;\u00c9tat de droit.<\/div>\n<div class=\"mdjComplements\">Javier Ibarrategui, dit \u00e0 la commission \u00ab\u00a0si vous me renvoyez en Espagne, je serai assassin\u00e9.\u00a0\u00bb<\/div>\n<div class=\"mdjComplements\">Dans cette affaire, le Droit a \u00e9t\u00e9 dit : la demande de Javier Ibarrategui a \u00e9t\u00e9 refus\u00e9e.<\/div>\n<div class=\"mdjComplements\">Il est donc retourn\u00e9 en Espagne et des groupes d&rsquo;extr\u00eame droite, des anciens franquistes, l&rsquo;ont assassin\u00e9.<\/div>\n<div class=\"mdjComplements\">C&rsquo;\u00e9tait le Droit, ce n&rsquo;\u00e9tait pas la Justice.<\/div>\n<div class=\"mdjComplements\">Fran\u00e7ois Sureau a expliqu\u00e9 pendant l&rsquo;\u00e9mission :<\/div>\n<div class=\"mdjCiter\">\u00ab\u00a0Ce que le Droit vise \u00e0 faire, c&rsquo;est \u00e0 maintenir l&rsquo;ordre public.<\/div>\n<div class=\"mdjCiter\">R\u00e9aliser ce compromis tout \u00e0 fait \u00e9trange entre les demandes individuelles, l&rsquo;Int\u00e9r\u00eat G\u00e9n\u00e9ral, les n\u00e9cessit\u00e9s du Bien commun, s&rsquo;incarnant dans des normes quelquefois contradictoires.<\/div>\n<div class=\"mdjCiter\">Le Droit, sert \u00e0 \u00e9viter l&rsquo;arbitraire<\/div>\n<div class=\"mdjCiter\">L&rsquo;arbitraire public, Javier Ibarrategui a pu s&rsquo;expliquer devant un juge, la d\u00e9cision a \u00e9t\u00e9 prise dans le cadre d&rsquo;une proc\u00e9dure document\u00e9e.<\/div>\n<div class=\"mdjCiter\">L&rsquo;arbitraire priv\u00e9 comme interdire \u00e0 une personne \u00e0 se faire justice soi-m\u00eame.<\/div>\n<div class=\"mdjCiter\">En r\u00e9sum\u00e9 : \u00e9viter un mal social pire\u00a0\u00bb<\/div>\n<div class=\"mdjComplements\">De la d\u00e9cision de la commission et du drame qui en d\u00e9coulera Fran\u00e7ois Sureau a tir\u00e9 un bref r\u00e9cit dont j&rsquo;ai lu plusieurs critiques tr\u00e8s enthousiastes :<\/div>\n<div class=\"mdjCiter\">Fran\u00e7ois Sureau<\/div>\n<div class=\"mdjCiter\">Le chemin des morts<\/div>\n<div class=\"mdjCiter\">Collection Blanche, Gallimard<\/div>\n<div class=\"mdjCiter\">Parution 05-09-2013<\/div>\n<div><span style=\"color: #800000;\">&lt;160&gt;<\/span><\/div>\n","protected":false},"excerpt":{"rendered":"<p>Mercredi 18 septembre 2013 \u00abLe Droit ne fait pas Justice.\u00bb Fran\u00e7ois Sureau Ce propos, qui me para\u00eet plein de sens, a \u00e9t\u00e9 tenu le 14\/09\/2013 dans l&rsquo;\u00e9mission \u00ab\u00a0les Matins de France Culture\u00a0\u00bb par Fran\u00e7ois Sureau. Fran\u00e7ois Sureau est avocat, il<\/p>\n","protected":false},"author":1,"featured_media":0,"comment_status":"open","ping_status":"closed","sticky":false,"template":"","format":"standard","meta":{"footnotes":""},"categories":[1],"tags":[16,18,14],"class_list":["post-2201","post","type-post","status-publish","format-standard","hentry","category-motdujour","tag-droit","tag-international","tag-recit"],"_links":{"self":[{"href":"https:\/\/lemotdujour.fr\/index.php?rest_route=\/wp\/v2\/posts\/2201","targetHints":{"allow":["GET"]}}],"collection":[{"href":"https:\/\/lemotdujour.fr\/index.php?rest_route=\/wp\/v2\/posts"}],"about":[{"href":"https:\/\/lemotdujour.fr\/index.php?rest_route=\/wp\/v2\/types\/post"}],"author":[{"embeddable":true,"href":"https:\/\/lemotdujour.fr\/index.php?rest_route=\/wp\/v2\/users\/1"}],"replies":[{"embeddable":true,"href":"https:\/\/lemotdujour.fr\/index.php?rest_route=%2Fwp%2Fv2%2Fcomments&post=2201"}],"version-history":[{"count":2,"href":"https:\/\/lemotdujour.fr\/index.php?rest_route=\/wp\/v2\/posts\/2201\/revisions"}],"predecessor-version":[{"id":2779,"href":"https:\/\/lemotdujour.fr\/index.php?rest_route=\/wp\/v2\/posts\/2201\/revisions\/2779"}],"wp:attachment":[{"href":"https:\/\/lemotdujour.fr\/index.php?rest_route=%2Fwp%2Fv2%2Fmedia&parent=2201"}],"wp:term":[{"taxonomy":"category","embeddable":true,"href":"https:\/\/lemotdujour.fr\/index.php?rest_route=%2Fwp%2Fv2%2Fcategories&post=2201"},{"taxonomy":"post_tag","embeddable":true,"href":"https:\/\/lemotdujour.fr\/index.php?rest_route=%2Fwp%2Fv2%2Ftags&post=2201"}],"curies":[{"name":"wp","href":"https:\/\/api.w.org\/{rel}","templated":true}]}}