{"id":2197,"date":"2013-09-16T02:00:00","date_gmt":"2013-09-15T22:00:00","guid":{"rendered":"http:\/\/lemotdujour.fr\/?p=2197"},"modified":"2017-05-20T16:01:52","modified_gmt":"2017-05-20T14:01:52","slug":"lundi-16-septembre-2013","status":"publish","type":"post","link":"https:\/\/lemotdujour.fr\/?p=2197","title":{"rendered":"Lundi 16 septembre 2013"},"content":{"rendered":"<div class=\"mdjDate\">Lundi 16 septembre 2013<\/div>\n<div class=\"mdjTexte\">Ne nous f\u00e2chons pas\u00bb<\/div>\n<div class=\"mdjAuteur\">Michel Audiard<\/div>\n<div class=\"mdjComplements\">Le titre de ce film de Georges Lautner \u00e9crit par Audiard, sorti le 20 avril 1966, m&rsquo;est revenu en m\u00e9moire apr\u00e8s toutes les tribulations autour d&rsquo;une intervention en Syrie, o\u00f9 les Etats-Unis ne savent plus quoi inventer pour blanchir la ligne rouge, voire la gommer.<\/div>\n<div class=\"mdjComplements\">Dans ce film, en fin de compte Lino Ventura se f\u00e2che vraiment et fait beaucoup de d\u00e9g\u00e2ts \u00e0 l&rsquo;\u00e9gard d&rsquo;un groupe d&rsquo;individus qui n&rsquo;a pas su prendre la voie de la diplomatie.<\/div>\n<div class=\"mdjComplements\">Pour ma part, le dvd m&rsquo;avait \u00e9t\u00e9 pr\u00eat\u00e9 par un ami dijonnais. Et avec mon \u00e9pouse, nous l&rsquo;avons regard\u00e9 avec beaucoup de plaisir et pass\u00e9 une excellente soir\u00e9e, le soir du second tour de l&rsquo;\u00e9lection pr\u00e9sidentielle de 2007.<\/div>\n","protected":false},"excerpt":{"rendered":"<p>Lundi 16 septembre 2013 Ne nous f\u00e2chons pas\u00bb Michel Audiard Le titre de ce film de Georges Lautner \u00e9crit par Audiard, sorti le 20 avril 1966, m&rsquo;est revenu en m\u00e9moire apr\u00e8s toutes les tribulations autour d&rsquo;une intervention en Syrie, o\u00f9<\/p>\n","protected":false},"author":1,"featured_media":0,"comment_status":"closed","ping_status":"closed","sticky":false,"template":"","format":"standard","meta":{"footnotes":""},"categories":[1],"tags":[],"class_list":["post-2197","post","type-post","status-publish","format-standard","hentry","category-motdujour"],"_links":{"self":[{"href":"https:\/\/lemotdujour.fr\/index.php?rest_route=\/wp\/v2\/posts\/2197","targetHints":{"allow":["GET"]}}],"collection":[{"href":"https:\/\/lemotdujour.fr\/index.php?rest_route=\/wp\/v2\/posts"}],"about":[{"href":"https:\/\/lemotdujour.fr\/index.php?rest_route=\/wp\/v2\/types\/post"}],"author":[{"embeddable":true,"href":"https:\/\/lemotdujour.fr\/index.php?rest_route=\/wp\/v2\/users\/1"}],"replies":[{"embeddable":true,"href":"https:\/\/lemotdujour.fr\/index.php?rest_route=%2Fwp%2Fv2%2Fcomments&post=2197"}],"version-history":[{"count":1,"href":"https:\/\/lemotdujour.fr\/index.php?rest_route=\/wp\/v2\/posts\/2197\/revisions"}],"predecessor-version":[{"id":2198,"href":"https:\/\/lemotdujour.fr\/index.php?rest_route=\/wp\/v2\/posts\/2197\/revisions\/2198"}],"wp:attachment":[{"href":"https:\/\/lemotdujour.fr\/index.php?rest_route=%2Fwp%2Fv2%2Fmedia&parent=2197"}],"wp:term":[{"taxonomy":"category","embeddable":true,"href":"https:\/\/lemotdujour.fr\/index.php?rest_route=%2Fwp%2Fv2%2Fcategories&post=2197"},{"taxonomy":"post_tag","embeddable":true,"href":"https:\/\/lemotdujour.fr\/index.php?rest_route=%2Fwp%2Fv2%2Ftags&post=2197"}],"curies":[{"name":"wp","href":"https:\/\/api.w.org\/{rel}","templated":true}]}}