{"id":2195,"date":"2013-09-13T02:00:00","date_gmt":"2013-09-12T22:00:00","guid":{"rendered":"http:\/\/lemotdujour.fr\/?p=2195"},"modified":"2017-05-20T16:01:52","modified_gmt":"2017-05-20T14:01:52","slug":"vendredi-13-septembre-2013","status":"publish","type":"post","link":"https:\/\/lemotdujour.fr\/?p=2195","title":{"rendered":"Vendredi 13 septembre 2013"},"content":{"rendered":"<div class=\"mdjDate\">Vendredi 13 septembre 2013<\/div>\n<div class=\"mdjTexte\">\u00abN&rsquo;\u00e9teignez pas la lumi\u00e8re en sortant, <br \/>c&rsquo;est bon pour la croissance.\u00bb<\/div>\n<div class=\"mdjAuteur\">Patrick Cohen<\/div>\n<div class=\"mdjComplements\">Chaque vendredi, lors de l&rsquo;\u00e9mission d&rsquo;information le 7-9 de France Inter a lieu le d\u00e9bat \u00e9conomique entre Bernard Maris et Dominique Seux.<\/div>\n<div class=\"mdjComplements\">Le premier plut\u00f4t \u00ab\u00a0gauche \u00e9colo\u00a0\u00bb et le second, digne repr\u00e9sentant des Echos et du lib\u00e9ralisme orthodoxe.<\/div>\n<div class=\"mdjComplements\">Le 6 septembre il d\u00e9battait de la croissance.<\/div>\n<div class=\"mdjComplements\">Bernard Maris expliquait que le petit rebond de croissance du PIB qu&rsquo;on constate en ce moment \u00e9tait, pour grande partie, la cons\u00e9quence d&rsquo;une augmentation de la consommation d&rsquo;\u00e9nergie en France. Il s&rsquo;est alors lanc\u00e9 dans une explication pragmatique des cons\u00e9quences de ce constat :<\/div>\n<div class=\"mdjComplements\">\u00ab Quand Dominique Seux vient en en voiture, il fait de la croissance. Quand il y a des embouteillages, il est encore plus content parce qu&rsquo;il consomme davantage et fait encore plus de croissance. Moi je suis venu en v\u00e9lo en slalomant entre les voitures, moi je n&rsquo;ai pas fait de croissance\u00bb<\/div>\n<div class=\"mdjComplements\">Apr\u00e8s cette belle v\u00e9rit\u00e9, l&rsquo;animateur du 7\/9 Patrick Cohen a termin\u00e9 l&rsquo;\u00e9mission en disant : \u00ab\u00a0et n&rsquo;\u00e9teignez pas la lumi\u00e8re en sortant, c&rsquo;est bon pour la croissance\u00a0\u00bb\u00a0: <a href=\"http:\/\/www.franceinter.fr\/reecouter-diffusions\/436453\">http:\/\/www.franceinter.fr\/reecouter-diffusions\/436453<\/a><\/div>\n","protected":false},"excerpt":{"rendered":"<p>Vendredi 13 septembre 2013 \u00abN&rsquo;\u00e9teignez pas la lumi\u00e8re en sortant, c&rsquo;est bon pour la croissance.\u00bb Patrick Cohen Chaque vendredi, lors de l&rsquo;\u00e9mission d&rsquo;information le 7-9 de France Inter a lieu le d\u00e9bat \u00e9conomique entre Bernard Maris et Dominique Seux. Le<\/p>\n","protected":false},"author":1,"featured_media":0,"comment_status":"closed","ping_status":"closed","sticky":false,"template":"","format":"standard","meta":{"footnotes":""},"categories":[1],"tags":[],"class_list":["post-2195","post","type-post","status-publish","format-standard","hentry","category-motdujour"],"_links":{"self":[{"href":"https:\/\/lemotdujour.fr\/index.php?rest_route=\/wp\/v2\/posts\/2195","targetHints":{"allow":["GET"]}}],"collection":[{"href":"https:\/\/lemotdujour.fr\/index.php?rest_route=\/wp\/v2\/posts"}],"about":[{"href":"https:\/\/lemotdujour.fr\/index.php?rest_route=\/wp\/v2\/types\/post"}],"author":[{"embeddable":true,"href":"https:\/\/lemotdujour.fr\/index.php?rest_route=\/wp\/v2\/users\/1"}],"replies":[{"embeddable":true,"href":"https:\/\/lemotdujour.fr\/index.php?rest_route=%2Fwp%2Fv2%2Fcomments&post=2195"}],"version-history":[{"count":1,"href":"https:\/\/lemotdujour.fr\/index.php?rest_route=\/wp\/v2\/posts\/2195\/revisions"}],"predecessor-version":[{"id":2196,"href":"https:\/\/lemotdujour.fr\/index.php?rest_route=\/wp\/v2\/posts\/2195\/revisions\/2196"}],"wp:attachment":[{"href":"https:\/\/lemotdujour.fr\/index.php?rest_route=%2Fwp%2Fv2%2Fmedia&parent=2195"}],"wp:term":[{"taxonomy":"category","embeddable":true,"href":"https:\/\/lemotdujour.fr\/index.php?rest_route=%2Fwp%2Fv2%2Fcategories&post=2195"},{"taxonomy":"post_tag","embeddable":true,"href":"https:\/\/lemotdujour.fr\/index.php?rest_route=%2Fwp%2Fv2%2Ftags&post=2195"}],"curies":[{"name":"wp","href":"https:\/\/api.w.org\/{rel}","templated":true}]}}