{"id":2191,"date":"2013-09-11T02:00:00","date_gmt":"2013-09-10T22:00:00","guid":{"rendered":"http:\/\/lemotdujour.fr\/?p=2191"},"modified":"2017-05-20T16:01:51","modified_gmt":"2017-05-20T14:01:51","slug":"mercredi-11-septembre-2013","status":"publish","type":"post","link":"https:\/\/lemotdujour.fr\/?p=2191","title":{"rendered":"Mercredi 11 septembre 2013"},"content":{"rendered":"<div class=\"mdjDate\">Mercredi 11 septembre 2013<\/div>\n<div class=\"mdjTexte\">\u00ab\u00a0La politique ne consiste pas \u00e0 r\u00e9soudre des probl\u00e8mes compliqu\u00e9s mais \u00e0 vivre avec des probl\u00e8mes insolubles\u00a0\u00bb<\/div>\n<div class=\"mdjAuteur\">Edgar Faure<\/div>\n<div class=\"mdjComplements\">Cit\u00e9 par Jean-Louis Bourlanges \u00e0 l&rsquo;\u00e9mission \u00ab\u00a0l&rsquo;Esprit public\u00a0\u00bb de France Culture du 8 septembre 2013<\/div>\n<div class=\"mdjComplements\">C&rsquo;est quand m\u00eame mieux que cet avis : \u00a0\u00bb La politique, ce n&rsquo;est pas de r\u00e9soudre les probl\u00e8mes, c&rsquo;est de faire taire ceux qui les posent.\u00a0\u00bb Henri Queuille<\/div>\n<div class=\"mdjComplements\">A ce propos, Eric Dupin auteur de \u00ab\u00a0la victoire empoisonn\u00e9e\u00a0\u00bb a r\u00e9v\u00e9l\u00e9 que lors d&rsquo;un des entretiens qu&rsquo;il avait eu avec notre pr\u00e9sident actuel, avant \u00ab\u00a0la victoire empoisonn\u00e9e\u00a0\u00bb, ce dernier lui disait son admiration pour Henri Queuille. Eric Dupin lui r\u00e9pondant qu&rsquo;il lui semblait que les fran\u00e7ais attendaient plut\u00f4t un Roosevelt et qu&rsquo;avec Henri Queuille il risquait d&rsquo;\u00eatre un peu d\u00e9\u00e7u&#8230;<\/div>\n<div class=\"mdjComplements\">\u00ab\u00a0Quand on conna\u00eet les mod\u00e8les des gouvernants, on comprend mieux leurs actions\u00a0\u00bb \u00e7a c&rsquo;est de moi\u2026<\/div>\n","protected":false},"excerpt":{"rendered":"<p>Mercredi 11 septembre 2013 \u00ab\u00a0La politique ne consiste pas \u00e0 r\u00e9soudre des probl\u00e8mes compliqu\u00e9s mais \u00e0 vivre avec des probl\u00e8mes insolubles\u00a0\u00bb Edgar Faure Cit\u00e9 par Jean-Louis Bourlanges \u00e0 l&rsquo;\u00e9mission \u00ab\u00a0l&rsquo;Esprit public\u00a0\u00bb de France Culture du 8 septembre 2013 C&rsquo;est quand<\/p>\n","protected":false},"author":1,"featured_media":0,"comment_status":"closed","ping_status":"closed","sticky":false,"template":"","format":"standard","meta":{"footnotes":""},"categories":[1],"tags":[],"class_list":["post-2191","post","type-post","status-publish","format-standard","hentry","category-motdujour"],"_links":{"self":[{"href":"https:\/\/lemotdujour.fr\/index.php?rest_route=\/wp\/v2\/posts\/2191","targetHints":{"allow":["GET"]}}],"collection":[{"href":"https:\/\/lemotdujour.fr\/index.php?rest_route=\/wp\/v2\/posts"}],"about":[{"href":"https:\/\/lemotdujour.fr\/index.php?rest_route=\/wp\/v2\/types\/post"}],"author":[{"embeddable":true,"href":"https:\/\/lemotdujour.fr\/index.php?rest_route=\/wp\/v2\/users\/1"}],"replies":[{"embeddable":true,"href":"https:\/\/lemotdujour.fr\/index.php?rest_route=%2Fwp%2Fv2%2Fcomments&post=2191"}],"version-history":[{"count":1,"href":"https:\/\/lemotdujour.fr\/index.php?rest_route=\/wp\/v2\/posts\/2191\/revisions"}],"predecessor-version":[{"id":2192,"href":"https:\/\/lemotdujour.fr\/index.php?rest_route=\/wp\/v2\/posts\/2191\/revisions\/2192"}],"wp:attachment":[{"href":"https:\/\/lemotdujour.fr\/index.php?rest_route=%2Fwp%2Fv2%2Fmedia&parent=2191"}],"wp:term":[{"taxonomy":"category","embeddable":true,"href":"https:\/\/lemotdujour.fr\/index.php?rest_route=%2Fwp%2Fv2%2Fcategories&post=2191"},{"taxonomy":"post_tag","embeddable":true,"href":"https:\/\/lemotdujour.fr\/index.php?rest_route=%2Fwp%2Fv2%2Ftags&post=2191"}],"curies":[{"name":"wp","href":"https:\/\/api.w.org\/{rel}","templated":true}]}}