{"id":2189,"date":"2013-09-10T02:00:00","date_gmt":"2013-09-09T22:00:00","guid":{"rendered":"http:\/\/lemotdujour.fr\/?p=2189"},"modified":"2017-05-20T16:01:50","modified_gmt":"2017-05-20T14:01:50","slug":"mardi-10-septembre-2013","status":"publish","type":"post","link":"https:\/\/lemotdujour.fr\/?p=2189","title":{"rendered":"Mardi 10 septembre 2013"},"content":{"rendered":"<div class=\"mdjDate\">Mardi 10 septembre 2013<\/div>\n<div class=\"mdjTexte\">\u00abL&rsquo;Histoire nous appartient et ce sont les peuples qui la font\u00bb<\/div>\n<div class=\"mdjAuteur\">Salvador Allende<\/div>\n<div class=\"mdjComplements\">Demain nous sommes le 11 septembre.<\/div>\n<div class=\"mdjComplements\">Nous nous nous souvenons tous du 11 septembre 2001.<\/div>\n<div class=\"mdjComplements\">Mais il y a 40 ans en 1973, un autre \u00e9v\u00e8nement a eu lieu le 11 septembre. Lors de cet \u00e9v\u00e8nement les Etats Unis n&rsquo;\u00e9taient pas du c\u00f4t\u00e9 des victimes&#8230;<\/div>\n<div class=\"mdjComplements\">Augusto Pinochet et l&rsquo;arm\u00e9e chilienne aid\u00e9e par la CIA ont renvers\u00e9 Salvador Allende \u00e9lu d\u00e9mocratiquement par le peuple chilien.<\/div>\n<div class=\"mdjComplements\">J&rsquo;ai eu le privil\u00e8ge de rencontrer, dans le cadre professionnel \u00e0 Paris, un exil\u00e9 chilien. Apr\u00e8s un long \u00e9change sur ces \u00e9v\u00e8nements, il m&rsquo;avait parl\u00e9 avec beaucoup d&rsquo;\u00e9motion du dernier discours de Salvador Allende avant de mourir. Il me l&rsquo;avait d\u00e9crit comme un des plus extraordinaires discours politique qu&rsquo;il n&rsquo;ait jamais entendu alliant une lucidit\u00e9 sans faille \u00e0 un esprit visionnaire.<\/div>\n<div class=\"mdjComplements\">Je voudrais partager avec vous cet instant d&rsquo;Histoire avec un homme remarquable.<\/div>\n<div class=\"mdjComplements\">Sergio Letellier, qui \u00e9tait le chilien que j&rsquo;ai rencontr\u00e9, m&rsquo;a rapport\u00e9 que Salvador Allende a prononc\u00e9 ce discours d&rsquo;un ton calme et presque d\u00e9tach\u00e9.<\/div>\n<div class=\"mdjComplements\">Quel courage, quelle intelligence !<\/div>\n<div class=\"mdjComplements\">Le dernier discours de Salvador Allende le 11 septembre 1973\u00a0:<\/div>\n<div class=\"mdjCiter\">\u00ab\u00a0Mes amis,<\/div>\n<div class=\"mdjCiter\">C&rsquo;est certainement la derni\u00e8re fois que j&rsquo;aurai \u00e0 m&rsquo;adresser \u00e0 vous. La force a\u00e9rienne a bombard\u00e9 les tours de Radio Portales et de Radio Corporaci\u00f3n. Mes paroles ne sont pas marqu\u00e9es d&rsquo;amertume mais de d\u00e9ception, et seront le ch\u00e2timent moral de ceux qui ont trahi leur serment : les soldats du Chili, les commandants en chef titulaires et l&rsquo;amiral Merino, qui s&rsquo;est promu lui-m\u00eame, sans oublier Monsieur Mendoza, g\u00e9n\u00e9ral perfide qui, hier encore, manifestait sa fid\u00e9lit\u00e9 et sa loyaut\u00e9 au gouvernement, et aujourd&rsquo;hui vient de s&rsquo;autoproclamer directeur g\u00e9n\u00e9ral des carabiniers.<\/div>\n<div class=\"mdjCiter\">Devant ces faits, il n&rsquo;y a qu&rsquo;une seule chose que je puisse dire aux travailleurs : je ne d\u00e9missionnerai pas ! Plac\u00e9 \u00e0 un tournant historique, je paierai de ma vie la loyaut\u00e9 du peuple. Et je suis certain que la semence d\u00e9pos\u00e9e dans la conscience digne de milliers et de milliers de Chiliens ne pourra \u00eatre arrach\u00e9e pour toujours. Ils ont la force, ils pourront asservir, mais les processus sociaux ne s&rsquo;arr\u00eatent ni avec le crime ni avec la force.<\/div>\n<div class=\"mdjCiter\">L&rsquo;histoire nous appartient et ce sont les peuples qui la font.<\/div>\n<div class=\"mdjCiter\">Travailleurs de ma patrie, je tiens \u00e0 vous remercier de votre loyaut\u00e9 de toujours, de la confiance que vous avez d\u00e9pos\u00e9e en un homme qui ne fut que l&rsquo;interpr\u00e8te des grands d\u00e9sirs de justice, qui donna sa parole de respecter la Constitution et la loi, et qui l&rsquo;a tenue.<\/div>\n<div class=\"mdjCiter\">Dans cet instant ultime, le dernier o\u00f9 je puisse m&rsquo;adresser \u00e0 vous, je vous demande que vous mettiez \u00e0 profit cette le\u00e7on : le capital \u00e9tranger et l&rsquo;imp\u00e9rialisme, unis \u00e0 la r\u00e9action, ont cr\u00e9\u00e9 le climat pour que les forces arm\u00e9es rompent leur tradition, celle que leur enseigna le g\u00e9n\u00e9ral Schneider et que r\u00e9affirma le commandant Araya, qui tomb\u00e8rent victimes de la m\u00eame couche sociale qui, aujourd&rsquo;hui, attend bien au chaud qu&rsquo;une main \u00e9trang\u00e8re lui rende le pouvoir pour continuer \u00e0 d\u00e9fendre ses profits et ses privil\u00e8ges.<\/div>\n<div class=\"mdjCiter\">Je m&rsquo;adresse tout d&rsquo;abord \u00e0 la modeste femme de notre terre, \u00e0 la paysanne qui a cru en nous, \u00e0 l&rsquo;ouvri\u00e8re qui a travaill\u00e9 davantage, \u00e0 la m\u00e8re qui a compris notre pr\u00e9occupation pour les enfants.<\/div>\n<div class=\"mdjCiter\">Je m&rsquo;adresse aux travailleurs des professions lib\u00e9rales qui ont eu une conduite patriotique, \u00e0 ceux qui ont agi contre la s\u00e9dition encourag\u00e9e par les organisations corporatives, ordres de classe qui ne cherchent qu&rsquo;\u00e0 d\u00e9fendre les avantages que la soci\u00e9t\u00e9 capitaliste n&rsquo;accorde qu&rsquo;\u00e0 une poign\u00e9e.<\/div>\n<div class=\"mdjCiter\">Je m&rsquo;adresse \u00e0 la jeunesse, \u00e0 ceux qui chant\u00e8rent et communiqu\u00e8rent leur joie et leur esprit de lutte.<\/div>\n<div class=\"mdjCiter\">Je m&rsquo;adresse \u00e0 l&rsquo;homme du Chili, \u00e0 l&rsquo;ouvrier, au paysan, \u00e0 l&rsquo;intellectuel, \u00e0 tous ceux qui seront pers\u00e9cut\u00e9s\u2026 car dans notre pays le fascisme s&rsquo;est d\u00e9j\u00e0 fait conna\u00eetre depuis longtemps dans les attentats terroristes, faisant sauter les ponts, coupant les voies ferr\u00e9es, d\u00e9truisant les ol\u00e9oducs et les gazoducs, b\u00e9n\u00e9ficiant du silence de ceux qui avaient l&rsquo;obligation d&rsquo;assurer la d\u00e9fense&#8230; L&rsquo;histoire les jugera !<\/div>\n<div class=\"mdjCiter\">Radio Magallanes sera s\u00fbrement r\u00e9duite au silence, et le son tranquille de ma voix n&rsquo;arrivera plus jusqu&rsquo;\u00e0 vous.<\/div>\n<div class=\"mdjCiter\">Peu importe, vous continuerez \u00e0 l&rsquo;entendre, je resterai toujours \u00e0 vos c\u00f4t\u00e9s ; mon souvenir sera au moins celui d&rsquo;un homme digne qui fut fid\u00e8le \u00e0 la loyaut\u00e9 des travailleurs.<\/div>\n<div class=\"mdjCiter\">Le peuple doit se d\u00e9fendre, mais ne pas se sacrifier. Le peuple ne doit pas se laisser cribler ni \u00e9craser, mais il ne doit pas non plus se laisser humilier.<\/div>\n<div class=\"mdjCiter\">Travailleurs de ma patrie.<\/div>\n<div class=\"mdjCiter\">Je crois au Chili et en son destin. D&rsquo;autres hommes sauront d\u00e9passer ce moment gris et amer o\u00f9 la trahison pr\u00e9tend s&rsquo;imposer. Allez de l&rsquo;avant et sachez que dans un avenir plus proche que lointain s&rsquo;ouvriront \u00e0 nouveau les larges avenues par o\u00f9 s&rsquo;avancera l&rsquo;homme libre pour construire une soci\u00e9t\u00e9 meilleure.<\/div>\n<div class=\"mdjCiter\">Vive le Chili ! Vive le peuple ! Vivent les travailleurs !<\/div>\n<div class=\"mdjCiter\">Celles-ci sont mes derni\u00e8res paroles.<\/div>\n<div class=\"mdjCiter\">J&rsquo;ai la certitude que mon sacrifice ne sera pas inutile ; j&rsquo;ai la certitude qu&rsquo;il sera tout au moins une le\u00e7on morale pour ch\u00e2tier la f\u00e9lonie, la couardise et la trahison.<\/div>\n<div class=\"mdjCiter\">Salvador Allende\u00a0\u00bb<\/div>\n","protected":false},"excerpt":{"rendered":"<p>Mardi 10 septembre 2013 \u00abL&rsquo;Histoire nous appartient et ce sont les peuples qui la font\u00bb Salvador Allende Demain nous sommes le 11 septembre. Nous nous nous souvenons tous du 11 septembre 2001. Mais il y a 40 ans en 1973,<\/p>\n","protected":false},"author":1,"featured_media":0,"comment_status":"closed","ping_status":"closed","sticky":false,"template":"","format":"standard","meta":{"footnotes":""},"categories":[1],"tags":[],"class_list":["post-2189","post","type-post","status-publish","format-standard","hentry","category-motdujour"],"_links":{"self":[{"href":"https:\/\/lemotdujour.fr\/index.php?rest_route=\/wp\/v2\/posts\/2189","targetHints":{"allow":["GET"]}}],"collection":[{"href":"https:\/\/lemotdujour.fr\/index.php?rest_route=\/wp\/v2\/posts"}],"about":[{"href":"https:\/\/lemotdujour.fr\/index.php?rest_route=\/wp\/v2\/types\/post"}],"author":[{"embeddable":true,"href":"https:\/\/lemotdujour.fr\/index.php?rest_route=\/wp\/v2\/users\/1"}],"replies":[{"embeddable":true,"href":"https:\/\/lemotdujour.fr\/index.php?rest_route=%2Fwp%2Fv2%2Fcomments&post=2189"}],"version-history":[{"count":1,"href":"https:\/\/lemotdujour.fr\/index.php?rest_route=\/wp\/v2\/posts\/2189\/revisions"}],"predecessor-version":[{"id":2190,"href":"https:\/\/lemotdujour.fr\/index.php?rest_route=\/wp\/v2\/posts\/2189\/revisions\/2190"}],"wp:attachment":[{"href":"https:\/\/lemotdujour.fr\/index.php?rest_route=%2Fwp%2Fv2%2Fmedia&parent=2189"}],"wp:term":[{"taxonomy":"category","embeddable":true,"href":"https:\/\/lemotdujour.fr\/index.php?rest_route=%2Fwp%2Fv2%2Fcategories&post=2189"},{"taxonomy":"post_tag","embeddable":true,"href":"https:\/\/lemotdujour.fr\/index.php?rest_route=%2Fwp%2Fv2%2Ftags&post=2189"}],"curies":[{"name":"wp","href":"https:\/\/api.w.org\/{rel}","templated":true}]}}