{"id":2185,"date":"2013-09-06T02:00:00","date_gmt":"2013-09-05T22:00:00","guid":{"rendered":"http:\/\/lemotdujour.fr\/?p=2185"},"modified":"2017-07-14T18:21:27","modified_gmt":"2017-07-14T16:21:27","slug":"vendredi-06-septembre-2013","status":"publish","type":"post","link":"https:\/\/lemotdujour.fr\/?p=2185","title":{"rendered":"Vendredi 06 septembre 2013"},"content":{"rendered":"<div class=\"mdjDate\">Vendredi 06 septembre 2013<\/div>\n<div class=\"mdjTexte\">\u00abJe suis une femme [&#8230;] qui vit dans un monde qui n&rsquo;est plus seulement en noir ou blanc.<br \/>\nParfois, le gris a du bon, c&rsquo;est une planche de salut, un abri contre quelque chose qui aurait pu \u00eatre bien pire.\u00a0\u00bb<\/div>\n<div class=\"mdjAuteur\">Suzanne Perryman<\/div>\n<div class=\"mdjComplements\">Suzanne Perryman est une bloggeuse sur le Huffingtonpost.<\/div>\n<div class=\"mdjComplements\">Elle a une fille handicap\u00e9e et elle a mis sa voiture sur une place d&rsquo;handicap\u00e9, comme il se doit<\/div>\n<div class=\"mdjComplements\">A son retour, un post ist d&rsquo;insulte \u00e9tait coll\u00e9 sur son pare brise.<\/div>\n<div class=\"mdjComplements\">Alors elle a \u00e9crit un beau message \u00e0 l&rsquo;auteur anonyme, dont voici un extrait :<\/div>\n<div class=\"mdjComplements\" style=\"padding-left: 30px;\"><span style=\"color: #800000;\">\u00abJe pense que je vous connais&#8230; Vraiment. Avant de devenir maman, je vivais dans votre monde o\u00f9 tout est blanc ou noir, o\u00f9 chaque chose est \u00e0 sa place.<\/span><\/div>\n<div class=\"mdjComplements\" style=\"padding-left: 30px;\"><span style=\"color: #800000;\">J&rsquo;avais un programme, un emploi du temps, des \u00ab\u00a0to-do lists\u00a0\u00bb, etc.<\/span><\/div>\n<div class=\"mdjComplements\" style=\"padding-left: 30px;\"><span style=\"color: #800000;\">Ce doit \u00eatre merveilleux d&rsquo;avoir une vie si structur\u00e9e, si fiable, si pr\u00e9visible que vous vous accrochez \u00e0 cette ligne s\u00e9parant le bien du mal, le blanc du noir et que vous vous sentez oblig\u00e9 de faire un commentaire lorsque vous pensez que quelqu&rsquo;un franchi la ligne.<\/span><\/div>\n<div class=\"mdjComplements\" style=\"padding-left: 30px;\"><span style=\"color: #800000;\">Mais cette fois, dans votre empressement \u00e0 garder les choses bien nettes et ordonn\u00e9es, vous n&rsquo;avez pas tout vu. J&rsquo;imagine que vous n&rsquo;avez pas vu le permis \u00ab\u00a0handicap\u00e9\u00a0\u00bb pendant \u00e0 mon r\u00e9troviseur, me donnant la permission de me garer pr\u00e8s de l&rsquo;entr\u00e9e. Vous n&rsquo;avez pas vu le syst\u00e8me d&rsquo;acc\u00e8s pour fauteuil roulant install\u00e9 \u00e0 l&rsquo;arri\u00e8re de ma voiture, et vous ne m&rsquo;avez pas vue sortir le fauteuil manuel rose de ma petite fille que nous utilisons pour les d\u00e9placements \u00ab\u00a0rapides\u00a0\u00bb.<\/span><\/div>\n<div class=\"mdjComplements\" style=\"padding-left: 30px;\"><span style=\"color: #800000;\">Peut-\u00eatre que vous n&rsquo;avez vu que ma fille a\u00een\u00e9e et moi, et pas le petit fauteuil rose bonbon de Zo\u00e9.<\/span><\/div>\n<div class=\"mdjComplements\" style=\"padding-left: 30px;\"><span style=\"color: #800000;\">[&#8230;]<\/span><\/div>\n<div class=\"mdjComplements\" style=\"padding-left: 30px;\"><span style=\"color: #800000;\">Je sais d&rsquo;o\u00f9 vous venez. J&rsquo;ai v\u00e9cu l\u00e0-bas aussi. [&#8230;] Et puis je suis devenue maman.<\/span><\/div>\n<div class=\"mdjComplements\" style=\"padding-left: 30px;\"><span style=\"color: #800000;\">Et contre toute attente, maman d&rsquo;un enfant handicap\u00e9. Un enfant dont la dur\u00e9e de vie ne peut pas \u00eatre garantie, dont le pronostic est non d\u00e9finitif, et qui n&rsquo;a pas de programmes de traitements pr\u00e9cis.<\/span><\/div>\n<div class=\"mdjComplements\" style=\"padding-left: 30px;\"><span style=\"color: #800000;\">Heureusement, ma famille est entour\u00e9e de bons m\u00e9decins, a une attitude positive et une belle vie.<\/span><\/div>\n<div class=\"mdjComplements\" style=\"padding-left: 30px;\"><span style=\"color: #800000;\">Ma vie est belle, mais elle ne peut plus \u00eatre structur\u00e9e aussi facilement. Ma peau n&rsquo;est pas si saine, mes cheveux jouent souvent aux rebelles, les yeux sont souvent fatigu\u00e9s. Je me r\u00e9veille plusieurs fois par nuit, je me l\u00e8ve \u00e0 5 heures et je marche \u00e0 plein r\u00e9gime jusqu&rsquo;\u00e0 21 heures, pourtant toujours d\u00e9termin\u00e9e \u00e0 en faire plus, jour apr\u00e8s jour. Mes amis me manquent, les r\u00e9ussites professionnelles autrefois si faciles \u00e0 accomplir, mais votre monde, lui, ne me manque pas.<\/span><\/div>\n<div class=\"mdjComplements\" style=\"padding-left: 30px;\"><span style=\"color: #800000;\">Je suis une femme plus g\u00e9n\u00e9reuse qui vit dans un monde qui n&rsquo;est plus seulement en noir ou blanc. Parfois, le gris a du bon, c&rsquo;est une planche de salut, un abri contre quelque chose qui aurait pu \u00eatre bien pire. Mes priorit\u00e9s ont \u00e9t\u00e9 r\u00e9organis\u00e9es et d\u00e9sormais, je ne penserai plus jamais \u00e0 juger qui que ce soit.\u00bb<\/span><\/div>\n<div class=\"mdjComplements\">Pour l&rsquo;int\u00e9gralit\u00e9 du message c&rsquo;est derri\u00e8re ce lien :<\/div>\n<div class=\"mdjComplements\"><a href=\"http:\/\/www.huffingtonpost.fr\/suzanne-perryman-\/mere-enfant-handicape_b_3854514.html?utm_hp_ref=france%20\"><span style=\"color: #0000ff;\">&lt; huffingtonpost.fr suzanne-perryman&gt;<\/span><\/a><\/div>\n<div><span style=\"color: #800000;\">&lt;152&gt;<\/span><\/div>\n","protected":false},"excerpt":{"rendered":"<p>Vendredi 06 septembre 2013 \u00abJe suis une femme [&#8230;] qui vit dans un monde qui n&rsquo;est plus seulement en noir ou blanc. Parfois, le gris a du bon, c&rsquo;est une planche de salut, un abri contre quelque chose qui aurait<\/p>\n","protected":false},"author":1,"featured_media":0,"comment_status":"closed","ping_status":"closed","sticky":false,"template":"","format":"standard","meta":{"footnotes":""},"categories":[1],"tags":[6,14],"class_list":["post-2185","post","type-post","status-publish","format-standard","hentry","category-motdujour","tag-philosophie","tag-recit"],"_links":{"self":[{"href":"https:\/\/lemotdujour.fr\/index.php?rest_route=\/wp\/v2\/posts\/2185","targetHints":{"allow":["GET"]}}],"collection":[{"href":"https:\/\/lemotdujour.fr\/index.php?rest_route=\/wp\/v2\/posts"}],"about":[{"href":"https:\/\/lemotdujour.fr\/index.php?rest_route=\/wp\/v2\/types\/post"}],"author":[{"embeddable":true,"href":"https:\/\/lemotdujour.fr\/index.php?rest_route=\/wp\/v2\/users\/1"}],"replies":[{"embeddable":true,"href":"https:\/\/lemotdujour.fr\/index.php?rest_route=%2Fwp%2Fv2%2Fcomments&post=2185"}],"version-history":[{"count":3,"href":"https:\/\/lemotdujour.fr\/index.php?rest_route=\/wp\/v2\/posts\/2185\/revisions"}],"predecessor-version":[{"id":2778,"href":"https:\/\/lemotdujour.fr\/index.php?rest_route=\/wp\/v2\/posts\/2185\/revisions\/2778"}],"wp:attachment":[{"href":"https:\/\/lemotdujour.fr\/index.php?rest_route=%2Fwp%2Fv2%2Fmedia&parent=2185"}],"wp:term":[{"taxonomy":"category","embeddable":true,"href":"https:\/\/lemotdujour.fr\/index.php?rest_route=%2Fwp%2Fv2%2Fcategories&post=2185"},{"taxonomy":"post_tag","embeddable":true,"href":"https:\/\/lemotdujour.fr\/index.php?rest_route=%2Fwp%2Fv2%2Ftags&post=2185"}],"curies":[{"name":"wp","href":"https:\/\/api.w.org\/{rel}","templated":true}]}}