{"id":2181,"date":"2013-09-04T02:00:00","date_gmt":"2013-09-03T22:00:00","guid":{"rendered":"http:\/\/lemotdujour.fr\/?p=2181"},"modified":"2020-11-29T21:39:32","modified_gmt":"2020-11-29T20:39:32","slug":"mercredi-04-septembre-2013","status":"publish","type":"post","link":"https:\/\/lemotdujour.fr\/?p=2181","title":{"rendered":"Mercredi 04 septembre 2013"},"content":{"rendered":"<div class=\"mdjDate\">Mercredi 04 septembre 2013<\/div>\n<div class=\"mdjTexte\">\u00abLes r\u00e9sistants c&rsquo;est comme les trotskystes<br \/>\nAvec un, tu fais un Parti<br \/>\navec deux, tu fais un congr\u00e8s<br \/>\navec 3, tu fais une scission\u00bb<\/div>\n<div class=\"mdjAuteur\">Georges Bidault<\/div>\n<div class=\"mdjComplements\">Lyon a \u00e9t\u00e9 lib\u00e9r\u00e9e le 3 septembre 1944<\/div>\n<div class=\"mdjComplements\">Lyon \u00e9tait aussi la capitale de la r\u00e9sistance.<\/div>\n<div class=\"mdjComplements\">J&rsquo;ai \u00e9cout\u00e9 une \u00e9mission \u00abla Marche de l&rsquo;Histoire\u00bb o\u00f9 Daniel Cordier (le secr\u00e9taire de jean Moulin \u00e0 Lyon) \u00e9tait invit\u00e9. Il a insist\u00e9 sur le fait qu&rsquo;au d\u00e9but le nombre de r\u00e9sistants, notamment \u00e0 Lyon, \u00e9tait tr\u00e8s faible.<\/div>\n<div class=\"mdjComplements\">Et il a rapport\u00e9 ce propos tr\u00e8s dr\u00f4le de Georges Bidault qui constitue le mot du jour.<\/div>\n<div class=\"mdjComplements\">Georges Bidault \u00e9tait professeur d&rsquo;Histoire au Lyc\u00e9e du Parc de Lyon pendant la guerre<\/div>\n<div class=\"mdjComplements\">Il a appartenu au r\u00e9seau \u00abCombat\u00bb \u00e0 Lyon et succ\u00e8de \u00e0 Jean Moulin en juin 1943 comme pr\u00e9sident du Conseil national de la r\u00e9sistance<\/div>\n<div class=\"mdjComplements\">Il devient d\u00e9put\u00e9 de la Loire en 1945 et il est deux fois pr\u00e9sident du Conseil avant la V\u00e8me r\u00e9publique.<\/div>\n<div><span style=\"color: #800000;\">&lt;150&gt;<\/span><\/div>\n","protected":false},"excerpt":{"rendered":"<p>Mercredi 04 septembre 2013 \u00abLes r\u00e9sistants c&rsquo;est comme les trotskystes Avec un, tu fais un Parti avec deux, tu fais un congr\u00e8s avec 3, tu fais une scission\u00bb Georges Bidault Lyon a \u00e9t\u00e9 lib\u00e9r\u00e9e le 3 septembre 1944 Lyon \u00e9tait<\/p>\n","protected":false},"author":1,"featured_media":0,"comment_status":"closed","ping_status":"closed","sticky":false,"template":"","format":"standard","meta":{"footnotes":""},"categories":[1],"tags":[15,17,111],"class_list":["post-2181","post","type-post","status-publish","format-standard","hentry","category-motdujour","tag-france","tag-histoire","tag-resistance"],"_links":{"self":[{"href":"https:\/\/lemotdujour.fr\/index.php?rest_route=\/wp\/v2\/posts\/2181","targetHints":{"allow":["GET"]}}],"collection":[{"href":"https:\/\/lemotdujour.fr\/index.php?rest_route=\/wp\/v2\/posts"}],"about":[{"href":"https:\/\/lemotdujour.fr\/index.php?rest_route=\/wp\/v2\/types\/post"}],"author":[{"embeddable":true,"href":"https:\/\/lemotdujour.fr\/index.php?rest_route=\/wp\/v2\/users\/1"}],"replies":[{"embeddable":true,"href":"https:\/\/lemotdujour.fr\/index.php?rest_route=%2Fwp%2Fv2%2Fcomments&post=2181"}],"version-history":[{"count":3,"href":"https:\/\/lemotdujour.fr\/index.php?rest_route=\/wp\/v2\/posts\/2181\/revisions"}],"predecessor-version":[{"id":10243,"href":"https:\/\/lemotdujour.fr\/index.php?rest_route=\/wp\/v2\/posts\/2181\/revisions\/10243"}],"wp:attachment":[{"href":"https:\/\/lemotdujour.fr\/index.php?rest_route=%2Fwp%2Fv2%2Fmedia&parent=2181"}],"wp:term":[{"taxonomy":"category","embeddable":true,"href":"https:\/\/lemotdujour.fr\/index.php?rest_route=%2Fwp%2Fv2%2Fcategories&post=2181"},{"taxonomy":"post_tag","embeddable":true,"href":"https:\/\/lemotdujour.fr\/index.php?rest_route=%2Fwp%2Fv2%2Ftags&post=2181"}],"curies":[{"name":"wp","href":"https:\/\/api.w.org\/{rel}","templated":true}]}}